{"id":33227,"date":"2021-03-13T17:06:08","date_gmt":"2021-03-13T17:06:08","guid":{"rendered":"https:\/\/redsemlac.com\/semmexico\/?p=33227"},"modified":"2023-07-21T16:53:05","modified_gmt":"2023-07-21T21:53:05","slug":"disparan-a-vivienda-de-precandidata-de-morena-a-municipe-de-zimatlan-oaxaca","status":"publish","type":"post","link":"https:\/\/redsemlac.com\/semmexico\/disparan-a-vivienda-de-precandidata-de-morena-a-municipe-de-zimatlan-oaxaca\/","title":{"rendered":"Disparan a vivienda de precandidata de Morena a mun\u00edcipe de Zimatl\u00e1n, Oaxaca"},"content":{"rendered":"\n<ul class=\"wp-block-list\"><li><strong>Pide a Fiscal\u00eda se investiguen los hechos<\/strong><\/li><li><strong>Asegura Aim\u00e9 Rodr\u00edguez que el ataque tiene que ver con su trabajo pol\u00edtico<\/strong><\/li><\/ul>\n\n\n\n<p class=\"wp-block-paragraph\"><strong>Patricia Brise\u00f1o<\/strong><\/p>\n\n\n\n<p class=\"wp-block-paragraph\">SemM\u00e9xico, Oaxaca, 13 de marzo, 2021.- Sujetos desconocidos dispararon a la fachada de la vivienda de la precandidata del Partido Morena a presidenta municipal en Zimatl\u00e1n de \u00c1lvarez, Aim\u00e9 Rodr\u00edguez V\u00e1squez, denunci\u00f3 la misma agraviada, quien dijo teme por su vida y la de su familia, por lo que demand\u00f3 una investigaci\u00f3n pronta a la Fiscal\u00eda General del Estado de Oaxaca (FGE).<\/p>\n\n\n\n<p class=\"wp-block-paragraph\">De acuerdo con la versi\u00f3n que la aspirante difundi\u00f3 en sus redes sociales la madrugada del viernes alrededor de las 04:00 horas varios impactos de arma de fuego hicieron blanco en su domicilio.<\/p>\n\n\n\n<p class=\"wp-block-paragraph\">\u00abLa madrugada del d\u00eda de hoy mi paz, mi integridad y mi vida fue interrumpida por personas a bordo de una motocicleta, quienes dirigieron directamente a mi domicilio, disparos de arma de fuego\u00bb, expuso en una transmisi\u00f3n en vivo desde la representaci\u00f3n de la Fiscal\u00eda.<\/p>\n\n\n\n<p class=\"wp-block-paragraph\">\u201cYo me encuentro muy temerosa. Estoy a la expectativa de que me pueda ocurrir algo a mi o a familia. Ustedes saben que tengo una intenci\u00f3n pol\u00edtica. Me queda claro, esa es la raz\u00f3n por la que estoy siendo atacada\u201d.<\/p>\n\n\n\n<p class=\"wp-block-paragraph\">Los disparos que irrumpieron el sue\u00f1o de la familia de Aim\u00e9 Rodr\u00edguez V\u00e1squez, as\u00ed como de sus vecinos, hizo que pidieron el auxilio de la Polic\u00eda Municipal, adem\u00e1s de agentes estatales de Investigaci\u00f3n.<\/p>\n\n\n\n<p class=\"wp-block-paragraph\">Durante la inspecci\u00f3n ocular fuera de la casa se encontraron tres casquillos del calibre 9 mil\u00edmetros, y no se reportaron personas lesionadas.<\/p>\n\n\n\n<p class=\"wp-block-paragraph\">El agente del Ministerio P\u00fablico comisionado en Zimatl\u00e1n de \u00c1lvarez inici\u00f3 la carpeta de investigaci\u00f3n por el delito de da\u00f1os y disparo de arma de fuego.<\/p>\n\n\n\n<p class=\"wp-block-paragraph\">En su enlace, Rodr\u00edguez V\u00e1squez expuso: \u00abNo respetaron mi casa, se metieron con mi familia. Atentaron contra mi vida, la vida de mis hijos, la de mi esposo, eso me parece un acto de cobard\u00eda. Un acto reprobable para las mujeres y los hombres. Me molesta que act\u00faen as\u00ed\u201d.<\/p>\n\n\n\n<p class=\"wp-block-paragraph\">El testimonio de la aspirante a alcaldesa refri\u00f3 que el ataque armado \u00abtiene que ver con el apoyo por parte de la ciudadan\u00eda. Este es un acto de violencia pol\u00edtica, sin embargo, estoy de pie. Esto me da fortaleza\u201d.<\/p>\n\n\n\n<p class=\"wp-block-paragraph\">Finalmente, mencion\u00f3 que la Fiscal\u00eda tiene la obligaci\u00f3n de darle el acompa\u00f1amiento para encontrar a los responsables de intimidarla. Ese es mi derecho. Les aviso (amigos) que estoy en peligro\u201d.<\/p>\n\n\n\n<p class=\"wp-block-paragraph\">SEM\/pb\/sj<\/p>\n","protected":false},"excerpt":{"rendered":"<p>Pide a Fiscal\u00eda se investiguen los hechos<\/p>\n","protected":false},"author":3,"featured_media":33228,"comment_status":"open","ping_status":"open","sticky":false,"template":"","format":"standard","meta":{"_monsterinsights_skip_tracking":false,"footnotes":""},"categories":[692,141],"tags":[],"class_list":["post-33227","post","type-post","status-publish","format-standard","has-post-thumbnail","category-692","category-elecciones-2020-2021"],"_links":{"self":[{"href":"https:\/\/redsemlac.com\/semmexico\/wp-json\/wp\/v2\/posts\/33227","targetHints":{"allow":["GET"]}}],"collection":[{"href":"https:\/\/redsemlac.com\/semmexico\/wp-json\/wp\/v2\/posts"}],"about":[{"href":"https:\/\/redsemlac.com\/semmexico\/wp-json\/wp\/v2\/types\/post"}],"author":[{"embeddable":true,"href":"https:\/\/redsemlac.com\/semmexico\/wp-json\/wp\/v2\/users\/3"}],"replies":[{"embeddable":true,"href":"https:\/\/redsemlac.com\/semmexico\/wp-json\/wp\/v2\/comments?post=33227"}],"version-history":[{"count":0,"href":"https:\/\/redsemlac.com\/semmexico\/wp-json\/wp\/v2\/posts\/33227\/revisions"}],"wp:featuredmedia":[{"embeddable":true,"href":"https:\/\/redsemlac.com\/semmexico\/wp-json\/wp\/v2\/media\/33228"}],"wp:attachment":[{"href":"https:\/\/redsemlac.com\/semmexico\/wp-json\/wp\/v2\/media?parent=33227"}],"wp:term":[{"taxonomy":"category","embeddable":true,"href":"https:\/\/redsemlac.com\/semmexico\/wp-json\/wp\/v2\/categories?post=33227"},{"taxonomy":"post_tag","embeddable":true,"href":"https:\/\/redsemlac.com\/semmexico\/wp-json\/wp\/v2\/tags?post=33227"}],"curies":[{"name":"wp","href":"https:\/\/api.w.org\/{rel}","templated":true}]}}