{"id":33224,"date":"2021-03-13T17:03:23","date_gmt":"2021-03-13T17:03:23","guid":{"rendered":"https:\/\/redsemlac.com\/semmexico\/?p=33224"},"modified":"2023-07-21T16:53:05","modified_gmt":"2023-07-21T21:53:05","slug":"reconocen-labor-de-las-mujeres-en-la-fiscalia-de-quintana-roo","status":"publish","type":"post","link":"https:\/\/redsemlac.com\/semmexico\/reconocen-labor-de-las-mujeres-en-la-fiscalia-de-quintana-roo\/","title":{"rendered":"Reconocen labor de las mujeres en la Fiscal\u00eda de Quintana Roo"},"content":{"rendered":"\n<ul class=\"wp-block-list\"><li><strong>53 trabajadoras son distinguidas con apoyo econ\u00f3mico y diploma por su profesionalismo<\/strong><\/li><li><strong>Mujeres 54 % en la labor de peritas, el 56 % como fiscales del MP<\/strong><\/li><\/ul>\n\n\n\n<p class=\"wp-block-paragraph\"><strong>\u00c1ngeles G\u00f3mez<\/strong><\/p>\n\n\n\n<p class=\"wp-block-paragraph\">SemM\u00e9xico, Solidaridad, Quintana Roo., 13 de marzo, 2021.- La Fiscal\u00eda General del Estado de Quintana Roo entreg\u00f3 reconocimientos a 53 servidoras p\u00fablicas, por su destacada labor y profesionalismo en la instituci\u00f3n esto en el marco de la Conmemoraci\u00f3n del D\u00eda Internacional de la Mujer.<\/p>\n\n\n\n<p class=\"wp-block-paragraph\">El fiscal general \u00d3scar Montes de Oca Rosales se\u00f1al\u00f3 que este a\u00f1o implic\u00f3 un reto para las mujeres por la presencia del Covid 19 y result\u00f3 un aumento en la carga de trabajo: el cumplir con las labores encomendadas en el terreno laboral, pero tambi\u00e9n las labores dom\u00e9sticas y en su caso, las actividades acad\u00e9micas. No obstante, su desempe\u00f1o permiti\u00f3 el desarrollo de acciones en materia de procuraci\u00f3n de justicia.<\/p>\n\n\n\n<p class=\"wp-block-paragraph\">Al entregar un diploma y est\u00edmulo econ\u00f3mico como parte del reconocimiento a su desempe\u00f1o profesional, el fiscal quintanarroense destac\u00f3 que este d\u00eda \u201ces un momento que nos invita a reflexionar el contexto en que las mujeres viven actualmente, despu\u00e9s de haber recorrido un largo camino desde los inicios del movimiento feminista\u201d ya que representa la lucha por garantizar que las mujeres gocen de sus derechos en igualdad con los hombres, que se eliminen todas las formas de discriminaci\u00f3n, se reconozca su integraci\u00f3n y su contribuci\u00f3n al fortalecimiento de la paz mundial.<\/p>\n\n\n\n<p class=\"wp-block-paragraph\">En la FGE Quintana Roo, se reconoce la importancia de las mujeres por sus conocimientos, habilidades y capacidades que aportan en beneficio de la sociedad quintanarroense ya que ocupan el 54 por ciento en la labor de peritas, el 56 por ciento como fiscales del ministerio p\u00fablico, el 65 por ciento como facilitadoras, el 55 por ciento en puestos administrativos y el 45.8 por ciento en mandos medios y altos.<\/p>\n\n\n\n<p class=\"wp-block-paragraph\">La Fiscal\u00eda General del Estado de Quintana Roo se encuentra comprometida con su lucha en la igualdad de g\u00e9nero para que esta impere en su interior, en las investigaciones, acciones, programas, y por supuesto en el capital humano y recalca la disposici\u00f3n para aumentar el porcentaje de mujeres dentro del personal operativo.<\/p>\n\n\n\n<p class=\"wp-block-paragraph\">La Fiscal\u00eda General del Estado de Quintan Roo, reconocemos a las mujeres que luchan por la igualdad de condiciones en una sociedad que paso a paso se transforma, en el entendimiento de que todas las personas somos iguales y tenemos los mismos derechos<\/p>\n\n\n\n<p class=\"wp-block-paragraph\">SEM\/ag\/sj<\/p>\n","protected":false},"excerpt":{"rendered":"<p>53 trabajadoras son distinguidas con apoyo econ\u00f3mico y diploma por su profesionalismo<\/p>\n","protected":false},"author":3,"featured_media":33225,"comment_status":"open","ping_status":"open","sticky":false,"template":"","format":"standard","meta":{"_monsterinsights_skip_tracking":false,"footnotes":""},"categories":[692,51],"tags":[],"class_list":["post-33224","post","type-post","status-publish","format-standard","has-post-thumbnail","category-692","category-ejecutivo"],"_links":{"self":[{"href":"https:\/\/redsemlac.com\/semmexico\/wp-json\/wp\/v2\/posts\/33224","targetHints":{"allow":["GET"]}}],"collection":[{"href":"https:\/\/redsemlac.com\/semmexico\/wp-json\/wp\/v2\/posts"}],"about":[{"href":"https:\/\/redsemlac.com\/semmexico\/wp-json\/wp\/v2\/types\/post"}],"author":[{"embeddable":true,"href":"https:\/\/redsemlac.com\/semmexico\/wp-json\/wp\/v2\/users\/3"}],"replies":[{"embeddable":true,"href":"https:\/\/redsemlac.com\/semmexico\/wp-json\/wp\/v2\/comments?post=33224"}],"version-history":[{"count":0,"href":"https:\/\/redsemlac.com\/semmexico\/wp-json\/wp\/v2\/posts\/33224\/revisions"}],"wp:featuredmedia":[{"embeddable":true,"href":"https:\/\/redsemlac.com\/semmexico\/wp-json\/wp\/v2\/media\/33225"}],"wp:attachment":[{"href":"https:\/\/redsemlac.com\/semmexico\/wp-json\/wp\/v2\/media?parent=33224"}],"wp:term":[{"taxonomy":"category","embeddable":true,"href":"https:\/\/redsemlac.com\/semmexico\/wp-json\/wp\/v2\/categories?post=33224"},{"taxonomy":"post_tag","embeddable":true,"href":"https:\/\/redsemlac.com\/semmexico\/wp-json\/wp\/v2\/tags?post=33224"}],"curies":[{"name":"wp","href":"https:\/\/api.w.org\/{rel}","templated":true}]}}