{"id":33218,"date":"2021-03-13T16:38:40","date_gmt":"2021-03-13T16:38:40","guid":{"rendered":"https:\/\/redsemlac.com\/semmexico\/?p=33218"},"modified":"2023-07-21T16:53:06","modified_gmt":"2023-07-21T21:53:06","slug":"mujeresnet-info-portal-de-periodismo-feminista-celebra-su-xv-aniversario","status":"publish","type":"post","link":"https:\/\/redsemlac.com\/semmexico\/mujeresnet-info-portal-de-periodismo-feminista-celebra-su-xv-aniversario\/","title":{"rendered":"Mujeresnet.info, portal de periodismo feminista, celebra su XV Aniversario"},"content":{"rendered":"\n<ul class=\"wp-block-list\"><li><strong>La defensa y el ejercicio del derecho de las mujeres a comunicar, fundamental en la lucha contra el patriarcado: Elsa Lever<\/strong><\/li><li><strong>Pionero del periodismo feminista en la era digital, genera y difunde informaci\u00f3n feminista<\/strong><\/li><\/ul>\n\n\n\n<p class=\"wp-block-paragraph\">SemM\u00e9xico, Ciudad de M\u00e9xico, 13 de marzo de 2021.- La dif\u00edcil situaci\u00f3n actual de los derechos humanos de las mujeres sigue haciendo indispensable la denuncia, el cuestionamiento y el trabajo \u00e9tico de medios de comunicaci\u00f3n como MujeresNet.info, as\u00ed como la visi\u00f3n fresca e innovadora de las j\u00f3venes comprometidas con esta lucha, se\u00f1al\u00f3 Elsa Lever Montoya, fundadora y directora del portal que este d\u00eda cumple 15 a\u00f1os de vida.<\/p>\n\n\n\n<p class=\"wp-block-paragraph\">\u201cTirar el patriarcado es la apuesta, y para ello la defensa y el ejercicio del derecho de las mujeres a comunicar, es fundamental\u201d, reconoci\u00f3 la comunicadora de esta revista mensual en l\u00ednea, pionera del periodismo feminista en la era digital, la cual tiene como objetivos difundir el pensamiento feminista y los estudios de g\u00e9nero, generar y distribuir informaci\u00f3n feminista y reflexionar y debatir sobre asuntos urgentes y prioritarios para una agenda mundial de g\u00e9nero.<\/p>\n\n\n\n<p class=\"wp-block-paragraph\">El portal \u2014que naci\u00f3 como blog y luego se convirti\u00f3 en una p\u00e1gina web\u2014 ha favorecido el intercambio de experiencias e informaci\u00f3n, ha establecido puentes entre las redes de mujeres periodistas por la igualdad de g\u00e9nero, promovido el uso de las nuevas tecnolog\u00edas de informaci\u00f3n y comunicaci\u00f3n y visibilizar los mecanismos de poder, violencia y control ejercidos sobre todo contra las mujeres.<\/p>\n\n\n\n<p class=\"wp-block-paragraph\">Mujeresnet.info se ha nutrido del trabajo intelectual, de ideales, experiencias y del invaluable apoyo de m\u00e1s de cien mujeres periodistas, poetas, acad\u00e9micas, escritoras, pol\u00edticas y activistas, quienes en estos 15 a\u00f1os han contribuido a fortalecerla como tribuna en esta era digital. La mayor\u00eda proviene de Fem, la primera revista feminista en Am\u00e9rica Latina (1976-2005), fundada por Ala\u00edde Foppa, Margarita Garc\u00eda Flores y Carmen Lugo, entre otras reconocidas feministas de esa \u00e9poca.<\/p>\n\n\n\n<p class=\"wp-block-paragraph\">Entre las colaboradoras se encuentran periodistas de reconocida trayectoria que han obtenido reconocimientos y medallas, ganado cert\u00e1menes de trabajos period\u00edsticos, formado parte de jurados de premios de periodismo, presidido asociaciones de comunicadores, escrito art\u00edculos y libros y colaborado en otros portales como SemM\u00e9xico.<\/p>\n\n\n\n<p class=\"wp-block-paragraph\">Asimismo, indica Elsa Lever, Mujeresnet.info ha sido escuela de formaci\u00f3n y pr\u00e1ctica para j\u00f3venes y estudiantes de Comunicaci\u00f3n, quienes adem\u00e1s de conocer el \u00e1mbito digital y los medios de comunicaci\u00f3n, han incorporado la perspectiva feminista en su actividad profesional.<\/p>\n\n\n\n<p class=\"wp-block-paragraph\">La importancia y trascendencia de <em>MujeresNet.info<\/em> como medio especializado en informaci\u00f3n feminista, se refleja en su alcance m\u00e1s all\u00e1 de nuestras fronteras. Los pa\u00edses y comunidades m\u00e1s fieles a sus contenidos son, en este orden: Estados Unidos, la Uni\u00f3n Europea, sobre todo Espa\u00f1a, y Argentina. Le siguen Chile, Canad\u00e1, Colombia, Venezuela y los Pa\u00edses Bajos.<\/p>\n\n\n\n<p class=\"wp-block-paragraph\">Elsa Lever es licenciada en periodismo por la Universidad del Distrito Federal, as\u00ed como maestra en comunicaci\u00f3n y doctora en Ciencias Pol\u00edticas y Sociales, con orientaci\u00f3n en Comunicaci\u00f3n, posgrados cursados en la Facultad de Ciencias Pol\u00edticas y Sociales de la Universidad Nacional Aut\u00f3noma de M\u00e9xico (UNAM).<\/p>\n\n\n\n<p class=\"wp-block-paragraph\">Sem\/glg\/<\/p>\n","protected":false},"excerpt":{"rendered":"<p>Pionero del periodismo feminista en la era digital, genera y difunde informaci\u00f3n feminista<\/p>\n","protected":false},"author":3,"featured_media":33219,"comment_status":"open","ping_status":"open","sticky":false,"template":"","format":"standard","meta":{"_monsterinsights_skip_tracking":false,"footnotes":""},"categories":[692,54],"tags":[],"class_list":["post-33218","post","type-post","status-publish","format-standard","has-post-thumbnail","category-692","category-mujeres"],"_links":{"self":[{"href":"https:\/\/redsemlac.com\/semmexico\/wp-json\/wp\/v2\/posts\/33218","targetHints":{"allow":["GET"]}}],"collection":[{"href":"https:\/\/redsemlac.com\/semmexico\/wp-json\/wp\/v2\/posts"}],"about":[{"href":"https:\/\/redsemlac.com\/semmexico\/wp-json\/wp\/v2\/types\/post"}],"author":[{"embeddable":true,"href":"https:\/\/redsemlac.com\/semmexico\/wp-json\/wp\/v2\/users\/3"}],"replies":[{"embeddable":true,"href":"https:\/\/redsemlac.com\/semmexico\/wp-json\/wp\/v2\/comments?post=33218"}],"version-history":[{"count":0,"href":"https:\/\/redsemlac.com\/semmexico\/wp-json\/wp\/v2\/posts\/33218\/revisions"}],"wp:featuredmedia":[{"embeddable":true,"href":"https:\/\/redsemlac.com\/semmexico\/wp-json\/wp\/v2\/media\/33219"}],"wp:attachment":[{"href":"https:\/\/redsemlac.com\/semmexico\/wp-json\/wp\/v2\/media?parent=33218"}],"wp:term":[{"taxonomy":"category","embeddable":true,"href":"https:\/\/redsemlac.com\/semmexico\/wp-json\/wp\/v2\/categories?post=33218"},{"taxonomy":"post_tag","embeddable":true,"href":"https:\/\/redsemlac.com\/semmexico\/wp-json\/wp\/v2\/tags?post=33218"}],"curies":[{"name":"wp","href":"https:\/\/api.w.org\/{rel}","templated":true}]}}