{"id":33209,"date":"2021-03-12T18:31:55","date_gmt":"2021-03-12T18:31:55","guid":{"rendered":"https:\/\/redsemlac.com\/semmexico\/?p=33209"},"modified":"2023-07-21T16:53:06","modified_gmt":"2023-07-21T21:53:06","slug":"la-decision-del-senado-contra-los-derechos-de-las-mujeres-en-mexico","status":"publish","type":"post","link":"https:\/\/redsemlac.com\/semmexico\/la-decision-del-senado-contra-los-derechos-de-las-mujeres-en-mexico\/","title":{"rendered":"La decisi\u00f3n del Senado contra los derechos de las mujeres en M\u00e9xico"},"content":{"rendered":"\n<p class=\"wp-block-paragraph\">SemM\u00e9xico. 12 de marzo de 2021.- El pasado 8 de marzo mientras miles de mujeres en todo el pa\u00eds sal\u00edan a exigir un alto a la violencia feminicida y el respeto a sus derechos, a las 19:59 horas, el\u00a0<strong>Senado de la Rep\u00fablica<\/strong>\u00a0public\u00f3 una fotograf\u00eda en su cuenta de Twitter donde se observa su edificio iluminado por una luz violeta y un mensaje:<\/p>\n\n\n\n<p class=\"wp-block-paragraph\">\u201cContra la violencia, la desigualdad y el acoso se ilumina hoy el Senado, \u00f3rgano legislativo comprometido con el #8M2021\u201d<\/p>\n\n\n\n<p class=\"wp-block-paragraph\">Sin embargo, un poco antes, a las 15:16 exactamente (en lo que encapsulaban y gaseaban a las mujeres manifestantes en el Z\u00f3calo de Ciudad de M\u00e9xico) se public\u00f3 un bolet\u00edn desde su p\u00e1gina de internet avisando la aprobaci\u00f3n de las comisiones de Justicia y de Estudios Legislativos Segunda al dictamen que expide&nbsp;<strong>la nueva ley de la Fiscal\u00eda General de la Rep\u00fablica, as\u00ed como su salida de sistemas nacionales&nbsp;<\/strong>previstos en otras normas.<\/p>\n\n\n\n<p class=\"wp-block-paragraph\">No vamos a entrar en todo el deslinde de responsabilidades que esto significa, expertos como Lorena Delgadillo P\u00e9rez y Eduardo Rojas Valdez ya describieron la propuesta entera como un grave retroceso que abona a la impunidad,&nbsp;<a href=\"https:\/\/www.proceso.com.mx\/opinion\/2021\/3\/9\/el-senado-su-responsabilidad-en-la-impunidad-259719.html\">https:\/\/www.proceso.com.mx\/opinion\/2021\/3\/9\/el-senado-su-responsabilidad-en-la-impunidad-259719.html<\/a>&nbsp;as\u00ed que vamos a abordar solo uno de los sistemas que tiene relaci\u00f3n con los derechos de las mujeres.<\/p>\n\n\n\n<p class=\"wp-block-paragraph\">El&nbsp;<strong>Sistema Nacional d<\/strong>e Prevenci\u00f3n, Atenci\u00f3n, Sanci\u00f3n y Erradicaci\u00f3n de la Violencia contra las Mujeres surge de la&nbsp;<strong>Ley General de Acceso de las Mujeres a una Vida Libre de Violencia<\/strong>. Su objeto es la conjunci\u00f3n de esfuerzos, instrumentos, pol\u00edticas, servicios y acciones entre las instituciones para cumplir con cada uno de sus verbos rectores y en resumidas cuentas, trabajar de manera organizada para abatir la violencia.<\/p>\n\n\n\n<p class=\"wp-block-paragraph\">Lo preside la Secretar\u00eda de Gobernaci\u00f3n y est\u00e1 conformado por otras como la de Desarrollo Social, Seguridad P\u00fablica, Educaci\u00f3n, Cultura, Salud, Trabajo y Previsi\u00f3n Social, Desarrollo Agrario, el Instituto Nacional de las Mujeres, el Consejo Nacional para Prevenir la Discriminaci\u00f3n, el DIF, el INE, la Comisi\u00f3n Nacional de Pueblos Ind\u00edgenas y todos los Institutos de las Mujeres de los Estados,&nbsp;<strong>y s\u00ed, tambi\u00e9n es parte la Fiscal\u00eda General de la Rep\u00fablica, aunque sea con su viejo nombre.<\/strong><\/p>\n\n\n\n<p class=\"wp-block-paragraph\">Si cada uno de estos actores est\u00e1 all\u00ed es debido a que todos tienen una parte de responsabilidad, por eso&nbsp;<strong>en el Programa Integral que debe crearse con un presupuesto para garantizar su cumplimiento, hay obligaciones exclusivas de la Fiscal\u00eda<\/strong>&nbsp;como educar y capacitar en derechos humanos al personal encargado de la procuraci\u00f3n de justicia, especializar a los agentes del ministerio p\u00fablico en perspectiva de g\u00e9nero para cumplir con la debida diligencia en la integraci\u00f3n de denuncias e investigaciones por hechos de violencia y feminicidio.<\/p>\n\n\n\n<p class=\"wp-block-paragraph\">Tambi\u00e9n debe proporcionar atenci\u00f3n de calidad y orientaci\u00f3n a las v\u00edctimas, crear un registro de delitos cometidos contra las mujeres con variables muy concretas que permitan analizar el fen\u00f3meno, definir el perfil victimal y por consiguiente la pol\u00edtica de prevenci\u00f3n del delito, procuraci\u00f3n y administraci\u00f3n de justicia.<\/p>\n\n\n\n<p class=\"wp-block-paragraph\">Dos puntos m\u00e1s por si no quedara claro: la Fiscal\u00eda tiene la obligaci\u00f3n de crear protocolos especializados con perspectiva de g\u00e9nero para la investigaci\u00f3n de cr\u00edmenes contra las mujeres incluidos el feminicidio, la trata, el abuso y la violaci\u00f3n, debe crear una base nacional de informaci\u00f3n gen\u00e9tica con datos de mujeres y ni\u00f1as desaparecidas, as\u00ed como de cuerpos de mujeres no identificadas.<\/p>\n\n\n\n<p class=\"wp-block-paragraph\"><strong>Ninguna otra instituci\u00f3n de las que he mencionado puede hacerlo porque no les toca investigar delitos, s\u00f3lo le toca a la Fiscal\u00eda y lo tiene que hacer con perspectiva de g\u00e9nero.<\/strong>&nbsp;La presunta autonom\u00eda a partir de la cual el Senado de la Rep\u00fablica justifica la decisi\u00f3n de sacarla de este Sistema, adem\u00e1s de comprenderse err\u00f3neamente, parece ser m\u00e1s importante que la vida y la integridad de las mujeres v\u00edctimas del delito en M\u00e9xico.<\/p>\n\n\n\n<p class=\"wp-block-paragraph\">Aunado a ello se perpet\u00faa el&nbsp;<strong>estado de incumplimiento a las observaciones emitidas por el Comit\u00e9 para la Eliminaci\u00f3n de la Discriminaci\u00f3n contra la Mujer de 2018<\/strong>, en donde al dar cuenta de la existencia de estereotipos discriminatorios y escasos conocimientos sobre derechos de las mujeres se recomend\u00f3 a M\u00e9xico la formaci\u00f3n sistem\u00e1tica y obligatoria de los operadores de la ley, el uso de protocolos para la investigaci\u00f3n, la aplicaci\u00f3n efectiva del derecho penal y el enjuiciamiento de agresores.<\/p>\n\n\n\n<p class=\"wp-block-paragraph\">En otras palabras,&nbsp;<strong>las decisiones que se est\u00e1n tomando se producen de espaldas a los derechos de las mujeres&nbsp;<\/strong>y en pro de la incapacidad de los funcionarios en el poder para comprender las exigencias que tiene la aplicaci\u00f3n de la pol\u00edtica criminal en un Estado Democr\u00e1tico del siglo XXI.<\/p>\n\n\n\n<p class=\"wp-block-paragraph\">Y en definitiva el Senado tampoco nos ahorr\u00f3 la burla, mire que iluminarse de violeta al mismo tiempo que obstaculiza el acceso a la justicia para millones de mujeres y provee a la violencia feminicida. Hay que ser c\u00ednicos. A m\u00e1s ver.<\/p>\n\n\n\n<p class=\"wp-block-paragraph\">Claudia Almaguer<\/p>\n\n\n\n<p class=\"wp-block-paragraph\">Twitter: @Almagzur<\/p>\n","protected":false},"excerpt":{"rendered":"<p>SemM\u00e9xico. 12 de marzo de 2021.- El pasado 8 de marzo mientras miles de mujeres en todo el pa\u00eds sal\u00edan a exigir un alto a la violencia feminicida y el respeto a sus derechos, a las 19:59 horas, el\u00a0Senado de la Rep\u00fablica\u00a0public\u00f3 una fotograf\u00eda en su cuenta de Twitter donde se observa su edificio iluminado [&hellip;]<\/p>\n","protected":false},"author":3,"featured_media":33210,"comment_status":"open","ping_status":"open","sticky":false,"template":"","format":"standard","meta":{"_monsterinsights_skip_tracking":false,"footnotes":""},"categories":[692,131,35],"tags":[],"class_list":["post-33209","post","type-post","status-publish","format-standard","has-post-thumbnail","category-692","category-claudia-almaguer","category-opinion"],"_links":{"self":[{"href":"https:\/\/redsemlac.com\/semmexico\/wp-json\/wp\/v2\/posts\/33209","targetHints":{"allow":["GET"]}}],"collection":[{"href":"https:\/\/redsemlac.com\/semmexico\/wp-json\/wp\/v2\/posts"}],"about":[{"href":"https:\/\/redsemlac.com\/semmexico\/wp-json\/wp\/v2\/types\/post"}],"author":[{"embeddable":true,"href":"https:\/\/redsemlac.com\/semmexico\/wp-json\/wp\/v2\/users\/3"}],"replies":[{"embeddable":true,"href":"https:\/\/redsemlac.com\/semmexico\/wp-json\/wp\/v2\/comments?post=33209"}],"version-history":[{"count":0,"href":"https:\/\/redsemlac.com\/semmexico\/wp-json\/wp\/v2\/posts\/33209\/revisions"}],"wp:featuredmedia":[{"embeddable":true,"href":"https:\/\/redsemlac.com\/semmexico\/wp-json\/wp\/v2\/media\/33210"}],"wp:attachment":[{"href":"https:\/\/redsemlac.com\/semmexico\/wp-json\/wp\/v2\/media?parent=33209"}],"wp:term":[{"taxonomy":"category","embeddable":true,"href":"https:\/\/redsemlac.com\/semmexico\/wp-json\/wp\/v2\/categories?post=33209"},{"taxonomy":"post_tag","embeddable":true,"href":"https:\/\/redsemlac.com\/semmexico\/wp-json\/wp\/v2\/tags?post=33209"}],"curies":[{"name":"wp","href":"https:\/\/api.w.org\/{rel}","templated":true}]}}