{"id":33205,"date":"2021-03-12T18:29:34","date_gmt":"2021-03-12T18:29:34","guid":{"rendered":"https:\/\/redsemlac.com\/semmexico\/?p=33205"},"modified":"2023-07-21T16:53:06","modified_gmt":"2023-07-21T21:53:06","slug":"nosotros-tenemos-otros-datos-pide-a-amlo-respeto-a-las-mujeres-en-las-mananeras","status":"publish","type":"post","link":"https:\/\/redsemlac.com\/semmexico\/nosotros-tenemos-otros-datos-pide-a-amlo-respeto-a-las-mujeres-en-las-mananeras\/","title":{"rendered":"\u201cNosotras tenemos otros datos\u201d, pide a AMLO respeto a las mujeres en las ma\u00f1aneras"},"content":{"rendered":"\n<p class=\"wp-block-paragraph\"><strong>El discurso de odio no est\u00e1 protegido por la libertad de expresi\u00f3n: SCJN&nbsp;<\/strong><\/p>\n\n\n\n<p class=\"wp-block-paragraph\">Elda Montiel&nbsp;<\/p>\n\n\n\n<p class=\"wp-block-paragraph\">SemM\u00e9xco. Cd. de M\u00e9xico. 12 de marzo 2021.- Las integrantes de \u201cNosotras tenemos otros datos\u201d solicitaron al Presidente Andr\u00e9s Manuel L\u00f3pez Obrador que cese de inmediato las agresiones a las mujeres por los interlocutores que acuden a las conferencias matutinas que realiza diariamente, y que intervenga oportunamente. Que ese espacio est\u00e9 libre de cualquier tipo de violencia en contra de las mujeres.\u00a0<\/p>\n\n\n\n<p class=\"wp-block-paragraph\">La petici\u00f3n, que se hace en una carta p\u00fablica, se da por las agresiones que realiza el ciudadano Marco Antonio Olvera de la revista \u00c9nfasis, en la conferencia matutina, al llamar \u201cfeminazis\u201d a la defensora Frida Guerrera y a la acad\u00e9mica Denise Dresser.<\/p>\n\n\n\n<p class=\"wp-block-paragraph\">Tambi\u00e9n en la conferencia matutina, se da la agresi\u00f3n de Paul Vel\u00e1zquez a la periodista Isabel Gonz\u00e1lez en que \u201cle desea, que alguien le d\u00e9 un balazo\u201d, lo que es una clara expresi\u00f3n de odio.&nbsp;<\/p>\n\n\n\n<p class=\"wp-block-paragraph\">Detallan, que no es posible que en un espacio oficial se normalice y pase desapercibida la violencia verbal contra las mujeres y sea un lugar donde se d\u00e9 el insulto y la descalificaci\u00f3n.&nbsp;<\/p>\n\n\n\n<p class=\"wp-block-paragraph\">Le recuerdan, al Ejecutivo, que la Suprema Corte de Justicia ya ha sentenciado que el discurso de odio no est\u00e1 protegido por la libertad de expresi\u00f3n, ni tampoco la incitaci\u00f3n a la violencia.<\/p>\n\n\n\n<p class=\"wp-block-paragraph\">Resaltan que el respeto a la dignidad humana, la no discriminaci\u00f3n y la libertad de las mujeres son los principios rectores para el acceso de todas las mujeres a una vida libre de violencia, que ya est\u00e1 plasmado por la Ley correspondiente.&nbsp;&nbsp;<\/p>\n\n\n\n<p class=\"wp-block-paragraph\">Elevan una en\u00e9rgica protesta y le explican que el t\u00e9rmino, que es una mescolanza de las palabras feminismo y nazismo, fue utilizado inicialmente por un conductor estadounidense Rush Limbaugh, al referirse en forma despectiva para denigrar la lucha feminista.&nbsp;<\/p>\n\n\n\n<p class=\"wp-block-paragraph\">Acotan que el feminismo es un movimiento pol\u00edtico y social con una tradici\u00f3n de tres siglos que promueve cambios en los modos de vida de las mujeres y los hombres, y no tiene nada que ver con el nazismo que es una doctrina que exalta el racismo y provoc\u00f3 la muerte de millones de personas. Las feminazis no existen.&nbsp;<\/p>\n\n\n\n<p class=\"wp-block-paragraph\">Argumentan que la preocupaci\u00f3n se da por el alcance del espectro informativo nacional que abarcan las conferencias matutinas del Ejecutivo y que se transmiten en tiempo real por redes sociales y medios de comunicaci\u00f3n.&nbsp;<\/p>\n\n\n\n<p class=\"wp-block-paragraph\">\u201cLas conferencias ma\u00f1aneras no deben ser espacio donde se tolere el discurso de odio, particularmente dirigido contra las mujeres, disfrazado de libertad de expresi\u00f3n\u201d.&nbsp;<\/p>\n","protected":false},"excerpt":{"rendered":"<p>El discurso de odio no est\u00e1 protegido por la libertad de expresi\u00f3n: SCJN&nbsp; Elda Montiel&nbsp; SemM\u00e9xco. Cd. de M\u00e9xico. 12 de marzo 2021.- Las integrantes de \u201cNosotras tenemos otros datos\u201d solicitaron al Presidente Andr\u00e9s Manuel L\u00f3pez Obrador que cese de inmediato las agresiones a las mujeres por los interlocutores que acuden a las conferencias matutinas [&hellip;]<\/p>\n","protected":false},"author":3,"featured_media":33206,"comment_status":"open","ping_status":"open","sticky":false,"template":"","format":"standard","meta":{"_monsterinsights_skip_tracking":false,"footnotes":""},"categories":[692,54],"tags":[],"class_list":["post-33205","post","type-post","status-publish","format-standard","has-post-thumbnail","category-692","category-mujeres"],"_links":{"self":[{"href":"https:\/\/redsemlac.com\/semmexico\/wp-json\/wp\/v2\/posts\/33205","targetHints":{"allow":["GET"]}}],"collection":[{"href":"https:\/\/redsemlac.com\/semmexico\/wp-json\/wp\/v2\/posts"}],"about":[{"href":"https:\/\/redsemlac.com\/semmexico\/wp-json\/wp\/v2\/types\/post"}],"author":[{"embeddable":true,"href":"https:\/\/redsemlac.com\/semmexico\/wp-json\/wp\/v2\/users\/3"}],"replies":[{"embeddable":true,"href":"https:\/\/redsemlac.com\/semmexico\/wp-json\/wp\/v2\/comments?post=33205"}],"version-history":[{"count":0,"href":"https:\/\/redsemlac.com\/semmexico\/wp-json\/wp\/v2\/posts\/33205\/revisions"}],"wp:featuredmedia":[{"embeddable":true,"href":"https:\/\/redsemlac.com\/semmexico\/wp-json\/wp\/v2\/media\/33206"}],"wp:attachment":[{"href":"https:\/\/redsemlac.com\/semmexico\/wp-json\/wp\/v2\/media?parent=33205"}],"wp:term":[{"taxonomy":"category","embeddable":true,"href":"https:\/\/redsemlac.com\/semmexico\/wp-json\/wp\/v2\/categories?post=33205"},{"taxonomy":"post_tag","embeddable":true,"href":"https:\/\/redsemlac.com\/semmexico\/wp-json\/wp\/v2\/tags?post=33205"}],"curies":[{"name":"wp","href":"https:\/\/api.w.org\/{rel}","templated":true}]}}