{"id":3311,"date":"2019-03-25T17:33:09","date_gmt":"2019-03-25T17:33:09","guid":{"rendered":"https:\/\/redsemlac.com\/semmexico\/?p=3311"},"modified":"2023-07-21T14:47:44","modified_gmt":"2023-07-21T19:47:44","slug":"la-impunidad-persiste-pocos-casos-tienen-acceso-a-la-justicia","status":"publish","type":"post","link":"https:\/\/redsemlac.com\/semmexico\/la-impunidad-persiste-pocos-casos-tienen-acceso-a-la-justicia\/","title":{"rendered":"La impunidad persiste, pocos casos tienen acceso a la justicia."},"content":{"rendered":"\n<p class=\"wp-block-paragraph\"><a href=\"https:\/\/www.semmexico.com\/gallery-post.php?id=7696#\">Josefina Aguilar Pastor,<\/a><\/p>\n\n\n\n<p class=\"wp-block-paragraph\">SemM\u00e9xico, Chilpancingo, Gro., 25 marzo 2019.- A casi dos a\u00f1os de la declaratoria de Alerta de Violencia de Genero (AVG), en Guerrero la situaci\u00f3n no ha cambiado, al contrario, la violencia contra las mujeres sigue al alza; la atenci\u00f3n del personal de las instancias encargadas de atender a las mujeres sigue igual, a pesar de los supuestos cursos de capacitaci\u00f3n y sensibilizaci\u00f3n que les han impartido, afirm\u00f3 Marina Reyna Aguilar, presidenta de la Estatal Contra la Violencia hacia las Mujeres.<\/p>\n\n\n\n<p class=\"wp-block-paragraph\">Durante la presentaci\u00f3n y arranque de la campa\u00f1a mundial \u201c\u00danete para poner fin a la violencia contra las Mujeres\u201d, por parte de la titular de la Unidad para la Igualdad de G\u00e9nero del Congreso del Estado, la activista lament\u00f3 la escasa participaci\u00f3n del personal del Poder Legislativo, \u201cparece que no hablamos entre nosotras\u201d, dijo y sugiri\u00f3 socializar a\u00fan m\u00e1s esta propuesta hecha por la ONU, y no quedarse en lo mismo.<\/p>\n\n\n\n<p class=\"wp-block-paragraph\">Consider\u00f3 que a estas alturas, ya no pueden quedarse calladas, tienen que decir la realidad sin temor de que alguien se va a molestar por ello y \u201ca casi dos a\u00f1os de la declaratoria de Alerta de Violencia de Genero (AVG) la situaci\u00f3n no ha cambiado, al contrario, el problema de la violencia contra las mujeres, sigue a la alza\u201d, sostuvo.<\/p>\n\n\n\n<p class=\"wp-block-paragraph\">Tambi\u00e9n lament\u00f3 que pesar de la supuesta capacitaci\u00f3n y sensibilizaci\u00f3n que distintas dependencias de gobierno han impartido al personal encargado de la atenci\u00f3n a las mujeres, en la pr\u00e1ctica todo sigue igual, la atenci\u00f3n es la misma deplorable.<\/p>\n\n\n\n<p class=\"wp-block-paragraph\">Reyna Aguilar se\u00f1al\u00f3 que este problema de la violencia contra las mujeres, no lo van a resolver las activistas solas, tiene que haber participaci\u00f3n de servidores p\u00fablicos, con un compromiso m\u00e1s institucional, trabajar en dos l\u00edneas; una al interior de las instituciones y la otra afuera de ellas; las de las organizaciones s\u00f3lo son observadoras del desempe\u00f1o de funcionarios, que hasta ahora, han dado mucho que decir, insisti\u00f3.<\/p>\n\n\n\n<p class=\"wp-block-paragraph\">La activista llam\u00f3 tanto los funcionarios del gobierno del Estado, como municipales, a hacer lo que le corresponde a cada uno en sus espacios, para poner fin a la violencia contra las mujeres, \u201cno puede ser posible que, a pesar de los mecanismos existentes, como las instancias de las mujeres creadas para eso justamente, \u201choy a tantos a\u00f1os de su existencia no veamos resultados\u201d.<\/p>\n\n\n\n<p class=\"wp-block-paragraph\">Hoy en d\u00eda recalc\u00f3, impera la impunidad, de los casos que se denuncian muy pocos tienen acceso a la justicia, remarc\u00f3 Reyna Aguilar.<\/p>\n\n\n\n<p class=\"wp-block-paragraph\">SEM\/jap\/sj<br><\/p>\n","protected":false},"excerpt":{"rendered":"<p>Josefina Aguilar Pastor, SemM\u00e9xico, Chilpancingo, Gro., 25 marzo 2019.- A casi dos a\u00f1os de la declaratoria de Alerta de Violencia de Genero (AVG), en Guerrero la situaci\u00f3n no ha cambiado, al contrario, la violencia contra las mujeres sigue al alza; la atenci\u00f3n del personal de las instancias encargadas de atender a las mujeres sigue igual, [&hellip;]<\/p>\n","protected":false},"author":3,"featured_media":3314,"comment_status":"open","ping_status":"open","sticky":false,"template":"","format":"standard","meta":{"_monsterinsights_skip_tracking":false,"footnotes":""},"categories":[690,50],"tags":[],"class_list":["post-3311","post","type-post","status-publish","format-standard","has-post-thumbnail","category-690","category-congreso"],"_links":{"self":[{"href":"https:\/\/redsemlac.com\/semmexico\/wp-json\/wp\/v2\/posts\/3311","targetHints":{"allow":["GET"]}}],"collection":[{"href":"https:\/\/redsemlac.com\/semmexico\/wp-json\/wp\/v2\/posts"}],"about":[{"href":"https:\/\/redsemlac.com\/semmexico\/wp-json\/wp\/v2\/types\/post"}],"author":[{"embeddable":true,"href":"https:\/\/redsemlac.com\/semmexico\/wp-json\/wp\/v2\/users\/3"}],"replies":[{"embeddable":true,"href":"https:\/\/redsemlac.com\/semmexico\/wp-json\/wp\/v2\/comments?post=3311"}],"version-history":[{"count":0,"href":"https:\/\/redsemlac.com\/semmexico\/wp-json\/wp\/v2\/posts\/3311\/revisions"}],"wp:featuredmedia":[{"embeddable":true,"href":"https:\/\/redsemlac.com\/semmexico\/wp-json\/wp\/v2\/media\/3314"}],"wp:attachment":[{"href":"https:\/\/redsemlac.com\/semmexico\/wp-json\/wp\/v2\/media?parent=3311"}],"wp:term":[{"taxonomy":"category","embeddable":true,"href":"https:\/\/redsemlac.com\/semmexico\/wp-json\/wp\/v2\/categories?post=3311"},{"taxonomy":"post_tag","embeddable":true,"href":"https:\/\/redsemlac.com\/semmexico\/wp-json\/wp\/v2\/tags?post=3311"}],"curies":[{"name":"wp","href":"https:\/\/api.w.org\/{rel}","templated":true}]}}