{"id":33037,"date":"2021-03-10T19:14:45","date_gmt":"2021-03-10T19:14:45","guid":{"rendered":"https:\/\/redsemlac.com\/semmexico\/?p=33037"},"modified":"2023-07-21T16:51:48","modified_gmt":"2023-07-21T21:51:48","slug":"preocupa-aumente-la-violencia-politica-de-genero-en-las-elecciones-2021-yasmin-esquivel","status":"publish","type":"post","link":"https:\/\/redsemlac.com\/semmexico\/preocupa-aumente-la-violencia-politica-de-genero-en-las-elecciones-2021-yasmin-esquivel\/","title":{"rendered":"Preocupa aumente la violencia pol\u00edtica de g\u00e9nero en las elecciones 2021: Yasm\u00edn Esquivel"},"content":{"rendered":"\n<ul class=\"wp-block-list\"><li><strong>Se han registrado 73 delitos relacionados con acontecimientos pol\u00edticos, de los cuales 64 son asesinatos<\/strong><strong><\/strong><\/li><li><strong>Firman c<\/strong><strong>onvenio del INE y AMCEE para impulsar red de candidatas y dar seguimientos a casos de violencia pol\u00edtica<\/strong><\/li><\/ul>\n\n\n\n<p class=\"wp-block-paragraph\"><strong>Elda Montiel<\/strong><\/p>\n\n\n\n<p class=\"wp-block-paragraph\">SemM\u00e9xico, Cd. de M\u00e9xico, 10 de marzo, 2021.- La ministra Yasm\u00edn Esquivel Mossa, presidenta de la Segunda Sala de la Suprema Corte de Justicia de la Naci\u00f3n (SCJN), advirti\u00f3 que en el actual proceso electoral 2020-2021 los casos de violencia pol\u00edtica por raz\u00f3n de g\u00e9nero apuntan a incrementarse de manera alarmante.<\/p>\n\n\n\n<p class=\"wp-block-paragraph\">De acuerdo con los datos recientes de la Secretar\u00eda de Seguridad y Protecci\u00f3n Ciudadana \u201cde septiembre de 2020 a febrero de 2021, ya se han registrado 73 delitos relacionados con acontecimientos pol\u00edticos, en los cuales hubo 64 asesinatos\u201d. Estos datos resultan preocupantes, acot\u00f3.<\/p>\n\n\n\n<p class=\"wp-block-paragraph\">La tambi\u00e9n presidenta del Comit\u00e9 Interinstitucional de Igualdad de G\u00e9nero del Poder Judicial de la Federaci\u00f3n destac\u00f3 que el incremento de la violencia pol\u00edtica contra la mujer en raz\u00f3n de g\u00e9nero se presenta de manera inversamente proporcional al progresivo y consistente avance de la participaci\u00f3n pol\u00edtica de las mujeres.<\/p>\n\n\n\n<p class=\"wp-block-paragraph\">Esto durante la clausura del \u201cForo Derechos Pol\u00edticos y Electorales de las Mujeres\u201d, convocado por el Instituto Nacional de las Mujeres (INE) y el Tribunal Electoral del Poder Judicial de la Federaci\u00f3n (TEPJF), donde la ministra cit\u00f3 como ejemplo que en 2018 fue un hito en la participaci\u00f3n de la mujer en las contiendas electorales y su arribo a los \u00f3rganos legislativos.<\/p>\n\n\n\n<p class=\"wp-block-paragraph\">En ese proceso de acuerdo con un estudio que dio a conocer el Instituto Electoral de la Ciudad de M\u00e9xico, la evaluaci\u00f3n de la incidencia de la violencia pol\u00edtica contra las mujeres, arroj\u00f3 a nivel nacional un registro de 301 casos de violencia contra precandidatas, candidatas, servidoras p\u00fablicas y representantes electas, mujeres dirigentes y militantes de partidos en todo el pa\u00eds.<\/p>\n\n\n\n<p class=\"wp-block-paragraph\">De esos 301 casos identificados, el 52 por ciento correspondieron a la dimensi\u00f3n de violencia contra las mujeres en la pol\u00edtica, 26 por ciento fueron casos de violencia pol\u00edtica de g\u00e9nero y 22 restantes se ubicaron en la dimensi\u00f3n de violencia pol\u00edtica en general, sin motivaciones de g\u00e9nero visibles.<\/p>\n\n\n\n<p class=\"wp-block-paragraph\">Precis\u00f3 que lo grave de estos actos de violencia pol\u00edtica es que inhibe la participaci\u00f3n de la mujer en las contiendas pol\u00edticas y su integraci\u00f3n a los \u00f3rganos de decisi\u00f3n al afrontar la disyuntiva entre salvar su vida, su integridad f\u00edsica emocional, psicol\u00f3gico, incluso, la de su familia o seguir adelante con sus aspiraciones pol\u00edticas, con la consecuencia evidente de ver frustrado su avance en detrimento personal, colectivo, incluso, de ser privada de la vida.<\/p>\n\n\n\n<p class=\"wp-block-paragraph\">No queremos m\u00e1s mujeres pierdan la vida como consecuencia de esta violencia pol\u00edtica de g\u00e9nero, como son Antonia Jaimes y Dulce Nayeli Rebaja, en Guerrero; Guadalupe Pay\u00e1n, en Chihuahua; Maribel Barajas, en Michoac\u00e1n; Francis Anel, en Colima; Ana Luz y Mart\u00ednez, en Jalisco; Floriser R\u00edos, Gladys Merl\u00edn Castro y su hija, en Veracruz, y muchas otras que en su intento por participar en pol\u00edtica hoy ya no est\u00e1n.<\/p>\n\n\n\n<h2 class=\"wp-block-heading\"><strong>Cuidar los logros o se pierden<\/strong><\/h2>\n\n\n\n<p class=\"wp-block-paragraph\">Por otra parte, la magistrada M\u00f3nica Aral\u00ed Soto Fragoso, del Tribunal Electoral del Poder Judicial de la Federaci\u00f3n (TEPJF), enfatiz\u00f3 que hay que profundizar los logros de la paridad alcanzados en 2018 en los espacios de representaci\u00f3n pol\u00edtica, haciendo del proceso electoral en curso el m\u00e1s incluyente y m\u00e1s paritario de nuestra historia democr\u00e1tica.<\/p>\n\n\n\n<p class=\"wp-block-paragraph\">\u201cNo hay que olvidar, que las conquistas en materia de paridad, al igual que las conquistas democr\u00e1ticas, o se cuidan, se procuran y se impide una regresi\u00f3n, o terminaremos perdi\u00e9ndolas\u201d.<\/p>\n\n\n\n<p class=\"wp-block-paragraph\">Al clausurar al Foro Derechos Pol\u00edticos y Electorales de las Mujeres, convocado por el Instituto Nacional de las Mujeres (INE) y el Tribunal Electoral del Poder Judicial de la Federaci\u00f3n, (TEPJF) el Consejero Presidente del INE, Lorenzo C\u00f3rdova Vianello, se comprometi\u00f3 a hacer del proceso electoral en curso, el m\u00e1s incluyente y paritario de la historia democr\u00e1tica del pa\u00eds y a promover los espacios libres de violencia, acoso y discriminaci\u00f3n en contra de las mujeres.<\/p>\n\n\n\n<h2 class=\"wp-block-heading\"><strong>Convenio INE-AMCEE<\/strong><\/h2>\n\n\n\n<p class=\"wp-block-paragraph\">El Instituto Nacional Electoral (INE) y la Asociaci\u00f3n Mexicana de Consejeras Estatales Electorales (AMCEE) firmaron un convenio para implementar proyectos como la red nacional de candidatas para dar seguimiento a los casos de violencia pol\u00edtica contra las mujeres en raz\u00f3n de g\u00e9nero.<\/p>\n\n\n\n<p class=\"wp-block-paragraph\">La Consejera Carla Humphrey Jordan expuso que \u201ces necesario que los procedimientos sancionadores sean efectivos y expeditos, as\u00ed, el Convenio sienta las bases para el seguimiento de las denuncias remitidas a las autoridades electorales locales por incompetencia del INE, con el fin de verificar que cumplen con su cometido\u201d.<\/p>\n\n\n\n<p class=\"wp-block-paragraph\">Abund\u00f3 que el proceso electoral es una maquinaria que una vez que se ha echado a andar no se detiene y, por ello, cuando existen desv\u00edos e irregularidades el remedio debe ser expedito porque de otra forma se consuma de manera irreparable.<\/p>\n\n\n\n<p class=\"wp-block-paragraph\">Se dar\u00e1 difusi\u00f3n a las reformas de 2019 y 2020 respecto de la participaci\u00f3n paritaria de las mujeres, as\u00ed como a las encaminadas a reconocer y denunciar violencia pol\u00edtica de g\u00e9nero con el objetivo de promover la cultura pol\u00edtica y el desarrollo de su vida democr\u00e1tica.<\/p>\n\n\n\n<p class=\"wp-block-paragraph\">Mar\u00eda del Mar Trejo P\u00e9rez, presidenta de la AMCEE, afirm\u00f3 que erradicar la violencia contra las mujeres es uno de los grandes pendientes que enfrenta el sistema pol\u00edtico y, en general, el Estado en su conjunto y para ello se requieren cambios institucionales, sociales, culturales y pol\u00edticos.<\/p>\n\n\n\n<p class=\"wp-block-paragraph\">El Consejero Presidente del INE, Lorenzo C\u00f3rdova Vianello, atestiguo la firma del Convenio.<\/p>\n\n\n\n<h2 class=\"wp-block-heading\"><strong>La violencia pol\u00edtica el reto de las pr\u00f3ximas elecciones<\/strong><\/h2>\n\n\n\n<p class=\"wp-block-paragraph\">Tambi\u00e9n en el marco del 8 de marzo, se dio el Di\u00e1logo Del movimiento sufragista a la paridad de g\u00e9nero, en el cual se puso de manifiesto que la violencia pol\u00edtica de g\u00e9nero es uno de los mayores retos que enfrenta el proceso electoral en curso y un lastre que debemos superar como sociedad, coincidieron las consejeras del Instituto Nacional Electoral (INE), Norma De la Cruz y Dania Ravel.<\/p>\n\n\n\n<p class=\"wp-block-paragraph\">La Consejera Ravel estim\u00f3 que la violencia pol\u00edtica en contra de las mujeres en raz\u00f3n de g\u00e9nero es un hecho que a\u00fan ellas deben enfrentar, ya que su sola presencia desaf\u00eda el <em>statu quo<\/em> y obliga a la redistribuci\u00f3n de poder entre mujeres y hombres.<\/p>\n\n\n\n<p class=\"wp-block-paragraph\">Aclar\u00f3 que este fen\u00f3meno no lleg\u00f3 de la mano de las cuotas de g\u00e9nero, ni de la paridad, sino que siempre ha existido, s\u00f3lo que ahora es m\u00e1s visible, sabemos identificarla y se denuncia.<\/p>\n\n\n\n<p class=\"wp-block-paragraph\">Estim\u00f3 que resulta insuficiente el hecho de que las mujeres se postulen, ya que a\u00fan no se logra que compitan en condiciones de igualdad y persisten intentos de simulaci\u00f3n para eliminarlas de estos espacios de toma de decisiones.<\/p>\n\n\n\n<p class=\"wp-block-paragraph\">Georgina C\u00e1rdenas Acosta, acad\u00e9mica de la Universidad Nacional Aut\u00f3noma de M\u00e9xico (UNAM), asegur\u00f3 que desde el siglo XIX las primeras sufragistas ya planteaban la necesidad de hablar de paridad, aunque fue hasta el siglo XX cuando el tema se visibiliz\u00f3 y fue considerado como fen\u00f3meno de indignaci\u00f3n.<\/p>\n\n\n\n<p class=\"wp-block-paragraph\">Reconoci\u00f3 que a pesar de las leyes progresistas y la paridad que M\u00e9xico ha logrado conquistar, se mantienen un orden de g\u00e9nero y de dominaci\u00f3n masculina en donde hay intereses arraigados que buscan encarnarse a trav\u00e9s de situaciones como la violencia pol\u00edtica en contra de las mujeres.<\/p>\n\n\n\n<p class=\"wp-block-paragraph\">Evidenci\u00f3 que, aunque se ha alcanzado construir una Legislatura de la paridad, en los muros de honor de la C\u00e1mara de Diputados apenas nueve mujeres son mencionadas frente a 52 hombres considerados clave en la historia del pa\u00eds.<\/p>\n\n\n\n<p class=\"wp-block-paragraph\">La especialista en temas de g\u00e9nero y derechos humanos, Teresa Inch\u00e1ustegui Romero, asegur\u00f3 que la paridad no s\u00f3lo implica la participaci\u00f3n de las mujeres en el reparto del poder, sino que corresponde a un nuevo modelo de pol\u00edticas p\u00fablicas que pasa por la generaci\u00f3n de derechos.<\/p>\n\n\n\n<p class=\"wp-block-paragraph\">Es aqu\u00ed, dijo, donde existe una nueva agenda legislativa que no es s\u00f3lo por decreto, sino que tiene que ser construida, consensuada y debatida para que la paridad entre hombres y mujeres pueda ser una realidad en un sistema que socialmente excluy\u00f3 a las mujeres.<\/p>\n\n\n\n<p class=\"wp-block-paragraph\">La acad\u00e9mica de la Facultad de Latinoamericana de Ciencias Sociales (FLACSO), Gisela Zaremberg, aprovech\u00f3 la oportunidad para evidenciar la gran contradicci\u00f3n que enfrentaron las mujeres para que la letra plasmada en la Constituci\u00f3n que reconoc\u00eda su derecho a ser votadas se hiciera realidad.<\/p>\n\n\n\n<p class=\"wp-block-paragraph\">En este sentido, destac\u00f3 la importancia de las medidas afirmativas para reconocer que la igualdad es insuficiente para garantizar que la participaci\u00f3n de las mujeres sea realidad, como la propia historia nos ha demostrado hasta antes de estas directrices que se han obtenido y que ahora deben ser implementadas, sobre todo a nivel local.<\/p>\n\n\n\n<p class=\"wp-block-paragraph\">SEM\/em\/sj<\/p>\n","protected":false},"excerpt":{"rendered":"<p>Se han registrado 73 delitos relacionados con acontecimientos pol\u00edticos, de los cuales 64 son asesinatos<\/p>\n","protected":false},"author":3,"featured_media":33038,"comment_status":"open","ping_status":"open","sticky":false,"template":"","format":"standard","meta":{"_monsterinsights_skip_tracking":false,"footnotes":""},"categories":[692,141],"tags":[],"class_list":["post-33037","post","type-post","status-publish","format-standard","has-post-thumbnail","category-692","category-elecciones-2020-2021"],"_links":{"self":[{"href":"https:\/\/redsemlac.com\/semmexico\/wp-json\/wp\/v2\/posts\/33037","targetHints":{"allow":["GET"]}}],"collection":[{"href":"https:\/\/redsemlac.com\/semmexico\/wp-json\/wp\/v2\/posts"}],"about":[{"href":"https:\/\/redsemlac.com\/semmexico\/wp-json\/wp\/v2\/types\/post"}],"author":[{"embeddable":true,"href":"https:\/\/redsemlac.com\/semmexico\/wp-json\/wp\/v2\/users\/3"}],"replies":[{"embeddable":true,"href":"https:\/\/redsemlac.com\/semmexico\/wp-json\/wp\/v2\/comments?post=33037"}],"version-history":[{"count":0,"href":"https:\/\/redsemlac.com\/semmexico\/wp-json\/wp\/v2\/posts\/33037\/revisions"}],"wp:featuredmedia":[{"embeddable":true,"href":"https:\/\/redsemlac.com\/semmexico\/wp-json\/wp\/v2\/media\/33038"}],"wp:attachment":[{"href":"https:\/\/redsemlac.com\/semmexico\/wp-json\/wp\/v2\/media?parent=33037"}],"wp:term":[{"taxonomy":"category","embeddable":true,"href":"https:\/\/redsemlac.com\/semmexico\/wp-json\/wp\/v2\/categories?post=33037"},{"taxonomy":"post_tag","embeddable":true,"href":"https:\/\/redsemlac.com\/semmexico\/wp-json\/wp\/v2\/tags?post=33037"}],"curies":[{"name":"wp","href":"https:\/\/api.w.org\/{rel}","templated":true}]}}