{"id":32969,"date":"2021-03-09T19:43:33","date_gmt":"2021-03-09T19:43:33","guid":{"rendered":"https:\/\/redsemlac.com\/semmexico\/?p=32969"},"modified":"2023-07-21T16:51:50","modified_gmt":"2023-07-21T21:51:50","slug":"por-que-la-pandemia-de-covid-19-tambien-tiene-rostro-de-mujer-en-brasil","status":"publish","type":"post","link":"https:\/\/redsemlac.com\/semmexico\/por-que-la-pandemia-de-covid-19-tambien-tiene-rostro-de-mujer-en-brasil\/","title":{"rendered":"\u00bfPor qu\u00e9 la pandemia de Covid-19 tambi\u00e9n tiene rostro de mujer en Brasil?"},"content":{"rendered":"\n<p class=\"wp-block-paragraph\"><strong>Por Adele Benazaken*<\/strong><\/p>\n\n\n\n<p class=\"wp-block-paragraph\">SemM\u00e9xico\/Metr\u00f3poles,&nbsp;Brasilia, 9 de marzo, 2021.- Hace un a\u00f1o, el 17 de marzo, que muri\u00f3 la trabajadora del hogar Cleonice Gon\u00e7alves. A los 63 a\u00f1os, negra, hipertensa y diab\u00e9tica, viv\u00eda al interior del estado de R\u00edo de Janeiro. Cada semana, viajaba 120 km hasta un apartamento en Leblon, un barrio exclusivo en el sur de R\u00edo. Fue all\u00ed donde se infect\u00f3, luego de que su empleador regresara de Italia. Tuvo los primeros s\u00edntomas un d\u00eda y muri\u00f3 al siguiente.<\/p>\n\n\n\n<p class=\"wp-block-paragraph\">Cleonice fue una de las primeras v\u00edctimas del Covid-19 en Brasil. Su historia es un retrato triste y fiel de la pandemia en el pa\u00eds. Aunque se trata fundamentalmente de un problema de salud p\u00fablica, la crisis sanitaria mundial del nuevo coronavirus representa una cat\u00e1strofe econ\u00f3mica y humanitaria sin precedentes, con efectos devastadores en pa\u00edses como el nuestro.<\/p>\n\n\n\n<p class=\"wp-block-paragraph\">En este 8 de marzo, D\u00eda Internacional de la Mujer, es imperativo reforzar la advertencia de que la pandemia afecta de manera desproporcionada a las mujeres -especialmente pobres, negras e ind\u00edgenas- e impone retrocesos en la b\u00fasqueda de la justicia social y la igualdad de g\u00e9nero. M\u00e1s que eso, la pandemia amenaza con revertir los avances econ\u00f3micos logrados por las mujeres, ampliando las persistentes brechas de g\u00e9nero&nbsp; pese a algunos avances recientes.<\/p>\n\n\n\n<p class=\"wp-block-paragraph\">Uno de los ejemplos m\u00e1s claros de este efecto es la reducci\u00f3n proporcional de la participaci\u00f3n femenina en el mercado laboral: en el tercer trimestre de 2020, la tasa fue del 45,8%, el mismo nivel que hace 30 a\u00f1os, seg\u00fan la Encuesta Nacional por Muestra de Domic\u00edlio. Cont\u00ednua (Pnad), del Instituto Brasile\u00f1o de Geograf\u00eda y Estad\u00edstica (IBGE).<\/p>\n\n\n\n<h2 class=\"wp-block-heading\"><strong>Mayor\u00eda en la econom\u00eda<\/strong><\/h2>\n\n\n\n<p class=\"wp-block-paragraph\">Las mujeres son mayor\u00eda en los sectores econ\u00f3micos m\u00e1s afectados por la pandemia, incluidos los trabajadores de la salud, los trabajos menos calificados, la actividad informal y los trabajos con menos posibilidades de trabajo a distancia. Solo entre septiembre y noviembre de 2020, por ejemplo, Brasil perdi\u00f3 1,5 millones de empleos dom\u00e9sticos, seg\u00fan Pnad \/ IBGE.<\/p>\n\n\n\n<p class=\"wp-block-paragraph\">Otro punto es que, con la pandemia, el 56% de las mujeres dedica m\u00e1s tiempo a las tareas dom\u00e9sticas: est\u00e1n 5,2 horas m\u00e1s a la semana cuidando a sus hijos e hijas, estima ONU Mujeres. A\u00fan enfrentan la carga de cuidar a ni\u00f1os y personas de la tercera edad debido al cierre de escuelas y asilos.<\/p>\n\n\n\n<p class=\"wp-block-paragraph\">La desigualdad del tiempo libre se refleja en la mayor dificultad que tienen las mujeres para salir de la pobreza y ascender socialmente. El abismo se hace m\u00e1s evidente al observar que 45% de los hogares brasile\u00f1os est\u00e1n dirigidos por mujeres, seg\u00fan el Instituto de Investigaciones Econ\u00f3micas Aplicadas (IPEA).<\/p>\n\n\n\n<h2 class=\"wp-block-heading\"><strong>Discutir la miseria<\/strong><\/h2>\n\n\n\n<p class=\"wp-block-paragraph\">Este contexto conduce a la inevitable discusi\u00f3n sobre la miseria. La Fundaci\u00f3n Get\u00falio Vargas estima que alrededor de 28 millones de personas se sumaron a los rangos de pobreza y pobreza extrema a principios de 2021.<\/p>\n\n\n\n<p class=\"wp-block-paragraph\">Si bien el gobierno federal no restablece la ayuda de emergencia, la ONG A\u00e7\u00e3o da Cidadania estima que 10.3 millones pasan hambre en Brasil hoy, lo que equivale a la poblaci\u00f3n de Portugal. No es dif\u00edcil imaginar que las mujeres sean una gran parte de este contingente de personas desamparadas.<\/p>\n\n\n\n<p class=\"wp-block-paragraph\">Para las mujeres trans, las restricciones para ingresar al mercado laboral por estigmas y prejuicios, que ya son elevados, se agravaron durante la pandemia. Por tanto, est\u00e1n m\u00e1s expuestas a la p\u00e9rdida de ingresos como resultado de trabajos en su mayor\u00eda informales, incluido el trabajo sexual, una amenaza tambi\u00e9n para las mujeres cisg\u00e9nero.<\/p>\n\n\n\n<p class=\"wp-block-paragraph\">El aislamiento social en la pandemia ha aumentado la violencia contra las mujeres en todo el mundo. En Brasil, los homicidios intencionales, feminicidios y violencia dom\u00e9stica aumentaron en 2020. Por otro lado, delitos como lesiones corporales intencionales, amenazas y violaci\u00f3n disminuyeron en el per\u00edodo, posible evidencia de las dificultades de las mujeres para denunciar a sus agresores. La informaci\u00f3n es del Anuario Brasile\u00f1o de Seguridad P\u00fablica.<\/p>\n\n\n\n<h2 class=\"wp-block-heading\"><strong>Sin servicios b\u00e1sicos<\/strong><\/h2>\n\n\n\n<p class=\"wp-block-paragraph\">En el \u00e1mbito de la salud, la pandemia ha dificultado el acceso de mujeres y ni\u00f1as a los servicios b\u00e1sicos. En Brasil, hay un relajamiento de las pol\u00edticas p\u00fablicas de salud sexual y reproductiva, comprometiendo el acceso de las mujeres a consultas, anticonceptivos, vacunas, pruebas y tratamientos. Y sin embargo, la negligencia del gobierno federal en relaci\u00f3n a la pol\u00edtica de VIH\/Sida y otras infecciones de transmisi\u00f3n sexual (ITS).<\/p>\n\n\n\n<p class=\"wp-block-paragraph\">Con la reducci\u00f3n de las pruebas de las mujeres embarazadas en atenci\u00f3n prenatal, por ejemplo, no ser\u00e1 sorpresa, si crece el n\u00famero de mujeres con VIH, hepatitis, s\u00edfilis, tuberculosis y c\u00e1ncer de cuello uterino; casos de transmisi\u00f3n vertical del VIH; o el n\u00famero de beb\u00e9s con s\u00edfilis cong\u00e9nita.<\/p>\n\n\n\n<p class=\"wp-block-paragraph\">Adem\u00e1s, el Imperial College de Londres estima un aumento del 10% en las muertes relacionadas con el sida en todo el mundo durante los pr\u00f3ximos cinco a\u00f1os. Y el Programa Conjunto de las Naciones Unidas sobre el VIH \/ sida (Onusida) proyecta 230,000 nuevos casos de VIH adicionales y 140,000 muertes relacionadas con el sida, dependiendo de cu\u00e1nto dure la pandemia de Covid-19.<\/p>\n\n\n\n<p class=\"wp-block-paragraph\">Es urgente, por lo tanto, que el gobierno cumpla con su rol constitucional de asegurar la salud de todos los hombres y mujeres. Algunas formas: garantizar vacunas para toda la poblaci\u00f3n, ampliar la asistencia a los pacientes cr\u00edticos, valorar a los trabajadores de la salud y no sabotear las medidas de prevenci\u00f3n del Covid-19; invertir en telemedicina y protocolos sanitarios seguros, basados \u200b\u200ben la ciencia.<\/p>\n\n\n\n<p class=\"wp-block-paragraph\">Adem\u00e1s, es necesario garantizar el mantenimiento de los servicios de pruebas y tratamiento para el VIH, las ITS y la hepatitis viral; considerar como esenciales las pol\u00edticas de salud sexual, reproductiva y maternoinfantil, respetando las caracter\u00edsticas sociodemogr\u00e1ficas y las vulnerabilidades de g\u00e9nero, especialmente en relaci\u00f3n con mujeres y ni\u00f1as.<\/p>\n\n\n\n<p class=\"wp-block-paragraph\">Todas estas medidas, evidentes a la luz del sentido com\u00fan y la empat\u00eda con los seres humanos, ser\u00edan un gran paso para comprender los efectos de las distintas emergencias sanitarias que han asolado al mundo desde finales de 2019 y promover intervenciones efectivas y equitativas para la salud. toda la poblaci\u00f3n brasile\u00f1a, especialmente las mujeres.<\/p>\n\n\n\n<p class=\"wp-block-paragraph\">* <em>M\u00e9dica salubristra, ex directora del Departamento de VIH\/Sida, ITS y Hepatitis Virales de Brasil y actual directora m\u00e9dica mundial de la organizaci\u00f3n Aids Healthcare Foundation.<\/em><\/p>\n","protected":false},"excerpt":{"rendered":"<p>En este 8 de marzo, D\u00eda Internacional de la Mujer, es imperativo reforzar la advertencia de que la pandemia afecta de manera desproporcionada a las mujeres<\/p>\n","protected":false},"author":3,"featured_media":32970,"comment_status":"open","ping_status":"open","sticky":false,"template":"","format":"standard","meta":{"_monsterinsights_skip_tracking":false,"footnotes":""},"categories":[692,205,53],"tags":[],"class_list":["post-32969","post","type-post","status-publish","format-standard","has-post-thumbnail","category-692","category-8-de-marzo","category-internacional"],"_links":{"self":[{"href":"https:\/\/redsemlac.com\/semmexico\/wp-json\/wp\/v2\/posts\/32969","targetHints":{"allow":["GET"]}}],"collection":[{"href":"https:\/\/redsemlac.com\/semmexico\/wp-json\/wp\/v2\/posts"}],"about":[{"href":"https:\/\/redsemlac.com\/semmexico\/wp-json\/wp\/v2\/types\/post"}],"author":[{"embeddable":true,"href":"https:\/\/redsemlac.com\/semmexico\/wp-json\/wp\/v2\/users\/3"}],"replies":[{"embeddable":true,"href":"https:\/\/redsemlac.com\/semmexico\/wp-json\/wp\/v2\/comments?post=32969"}],"version-history":[{"count":0,"href":"https:\/\/redsemlac.com\/semmexico\/wp-json\/wp\/v2\/posts\/32969\/revisions"}],"wp:featuredmedia":[{"embeddable":true,"href":"https:\/\/redsemlac.com\/semmexico\/wp-json\/wp\/v2\/media\/32970"}],"wp:attachment":[{"href":"https:\/\/redsemlac.com\/semmexico\/wp-json\/wp\/v2\/media?parent=32969"}],"wp:term":[{"taxonomy":"category","embeddable":true,"href":"https:\/\/redsemlac.com\/semmexico\/wp-json\/wp\/v2\/categories?post=32969"},{"taxonomy":"post_tag","embeddable":true,"href":"https:\/\/redsemlac.com\/semmexico\/wp-json\/wp\/v2\/tags?post=32969"}],"curies":[{"name":"wp","href":"https:\/\/api.w.org\/{rel}","templated":true}]}}