{"id":32934,"date":"2021-03-09T01:34:36","date_gmt":"2021-03-09T01:34:36","guid":{"rendered":"https:\/\/redsemlac.com\/semmexico\/?p=32934"},"modified":"2023-07-21T16:51:50","modified_gmt":"2023-07-21T21:51:50","slug":"feministas-levantan-antimonumenta-en-las-tarascas","status":"publish","type":"post","link":"https:\/\/redsemlac.com\/semmexico\/feministas-levantan-antimonumenta-en-las-tarascas\/","title":{"rendered":"Feministas levantan Antimonumenta en Las Tarascas"},"content":{"rendered":"\n<ul class=\"wp-block-list\"><li><strong>Con la leyenda de \u201cVivas, Libres y Felices\u201d, las mujeres se pronunciaron por un mundo sin cultura patriarcal<\/strong><\/li><\/ul>\n\n\n\n<p class=\"wp-block-paragraph\"><strong>Karla Ayala | El Sol de Morelia<\/strong><\/p>\n\n\n\n<p class=\"wp-block-paragraph\">SemM\u00e9xico\/El Sol de Morelia. Morelia, Michoac\u00e1n. 08 de marzo 2021.-Con latas de pintura en aerosol y sombrillas verdes, feministas de la Asamblea 8M protestaron en el marco del\u00a0<strong>D\u00eda Internacional de la Mujer\u00a0<\/strong>en la fuente de Las Tarascas.<\/p>\n\n\n\n<p class=\"wp-block-paragraph\">Pasadas las 11:00 horas, alrededor de&nbsp;<strong>70 mujeres pintaron consignas feministas&nbsp;<\/strong>como \u201cAbajo el patriarcado\u00bb, \u201cEl machismo mata\u00bb, as\u00ed como&nbsp;<strong>\u201cNi una m\u00e1s\u201d,<\/strong>&nbsp;\u201c Mi vida tiene valor, mi cuerpo no tiene precio\u00bb, \u201cEstamos juntas\u00bb, \u201cLibres\u00bb, entre otros mensajes de colores que quedaron en el asfalto de la avenida Madero a un costado de las Tarascas.<\/p>\n\n\n\n<figure class=\"wp-block-image\"><img decoding=\"async\" src=\"https:\/\/www.elsoldemorelia.com.mx\/local\/j4okw6-antimonumenta\/alternates\/FREE_720\/Antimonumenta\" alt=\"\" title=\"Antimonumenta\"\/><\/figure>\n\n\n\n<p class=\"wp-block-paragraph\">En el jard\u00edn que adorna la fuente, las manifestantes levantaron el pasto para colocar al ras de la tierra una&nbsp;<strong>escultura met\u00e1lica del s\u00edmbolo feminista,<\/strong>&nbsp;en la cual se lee: \u201cVivas, Libres y Felices\u201d en la parte superior, y \u201c\u00a1Ni una m\u00e1s!\u201d en el centro.<\/p>\n\n\n\n<p class=\"wp-block-paragraph\">Sobre Las Tarascas&nbsp;<strong>se coloc\u00f3 una manta que rodea a las tres mujeres<\/strong>&nbsp;y al frente la fotograf\u00eda de Jessica Gonz\u00e1lez, v\u00edctima de feminicidio en septiembre de 2020.<\/p>\n\n\n\n<p class=\"wp-block-paragraph\">Las mujeres vestidas de color negro y morado fijaron postura sobre la situaci\u00f3n de las mujeres trabajadoras, as\u00ed como por la violencia de g\u00e9nero que se vive. Tambi\u00e9n por la&nbsp;<strong>regulaci\u00f3n del aborto y educaci\u00f3n sexual para ni\u00f1as y adolescentes.<\/strong><\/p>\n\n\n\n<p class=\"wp-block-paragraph\">Esta manifestaci\u00f3n se realiz\u00f3 para que haya&nbsp;<strong>menos concentraci\u00f3n durante la marcha de las 16:00 horas,<\/strong>&nbsp;donde est\u00e1n convocadas las integrantes de m\u00e1s de 30 colectivos.<\/p>\n","protected":false},"excerpt":{"rendered":"<p>Con la leyenda de \u201cVivas, Libres y Felices\u201d, las mujeres se pronunciaron por un mundo sin cultura patriarcal<\/p>\n","protected":false},"author":3,"featured_media":32935,"comment_status":"open","ping_status":"open","sticky":false,"template":"","format":"standard","meta":{"_monsterinsights_skip_tracking":false,"footnotes":""},"categories":[692,205,54],"tags":[],"class_list":["post-32934","post","type-post","status-publish","format-standard","has-post-thumbnail","category-692","category-8-de-marzo","category-mujeres"],"_links":{"self":[{"href":"https:\/\/redsemlac.com\/semmexico\/wp-json\/wp\/v2\/posts\/32934","targetHints":{"allow":["GET"]}}],"collection":[{"href":"https:\/\/redsemlac.com\/semmexico\/wp-json\/wp\/v2\/posts"}],"about":[{"href":"https:\/\/redsemlac.com\/semmexico\/wp-json\/wp\/v2\/types\/post"}],"author":[{"embeddable":true,"href":"https:\/\/redsemlac.com\/semmexico\/wp-json\/wp\/v2\/users\/3"}],"replies":[{"embeddable":true,"href":"https:\/\/redsemlac.com\/semmexico\/wp-json\/wp\/v2\/comments?post=32934"}],"version-history":[{"count":0,"href":"https:\/\/redsemlac.com\/semmexico\/wp-json\/wp\/v2\/posts\/32934\/revisions"}],"wp:featuredmedia":[{"embeddable":true,"href":"https:\/\/redsemlac.com\/semmexico\/wp-json\/wp\/v2\/media\/32935"}],"wp:attachment":[{"href":"https:\/\/redsemlac.com\/semmexico\/wp-json\/wp\/v2\/media?parent=32934"}],"wp:term":[{"taxonomy":"category","embeddable":true,"href":"https:\/\/redsemlac.com\/semmexico\/wp-json\/wp\/v2\/categories?post=32934"},{"taxonomy":"post_tag","embeddable":true,"href":"https:\/\/redsemlac.com\/semmexico\/wp-json\/wp\/v2\/tags?post=32934"}],"curies":[{"name":"wp","href":"https:\/\/api.w.org\/{rel}","templated":true}]}}