{"id":32896,"date":"2021-03-08T22:24:30","date_gmt":"2021-03-08T22:24:30","guid":{"rendered":"https:\/\/redsemlac.com\/semmexico\/?p=32896"},"modified":"2023-07-21T16:51:51","modified_gmt":"2023-07-21T21:51:51","slug":"piden-sindicalistas-ratificacion-del-convenio-190-de-la-oit","status":"publish","type":"post","link":"https:\/\/redsemlac.com\/semmexico\/piden-sindicalistas-ratificacion-del-convenio-190-de-la-oit\/","title":{"rendered":"Piden sindicalistas ratificaci\u00f3n del Convenio 190 de la OIT"},"content":{"rendered":"\n<ul class=\"wp-block-list\"><li><strong>En el 8M piden se incluya con urgencia la perspectiva de g\u00e9nero en las pol\u00edticas hacendarias y fiscales<\/strong><\/li><li><strong>Demandan erradicar todo tipo de violencia en el \u00e1mbito laboral<\/strong><\/li><\/ul>\n\n\n\n<p class=\"wp-block-paragraph\"><strong>Lorena Vaniezcot<\/strong><\/p>\n\n\n\n<p class=\"wp-block-paragraph\">SemM\u00e9xico, Cd. de M\u00e9xico, 8 de marzo, 2021.- Contra la violencia, por nuestros derechos y la ratificaci\u00f3n del Convenio 190 de la Organizaci\u00f3n Internacional del Trabajo, es el nombre del pronunciamiento emitido hoy por organizaciones sindicalistas y redes de trabajadoras de M\u00e9xico y exponen que el modelo capitalista ha puesto en crisis sus derechos.<\/p>\n\n\n\n<p class=\"wp-block-paragraph\">En el contexto de la pandemia \u2013exponen- la desocupaci\u00f3n de las mujeres alcanz\u00f3 en 2020 un 22,2 por ciento en Am\u00e9rica Latina, el empleo formal en nuestro pa\u00eds se redujo en 2.1 millones en marzo y abril del mismo a\u00f1o, con gran impacto en los ingresos de los hogares profundizando la brecha salarial y con poco acceso a la internet, con un estimado de 118 millones de mujeres de la regi\u00f3n a vivir en situaci\u00f3n de pobreza.<\/p>\n\n\n\n<p class=\"wp-block-paragraph\">Dirigido al presidente Andr\u00e9s Manuel L\u00f3pez Obrador, a la diputaci\u00f3n federal, a la Suprema Corte de Justicia de la Naci\u00f3n y a las mexicanas, en la conmemoraci\u00f3n del D\u00eda Internacional de la Mujer, pide se incluya con urgencia la perspectiva de g\u00e9nero en las pol\u00edticas hacendarias y fiscales, para que los recursos p\u00fablicos permitan a las mujeres hacer frente y compensar sus ingresos en los sectores econ\u00f3micos formales e informales de la econom\u00eda y por ende definir los impactos diferenciados que afectan a hombres y mujeres para reorientar los recursos de inversi\u00f3n y fiscales que permitan cerrar las desigualdades de g\u00e9nero y lograr una mejor calidad de vida.<\/p>\n\n\n\n<p class=\"wp-block-paragraph\">Garantizar la protecci\u00f3n y seguridad social para los millones de mujeres trabajadoras informales, que les permita atenci\u00f3n m\u00e9dica, incrementar su pensi\u00f3n y llegar a una vejez digna.<\/p>\n\n\n\n<p class=\"wp-block-paragraph\">Respetar los derechos humanos de las mujeres a trav\u00e9s de pol\u00edticas p\u00fablicas integrales con perspectiva de g\u00e9nero para la realizaci\u00f3n de un trabajo digno y priorizarlos en la etapa post pandemia para frenar el aumento a la pobreza y la eliminaci\u00f3n de las desigualdades<\/p>\n\n\n\n<p class=\"wp-block-paragraph\">Retornar a la normalidad con derechos plenos, recuperando los espacios p\u00fablicos ya ganados a lo largo de grandes luchas y que las circunstancias del confinamiento sean la excepci\u00f3n y no la regla, que lo privado sea para nuestro disfrute en lo familiar y comunitario, toda vez que los l\u00edmites entre lo laboral, el cuidado y lo personal lo definimos nosotras y no el capital.<\/p>\n\n\n\n<p class=\"wp-block-paragraph\">Erradicar todo tipo de violencia, detenerla por las enormes dimensiones que est\u00e1 alcanzando seg\u00fan la clase social, el g\u00e9nero, la situaci\u00f3n migratoria. Reconociendo que es a partir del confinamiento el que las mujeres, ni\u00f1as y ni\u00f1os han estado en condiciones vulnerables que las y los ponen en mayor riesgo.<\/p>\n\n\n\n<p class=\"wp-block-paragraph\">En los espacios laborales la violencia que se ejerce en sus diferentes pr\u00e1cticas como el acoso laboral, el acoso y hostigamiento sexual significan para las trabajadoras menoscabo a sus derechos humano laborales, aunado a la baja en sus ingresos e incluso las nulas oportunidades para acceder a una categor\u00eda con mejores salarios y el detrimento a su salud f\u00edsica y mental, por todo ello nos<\/p>\n\n\n\n<p class=\"wp-block-paragraph\">Exigen la ratificaci\u00f3n del Convenio 190 de la Organizaci\u00f3n Internacional del Trabajo para erradicar la violencia en el trabajo y tener espacios sanos y libres de violencia.<\/p>\n\n\n\n<p class=\"wp-block-paragraph\">Requerimos, explican, que se elabore una pol\u00edtica integral de cuidados, en consideraci\u00f3n de la corresponsabilidad del Estado, los patrones, sindicatos y trabajadores.<\/p>\n\n\n\n<p class=\"wp-block-paragraph\">Por tanto, la distribuci\u00f3n de las tareas de los cuidados debe liberar a las mujeres de la carga hist\u00f3rica de ser las \u00fanicas responsables de tareas que se llevan en casa, y tener una vida sin estr\u00e9s que afecta su calidad de vida y que no est\u00e1n reconocidas en los sistemas de salud y en las condiciones generales de trabajo.<\/p>\n\n\n\n<p class=\"wp-block-paragraph\">La incertidumbre del futuro laboral y de vida plena no s\u00f3lo es un asunto personal, es m\u00e1s bien una perspectiva de vida, puesto que la llamada nueva normalidad est\u00e1 significando retrocesos en nuestros derechos fundamentales y por ello hay que estar atentas a la ca\u00edda del producto interno bruto en un nuestro pa\u00eds lo que anuncia graves problemas de pol\u00edtica econ\u00f3mica, salarial, salud y educaci\u00f3n.<\/p>\n\n\n\n<p class=\"wp-block-paragraph\">Las firmantes son integrantes de la Campa\u00f1a Trabajo Digno, Derecho de las Mujeres exigimos trabajo digno con una pol\u00edtica p\u00fablica integral con perspectiva de g\u00e9nero que erradique la violencia de cualquier tipo hac\u00eda las mujeres, el autoritarismo, la pobreza y la desigualdad salarial.<\/p>\n\n\n\n<p class=\"wp-block-paragraph\">\u201cQueremos igualdad sustantiva que promueva la autonom\u00eda econ\u00f3mica y pol\u00edtica, respeto a nuestros derechos humanos y laborales, a decidir sobre nuestros cuerpos y a garantizar un estado laico\u201d.<\/p>\n\n\n\n<h2 class=\"wp-block-heading\"><strong>Lo urgente<\/strong><\/h2>\n\n\n\n<p class=\"wp-block-paragraph\">Se\u00f1alan como urgente que en el \u00e1mbito laboral y en referencia al teletrabajo se respeten los derechos adquiridos, jornada laboral de ocho horas, seguridad social, derecho a la organizaci\u00f3n sindical.<\/p>\n\n\n\n<p class=\"wp-block-paragraph\">Exigen, adem\u00e1s, trabajo digno para las mujeres, a trav\u00e9s de pol\u00edticas p\u00fablicas que incentiven la creaci\u00f3n de empleo formal y permanente, con salarios justos, seguridad social y prestaciones econ\u00f3micas y demandan al gobierno federal la ratificaci\u00f3n del Convenio 190 y la recomendaci\u00f3n 206 de la OIT \u201cSobre la eliminaci\u00f3n de la violencia y el acoso en el mundo del trabajo\u201d.<\/p>\n\n\n\n<p class=\"wp-block-paragraph\">\u201cNecesitamos una pol\u00edtica salarial que erradique la brecha salarial y la brecha digital\u201d, plantean, as\u00ed como garant\u00edas a la seguridad y a la salud en el trabajo.<\/p>\n\n\n\n<p class=\"wp-block-paragraph\">En el documento tambi\u00e9n piden garantizar que sean respetados per\u00edodos m\u00ednimos de descanso, a fin de evitar los efectos negativos sobre la salud y el bienestar de las y los trabajadores y definir turnos, respetar descansos y registrar el desempe\u00f1o de las y los trabajadores.<\/p>\n\n\n\n<p class=\"wp-block-paragraph\">En este contexto de pandemia, consideran fundamental preservar los mismos derechos y prestaciones del trabajo presencial, as\u00ed como la desconexi\u00f3n despu\u00e9s de la jornada laboral para evitar labores en horarios extra y establecer el pago de tiempo extra.<\/p>\n\n\n\n<p class=\"wp-block-paragraph\">Asumir el derecho de las y los trabajadores en cuanto a el pago de incapacidades por enfermedad, enfermedad laboral, embarazo o accidentes de trabajo.<\/p>\n\n\n\n<p class=\"wp-block-paragraph\">En relaci\u00f3n con la violencia, piden garant\u00edas en el acceso a la justicia con medidas integrales y la implementaci\u00f3n de protocolos, que sancionen y erradiquen todos los tipos de violencia, incluyendo el feminicidio, la desaparici\u00f3n forzada, la trata de mujeres y ni\u00f1as con fines de explotaci\u00f3n sexual.<\/p>\n\n\n\n<p class=\"wp-block-paragraph\">Sobre el trabajo de los cuidados, el pronunciamiento plantea la implementaci\u00f3n de pol\u00edticas p\u00fablicas que incorporen la normativa internacional y el reconocimiento del trabajo del cuidado para la construcci\u00f3n de un sistema nacional de cuidados con la participaci\u00f3n activa de la ciudadan\u00eda.<\/p>\n\n\n\n<h2 class=\"wp-block-heading\"><strong>La crisis sanitaria y el trabajo<\/strong><\/h2>\n\n\n\n<p class=\"wp-block-paragraph\">Antes explican que los efectos de la pandemia han profundizado las desigualdades para las mujeres en todos los espacios donde nos encontramos. La crisis del modelo capitalista puso en evidencia el abandono de la garant\u00eda en el acceso a nuestros derechos, generando un retroceso de diez a\u00f1os en la independencia econ\u00f3mica para las mujeres (CEPAL 2021).<\/p>\n\n\n\n<p class=\"wp-block-paragraph\">La crisis sanitaria deton\u00f3 impactos econ\u00f3micos y sociales que han afectado a millones de trabajadores y trabajadoras. El desempleo, la amplia precarizaci\u00f3n de las condiciones de trabajo y el incremento en la carga laboral, derivada del teletrabajo, son algunos de los factores que caracterizan la crisis actual.<\/p>\n\n\n\n<p class=\"wp-block-paragraph\">Con el teletrabajo las desigualdades se han profundizado, con las implicaciones legales y una mayor fiscalizaci\u00f3n por parte de las empresas e instituciones, que no otorgan el derecho a la desconexi\u00f3n, convirtiendo el espacio privado en \u00e1reas de trabajo y reforzando la visi\u00f3n tradicional del papel de las mujeres en casa.<\/p>\n\n\n\n<p class=\"wp-block-paragraph\">Es evidente que la responsabilidad en el acceso y uso de las nuevas tecnolog\u00edas e internet ha sido asumida por las y los trabajadores para garantizar su estabilidad laboral.<\/p>\n\n\n\n<p class=\"wp-block-paragraph\">El teletrabajo se suma a la carga que representa la educaci\u00f3n a distancia de las hijas e hijos, el cuidado de las personas enfermas de COVID-19 y de las personas adultas mayores, as\u00ed como los quehaceres del hogar, lo que incrementa el trabajo no asalariado al interior de los hogares, siendo las mujeres quienes asumen principalmente esta responsabilidad, en consideraci\u00f3n de la divisi\u00f3n sexual del trabajo que este sistema nos ha impuesto, lo cual afecta seriamente la salud f\u00edsica y mental de las mujeres.<\/p>\n\n\n\n<p class=\"wp-block-paragraph\">Es en este contexto de incertidumbre, que la violencia hacia las mujeres ha escalado a niveles alarmantes ante la ausencia de pol\u00edticas p\u00fablicas que tiendan a erradicarla, lo que implica a que las mujeres paguen un alto costo por los impactos de la pandemia y de la violencia del Estado que se ejerce cotidianamente.<\/p>\n\n\n\n<h2 class=\"wp-block-heading\"><strong>Violencia laboral<\/strong><\/h2>\n\n\n\n<p class=\"wp-block-paragraph\">En el \u00e1mbito laboral, la violencia en el trabajo contin\u00faa manifest\u00e1ndose a trav\u00e9s de pr\u00e1cticas nocivas de acoso laboral y acoso sexual, acciones que pretenden intimidar y someter a las trabajadoras a condiciones que atentan contra su dignidad humana, menoscabando sus derechos y limitando posibilidades de mejorar sus condiciones laborales y personales.<\/p>\n\n\n\n<p class=\"wp-block-paragraph\">La precarizaci\u00f3n laboral que enfrentamos las mujeres se ubica en diversos sectores, tales como: el comercio, la manufactura, el turismo, el trabajo dom\u00e9stico remunerado, as\u00ed como aquellas trabajadoras por cuenta propia, cuyas caracter\u00edsticas de gran precariedad, bajos salarios y niveles de calificaci\u00f3n son las que pagan el mayor costo de esta crisis.<\/p>\n\n\n\n<p class=\"wp-block-paragraph\">Mientras las mujeres que trabajan por cuenta propia se enfrentan a problemas de<\/p>\n\n\n\n<p class=\"wp-block-paragraph\">autofinanciamiento y graves barreras para acceder a financiamientos formales, pasando a formar parte de las filas de la informalidad. Todas estas trabajadoras quedan fuera de las medidas de la formalidad laboral y en consecuencia carentes de una seguridad social, prestaciones de ley y condiciones de trabajo dignas.<\/p>\n\n\n\n<p class=\"wp-block-paragraph\">El documento est\u00e1 firmado por la vicepresidencia de Igualdad de G\u00e9nero, Uni\u00f3n Nacional de Trabajadores; Secretaria de Igualdad de G\u00e9nero, Sindicato de Telefonistas de la Rep\u00fablica Mexicana; Sindicato de Trabajadores de la Universidad Aut\u00f3noma de M\u00e9xico; Sindicato \u00danico de Trabajadores Docentes CONALEP; Sindicato Independiente de Trabajadores del Instituto de Educaci\u00f3n Media; Superior SITIEMS; Secretaria de la Mujer, Sindicato Democr\u00e1tico Independiente de Trabajadores del Sistema de Transporte Colectivo Metro;<\/p>\n\n\n\n<p class=\"wp-block-paragraph\">Red de Trabajadoras de la Educaci\u00f3n \u2013SNTE; Red de Mujeres Sindicalistas; Comunidad Burocr\u00e1tica y Movimiento Democr\u00e1tico Nuevo Sindicalismo-SNTE.<\/p>\n","protected":false},"excerpt":{"rendered":"<p>En el 8M piden se incluya con urgencia la perspectiva de g\u00e9nero en las pol\u00edticas hacendarias y fiscales<\/p>\n","protected":false},"author":3,"featured_media":32897,"comment_status":"open","ping_status":"open","sticky":false,"template":"","format":"standard","meta":{"_monsterinsights_skip_tracking":false,"footnotes":""},"categories":[692,205,54],"tags":[],"class_list":["post-32896","post","type-post","status-publish","format-standard","has-post-thumbnail","category-692","category-8-de-marzo","category-mujeres"],"_links":{"self":[{"href":"https:\/\/redsemlac.com\/semmexico\/wp-json\/wp\/v2\/posts\/32896","targetHints":{"allow":["GET"]}}],"collection":[{"href":"https:\/\/redsemlac.com\/semmexico\/wp-json\/wp\/v2\/posts"}],"about":[{"href":"https:\/\/redsemlac.com\/semmexico\/wp-json\/wp\/v2\/types\/post"}],"author":[{"embeddable":true,"href":"https:\/\/redsemlac.com\/semmexico\/wp-json\/wp\/v2\/users\/3"}],"replies":[{"embeddable":true,"href":"https:\/\/redsemlac.com\/semmexico\/wp-json\/wp\/v2\/comments?post=32896"}],"version-history":[{"count":0,"href":"https:\/\/redsemlac.com\/semmexico\/wp-json\/wp\/v2\/posts\/32896\/revisions"}],"wp:featuredmedia":[{"embeddable":true,"href":"https:\/\/redsemlac.com\/semmexico\/wp-json\/wp\/v2\/media\/32897"}],"wp:attachment":[{"href":"https:\/\/redsemlac.com\/semmexico\/wp-json\/wp\/v2\/media?parent=32896"}],"wp:term":[{"taxonomy":"category","embeddable":true,"href":"https:\/\/redsemlac.com\/semmexico\/wp-json\/wp\/v2\/categories?post=32896"},{"taxonomy":"post_tag","embeddable":true,"href":"https:\/\/redsemlac.com\/semmexico\/wp-json\/wp\/v2\/tags?post=32896"}],"curies":[{"name":"wp","href":"https:\/\/api.w.org\/{rel}","templated":true}]}}