{"id":32887,"date":"2021-03-08T21:31:40","date_gmt":"2021-03-08T21:31:40","guid":{"rendered":"https:\/\/redsemlac.com\/semmexico\/?p=32887"},"modified":"2023-07-21T16:51:51","modified_gmt":"2023-07-21T21:51:51","slug":"piden-guerrerenses-poner-al-frente-del-proceso-electoral-la-agenda-de-genero","status":"publish","type":"post","link":"https:\/\/redsemlac.com\/semmexico\/piden-guerrerenses-poner-al-frente-del-proceso-electoral-la-agenda-de-genero\/","title":{"rendered":"Piden guerrerenses poner al frente del proceso electoral la agenda de g\u00e9nero"},"content":{"rendered":"\n<ul class=\"wp-block-list\"><li><strong>En el 8M emiten pronunciamiento feminista de esa entidad<\/strong><\/li><li><strong>La agenda comprende derechos humanos de las mujeres, como la no violencia y el aborto legal<\/strong><\/li><\/ul>\n\n\n\n<p class=\"wp-block-paragraph\"><strong>Josefina Aguilar Pastor<\/strong><\/p>\n\n\n\n<p class=\"wp-block-paragraph\">SemM\u00e9xico, Chilpancingo, Gro., 8 de marzo, 2021.- Poner al frente la Agenda de G\u00e9nero, dentro del proceso electoral que se vive en el Estado de Guerrero, exigieron integrantes del movimiento amplio de mujeres, representantes de organizaciones de la sociedad civil.<\/p>\n\n\n\n<p class=\"wp-block-paragraph\">Dentro de la conmemoraci\u00f3n del D\u00eda internacional de la Mujer y en pleno desarrollo del proceso electoral, integrantes del movimiento feminista guerrerense, emitieron este lunes un pronunciamiento \u201cConmemorando la lucha del movimiento feminista, reivindicando y consolidando nuestros derechos humanos\u201d.<\/p>\n\n\n\n<p class=\"wp-block-paragraph\">En dicho documento exigen el cumplimiento de 13 puntos establecidos en su agenda de g\u00e9nero.<\/p>\n\n\n\n<p class=\"wp-block-paragraph\">Entre ellos, el acatamiento cabal de las medidas bajo estrictos resultados monitoreados por indicadores de cumplimiento, resultado y de impacto de las Alertas de Violencia de G\u00e9nero por Violencia Feminicida y por Agravio Comparado; cese a la impunidad en los feminicidios, los cr\u00edmenes de odio y todos los delitos cometidos contra la vida y la integridad de las mujeres y las ni\u00f1as.<\/p>\n\n\n\n<p class=\"wp-block-paragraph\">Presupuesto para programas y proyectos destinados a prevenir, atender, sancionar y erradicar la violencia contra las mujeres; transparencia de todas las instituciones del estado P\u00fablicas o privadas respecto a los recursos p\u00fablicos que ejercen vinculados a las acciones para prevenir, atender, sancionar y erradicar la violencia contra las ni\u00f1as y mujeres.<\/p>\n\n\n\n<p class=\"wp-block-paragraph\">Garantizar de acuerdo a la legislaci\u00f3n vigente la perspectiva g\u00e9nero porque significa una herramienta vinculada a mejorar el quehacer institucional y pol\u00edtico que ofrece soluciones profundas y estructurales para reducir las brechas de g\u00e9nero, hacer efectivo el derecho de las mujeres a participar en todos los espacios pol\u00edticos en condiciones de igualdad con los hombres y libres de violencia.<\/p>\n\n\n\n<p class=\"wp-block-paragraph\">Paridad total en los tres niveles de gobierno y tres poderes del estado; alto a la represi\u00f3n de la lucha social y la protesta, garant\u00edas para todas las defensoras de derechos humanos y libertad para nuestra compa\u00f1era Kenia Hern\u00e1ndez presa en un penal de Morelos; la despenalizaci\u00f3n del aborto por la salud y la vida de las mujeres; participaci\u00f3n Pol\u00edtica de las mujeres, libre de violencia.<\/p>\n\n\n\n<p class=\"wp-block-paragraph\">Aborto legal, seguro y gratuito; reconocimiento laboral de mujeres trabajadoras del hogar en el marco legislativo estatal, y garantizar a las mujeres ind\u00edgenas y afroamericanas programas con perspectiva intercultural, detener la discriminaci\u00f3n y que los servicios sean en su lengua materna.<\/p>\n\n\n\n<p class=\"wp-block-paragraph\">Al mismo tiempo, destacan el incremento de la violencia contra las mujeres en los espacios p\u00fablicos y privados, la desaparici\u00f3n y la trata, las cuales en estos 12 meses de confinamiento por la pandemia Covid19.<\/p>\n\n\n\n<p class=\"wp-block-paragraph\">Esta situaci\u00f3n advierten, amenaza con retroceder los avances en cuanto a los derechos humanos de las mujeres, tales como los derechos sexuales y reproductivos; derecho a una vida sexual sin estigma ni discriminaci\u00f3n; a vivir el placer; a decidir o no una vida reproductiva; derecho a una educaci\u00f3n sexual desde la infancia, a decidir a interrumpir el embarazo de manera libre y voluntaria, el derecho a una vida libre de violencia en lo p\u00fablico y en lo privado; a la libertad y la seguridad, a la atenci\u00f3n pronta y expedita, y presunci\u00f3n de buena fe; as\u00ed como el derecho a la igualdad y la no discriminaci\u00f3n.<\/p>\n\n\n\n<p class=\"wp-block-paragraph\">Por ello, el movimiento amplio de mujeres, representantes de organizaciones de la sociedad civil, colectivas, activistas y acad\u00e9micas feministas en Guerrero, llamaron a colocar en el centro del debate pol\u00edtico las demandas de las mujeres, ante el contexto de polarizaci\u00f3n generado en este proceso electoral, a fin de que sean tomadas en cuenta con propuestas serias y factibles.<\/p>\n\n\n\n<p class=\"wp-block-paragraph\">SEM\/jap\/sj<\/p>\n","protected":false},"excerpt":{"rendered":"<p>En el 8M emiten pronunciamiento feminista de esa entidad<\/p>\n","protected":false},"author":3,"featured_media":32888,"comment_status":"open","ping_status":"open","sticky":false,"template":"","format":"standard","meta":{"_monsterinsights_skip_tracking":false,"footnotes":""},"categories":[692,205,54],"tags":[],"class_list":["post-32887","post","type-post","status-publish","format-standard","has-post-thumbnail","category-692","category-8-de-marzo","category-mujeres"],"_links":{"self":[{"href":"https:\/\/redsemlac.com\/semmexico\/wp-json\/wp\/v2\/posts\/32887","targetHints":{"allow":["GET"]}}],"collection":[{"href":"https:\/\/redsemlac.com\/semmexico\/wp-json\/wp\/v2\/posts"}],"about":[{"href":"https:\/\/redsemlac.com\/semmexico\/wp-json\/wp\/v2\/types\/post"}],"author":[{"embeddable":true,"href":"https:\/\/redsemlac.com\/semmexico\/wp-json\/wp\/v2\/users\/3"}],"replies":[{"embeddable":true,"href":"https:\/\/redsemlac.com\/semmexico\/wp-json\/wp\/v2\/comments?post=32887"}],"version-history":[{"count":0,"href":"https:\/\/redsemlac.com\/semmexico\/wp-json\/wp\/v2\/posts\/32887\/revisions"}],"wp:featuredmedia":[{"embeddable":true,"href":"https:\/\/redsemlac.com\/semmexico\/wp-json\/wp\/v2\/media\/32888"}],"wp:attachment":[{"href":"https:\/\/redsemlac.com\/semmexico\/wp-json\/wp\/v2\/media?parent=32887"}],"wp:term":[{"taxonomy":"category","embeddable":true,"href":"https:\/\/redsemlac.com\/semmexico\/wp-json\/wp\/v2\/categories?post=32887"},{"taxonomy":"post_tag","embeddable":true,"href":"https:\/\/redsemlac.com\/semmexico\/wp-json\/wp\/v2\/tags?post=32887"}],"curies":[{"name":"wp","href":"https:\/\/api.w.org\/{rel}","templated":true}]}}