{"id":32784,"date":"2021-03-07T16:14:54","date_gmt":"2021-03-07T16:14:54","guid":{"rendered":"https:\/\/redsemlac.com\/semmexico\/?p=32784"},"modified":"2023-07-21T16:51:55","modified_gmt":"2023-07-21T21:51:55","slug":"justicia-para-jackie-campbell-davila-quien-sigue-recibiendo-hostilidad-y-amenazas","status":"publish","type":"post","link":"https:\/\/redsemlac.com\/semmexico\/justicia-para-jackie-campbell-davila-quien-sigue-recibiendo-hostilidad-y-amenazas\/","title":{"rendered":"Justicia para Jackie Campbell D\u00e1vila, quien sigue recibiendo hostilidad y amenazas"},"content":{"rendered":"\n<ul class=\"wp-block-list\"><li><strong>Se suma a la demanda el <\/strong><strong>Consejo de Educaci\u00f3n Popular de Am\u00e9rica Latina y el Caribe, y cien organizaciones solidarias<\/strong><\/li><\/ul>\n\n\n\n<ul class=\"wp-block-list\"><li><strong>Las Naciones Unidas, s\u00f3lo tomaron nota, le enviaron una simple toma de nota<\/strong><\/li><\/ul>\n\n\n\n<p class=\"wp-block-paragraph\">Elda Montiel<\/p>\n\n\n\n<p class=\"wp-block-paragraph\">SemM\u00e9xico. Cd. de M\u00e9xico. 7 de marzo 2021. El Consejo de Educaci\u00f3n Popular de Am\u00e9rica Latina y el Caribe \u2013 M\u00e9xico CEAAL, junto con 99 organizaciones y 257 personas abajo firmantes manifiestan su preocupaci\u00f3n y rechazo por el constante ataque, acoso, e invasi\u00f3n a la privacidad de la compa\u00f1era Jaqueline Campbell D\u00e1vila, periodista y defensora de derechos humanos.<\/p>\n\n\n\n<p class=\"wp-block-paragraph\">Exigen a las autoridades del gobierno de Coahuila y Fiscal\u00eda General del Estado de Coahuila realicen una investigaci\u00f3n pronta y expedita por los actos de intimidaci\u00f3n, acoso, hostigamiento, el allanamiento a su casa y la invasi\u00f3n a la privacidad de la compa\u00f1era, as\u00ed como investigaci\u00f3n y sanci\u00f3n a los responsables de los hechos ocurridos.<\/p>\n\n\n\n<p class=\"wp-block-paragraph\">Refieren que, durante la noche del 2 febrero del presente a\u00f1o, la casa de la defensora de Derechos Humanos fue nuevamente allanada. Fue evidente que no se trataba de un robo com\u00fan, ya que no se llevaron pertenencias de valor, tampoco es un hecho aislado, ni \u00fanico.<\/p>\n\n\n\n<p class=\"wp-block-paragraph\">En ocasiones anteriores la compa\u00f1era Jackie Campbell; como en el evento del 2 de febrero, fue v\u00edctima de acoso, hostigamiento e intimidaciones y amenazas veladas, por el trabajo de defensa de derechos humanos, defensa de la tierra, del agua, del territorio, de los derechos de las mujeres y de las personas privadas de la libertad.<\/p>\n\n\n\n<p class=\"wp-block-paragraph\">El 14 de febrero del presente a\u00f1o, nuevamente es agredida, despoj\u00e1ndola de toda su informaci\u00f3n digital, desconociendo y anulando as\u00ed su trabajo, como periodista y defensora de derechos humanos.<\/p>\n\n\n\n<p class=\"wp-block-paragraph\">Esta petici\u00f3n y estas organizaciones se suman, a las mujeres defensoras de derechos humanos, de M\u00e9xico y Am\u00e9rica Latina que desde el 3 de febrero exigieron por escrito una respuesta de las autoridades federales y locales de&nbsp;Coahuila para que&nbsp;atiendan con&nbsp;&nbsp;&nbsp;prontitud e integralidad las agresiones que&nbsp;ha vivido&nbsp;la periodista Jackie Campbell D\u00e1vila.<\/p>\n\n\n\n<p class=\"wp-block-paragraph\">Por otra parte, la Oficina en M\u00e9xico del Alto Comisionado de las Naciones Unidas para los Derechos Humanos (ONU-DH) recibi\u00f3 la carta de la periodista en la que les solicita el apoyo para evitar un pr\u00f3ximo y m\u00e1s fuerte ataque por la defensa de mujeres desaparecidas y feminicidio. El organismo respondi\u00f3 que ya est\u00e1 al tanto y dar\u00e1 seguimiento.&nbsp;<\/p>\n\n\n\n<p class=\"wp-block-paragraph\">El activista Polonio Lecumberri en su cuenta de Facebook se hace eco a estas peticiones y espera que las escuchen Fiscal\u00eda General del Estado de Coahuila de Zaragoza, el Gobierno del Estado de Coahuila, as\u00ed como ONUDHM\u00e9xico; Mary Lawlor Red Defensoras DH; Colectivo S\u00ed a la vida: la lucha de General &nbsp;Cepeda; Fr. Ra\u00fal Vera L\u00f3pez; Op Rafto, Foundation for Human Rights Adveniat.<\/p>\n","protected":false},"excerpt":{"rendered":"<p>Las Naciones Unidas, s\u00f3lo tomaron nota, le enviaron una simple toma de nota<\/p>\n","protected":false},"author":3,"featured_media":32785,"comment_status":"open","ping_status":"open","sticky":false,"template":"","format":"standard","meta":{"_monsterinsights_skip_tracking":false,"footnotes":""},"categories":[692,54],"tags":[],"class_list":["post-32784","post","type-post","status-publish","format-standard","has-post-thumbnail","category-692","category-mujeres"],"_links":{"self":[{"href":"https:\/\/redsemlac.com\/semmexico\/wp-json\/wp\/v2\/posts\/32784","targetHints":{"allow":["GET"]}}],"collection":[{"href":"https:\/\/redsemlac.com\/semmexico\/wp-json\/wp\/v2\/posts"}],"about":[{"href":"https:\/\/redsemlac.com\/semmexico\/wp-json\/wp\/v2\/types\/post"}],"author":[{"embeddable":true,"href":"https:\/\/redsemlac.com\/semmexico\/wp-json\/wp\/v2\/users\/3"}],"replies":[{"embeddable":true,"href":"https:\/\/redsemlac.com\/semmexico\/wp-json\/wp\/v2\/comments?post=32784"}],"version-history":[{"count":0,"href":"https:\/\/redsemlac.com\/semmexico\/wp-json\/wp\/v2\/posts\/32784\/revisions"}],"wp:featuredmedia":[{"embeddable":true,"href":"https:\/\/redsemlac.com\/semmexico\/wp-json\/wp\/v2\/media\/32785"}],"wp:attachment":[{"href":"https:\/\/redsemlac.com\/semmexico\/wp-json\/wp\/v2\/media?parent=32784"}],"wp:term":[{"taxonomy":"category","embeddable":true,"href":"https:\/\/redsemlac.com\/semmexico\/wp-json\/wp\/v2\/categories?post=32784"},{"taxonomy":"post_tag","embeddable":true,"href":"https:\/\/redsemlac.com\/semmexico\/wp-json\/wp\/v2\/tags?post=32784"}],"curies":[{"name":"wp","href":"https:\/\/api.w.org\/{rel}","templated":true}]}}