{"id":32781,"date":"2021-03-07T16:11:47","date_gmt":"2021-03-07T16:11:47","guid":{"rendered":"https:\/\/redsemlac.com\/semmexico\/?p=32781"},"modified":"2023-07-21T16:51:55","modified_gmt":"2023-07-21T21:51:55","slug":"por-covid-19-aumentaron-los-suicidios-en-mujeres-un-83-por-ciento","status":"publish","type":"post","link":"https:\/\/redsemlac.com\/semmexico\/por-covid-19-aumentaron-los-suicidios-en-mujeres-un-83-por-ciento\/","title":{"rendered":"Por Covid 19 aumentaron los suicidios en mujeres un 83 por ciento"},"content":{"rendered":"\n<ul class=\"wp-block-list\"><li><strong>Fueron mucho m\u00e1s afectadas que los hombres, donde creci\u00f3 22&nbsp; por ciento<\/strong><\/li><li><strong>Experto habla de la estructura familiar, que se carga principalmente en las madres y responsables de los cuidados<\/strong><\/li><\/ul>\n\n\n\n<p class=\"wp-block-paragraph\">Elda Montiel<\/p>\n\n\n\n<p class=\"wp-block-paragraph\">SemM\u00e9xico. Cd. de M\u00e9xico 7 de marzo 2021.- Por la emergencia sanitaria del Covid 19, el suicidio en las mujeres aumento el a\u00f1o pasado, un 83 por ciento, en comparaci\u00f3n al 2019, debido a que las mujeres son las que resultaron m\u00e1s afectadas por el aislamiento social, y son las responsables de las hijas e hijos, sin trabajo y sin recursos.<\/p>\n\n\n\n<p class=\"wp-block-paragraph\">El suicidio en los hombres aumento en 22 por ciento, y en las mujeres, se dio este aumento fundamentalmente &nbsp;en las zonas expulsoras de migrantes, refiri\u00f3 Gerardo del Lago Acosta, ingeniero biom\u00e9dico, especialista en seguridad y de acuerdo a un estudio a nivel mundial.&nbsp;<\/p>\n\n\n\n<p class=\"wp-block-paragraph\">En la ponencia \u201cSuicidio durante el encierro. Un efecto de la pandemia del que poco se habla\u201d, Gerardo del Lago preciso que durante la pandemia debido a estructura de los hogares, l son las mujeres la base de las familias, tuvieron mayores problemas de salud mental como depresi\u00f3n, ansiedad, y estr\u00e9s un 27 por ciento, mayor a problemas de infarto que son los que afecta m\u00e1s los hombres.<\/p>\n\n\n\n<p class=\"wp-block-paragraph\">En el Foro \u201cS\u00e1bados del Capit\u00e1n\u201d organizado por la Asociaci\u00f3n Mexicana de Empresas de Seguridad Privada (AMESP) detall\u00f3 que el autoaislamiento aumenta la ansiedad por lo incierto del futuro por la pandemia. Preocupaci\u00f3n por la seguridad econ\u00f3mica, perder el empleo, bajo sueldo, poco o ning\u00fan acceso a medicamentos por falta de recursos, el no poder acudir a un hospital o cl\u00ednica por estar saturados, son algunos de los factores que inciden negativamente en la salud mental.<\/p>\n\n\n\n<p class=\"wp-block-paragraph\">La cuarentena tambi\u00e9n puede provocar asilamiento emocional, ya que, al estar separados f\u00edsicamente de la familia, sienten ser una carga y rechazados por tener la enfermedad.<\/p>\n\n\n\n<p class=\"wp-block-paragraph\">El sentirse aislado emocionalmente aumenta el riesgo de suicidio, adem\u00e1s del miedo de todas y todos se ser infectados o poder infectar a los dem\u00e1s. Tambi\u00e9n hay que agregar que no se puede visitar a los enfermos y que tampoco, si fallecen no se les puede acompa\u00f1ar en el funeral.<\/p>\n\n\n\n<p class=\"wp-block-paragraph\">Otro aspecto negativo del aislamiento es que aumenta el maltrato o violencia intrafamiliar entre parejas, o entre padres e hijas e hijos.<\/p>\n\n\n\n<p class=\"wp-block-paragraph\">Defini\u00f3 el suicidio como el acto deliberado de quitarse la vida, y que tiene un proceso que se conoce como actividad suicida que se puede detectar y evitar. Recomienda tomar en serio las se\u00f1ales de un comportamiento suicida como animar a la persona a buscar tratamiento y ayuda profesional. Tener comunicaci\u00f3n con ella para sacarla del circulo vicioso de la depresi\u00f3n.<\/p>\n\n\n\n<p class=\"wp-block-paragraph\">No burlarse ni guardar el secreto de las intenciones suicidas. Evitar que consuma drogas o alcohol.<\/p>\n\n\n\n<p class=\"wp-block-paragraph\">En el foro \u201cS\u00e1bados del Capit\u00e1n\u201d que se transmite todos los s\u00e1bados a las 10 horas por la plataforma zoom y se puede acceder por las redes sociales de Facebook, Instagram, twitter como amesp.seguridad privada.<\/p>\n","protected":false},"excerpt":{"rendered":"<p>Fueron mucho m\u00e1s afectadas que los hombres, donde creci\u00f3 22  por ciento<\/p>\n","protected":false},"author":3,"featured_media":32782,"comment_status":"open","ping_status":"open","sticky":false,"template":"","format":"standard","meta":{"_monsterinsights_skip_tracking":false,"footnotes":""},"categories":[692,135],"tags":[],"class_list":["post-32781","post","type-post","status-publish","format-standard","has-post-thumbnail","category-692","category-emergencia-sanitaria-covid-19"],"_links":{"self":[{"href":"https:\/\/redsemlac.com\/semmexico\/wp-json\/wp\/v2\/posts\/32781","targetHints":{"allow":["GET"]}}],"collection":[{"href":"https:\/\/redsemlac.com\/semmexico\/wp-json\/wp\/v2\/posts"}],"about":[{"href":"https:\/\/redsemlac.com\/semmexico\/wp-json\/wp\/v2\/types\/post"}],"author":[{"embeddable":true,"href":"https:\/\/redsemlac.com\/semmexico\/wp-json\/wp\/v2\/users\/3"}],"replies":[{"embeddable":true,"href":"https:\/\/redsemlac.com\/semmexico\/wp-json\/wp\/v2\/comments?post=32781"}],"version-history":[{"count":0,"href":"https:\/\/redsemlac.com\/semmexico\/wp-json\/wp\/v2\/posts\/32781\/revisions"}],"wp:featuredmedia":[{"embeddable":true,"href":"https:\/\/redsemlac.com\/semmexico\/wp-json\/wp\/v2\/media\/32782"}],"wp:attachment":[{"href":"https:\/\/redsemlac.com\/semmexico\/wp-json\/wp\/v2\/media?parent=32781"}],"wp:term":[{"taxonomy":"category","embeddable":true,"href":"https:\/\/redsemlac.com\/semmexico\/wp-json\/wp\/v2\/categories?post=32781"},{"taxonomy":"post_tag","embeddable":true,"href":"https:\/\/redsemlac.com\/semmexico\/wp-json\/wp\/v2\/tags?post=32781"}],"curies":[{"name":"wp","href":"https:\/\/api.w.org\/{rel}","templated":true}]}}