{"id":32778,"date":"2021-03-07T01:29:13","date_gmt":"2021-03-07T01:29:13","guid":{"rendered":"https:\/\/redsemlac.com\/semmexico\/?p=32778"},"modified":"2023-07-21T16:51:55","modified_gmt":"2023-07-21T21:51:55","slug":"ante-el-8-de-marzo-amlo-no-tiene-miedo-ni-es-cobarde-pero-hay-que-proteger-los-edificios","status":"publish","type":"post","link":"https:\/\/redsemlac.com\/semmexico\/ante-el-8-de-marzo-amlo-no-tiene-miedo-ni-es-cobarde-pero-hay-que-proteger-los-edificios\/","title":{"rendered":"Ante el 8 de marzo, AMLO no tiene miedo ni es cobarde, pero hay que proteger los edificios"},"content":{"rendered":"\n<ul class=\"wp-block-list\" id=\"block-4630e7ba-8fcb-4779-aa9f-b318a667af53\"><li><strong>Dice la Secretaria de Gobernaci\u00f3n que el blindaje es \u201cpara protegernos\u201d<\/strong><\/li><\/ul>\n\n\n\n<p class=\"wp-block-paragraph\"><strong>Elda Montiel<\/strong><\/p>\n\n\n\n<p class=\"wp-block-paragraph\">SemM\u00e9xico. Cd. de M\u00e9xico. 6 de marzo 2021.- El exagerado amurallamiento de Palacio Nacional previo al 8 de marzo, ha encendido a\u00fan m\u00e1s las protestas de las feministas, colectivos, organizaciones de derechos humanos y mujeres en lo individual, contra la administraci\u00f3n del Presidente Andr\u00e9s Manuel L\u00f3pez Obrador que no oculta la animadversi\u00f3n hacia el derecho de las mujeres a la libertad de expresi\u00f3n y de libre reuni\u00f3n.<\/p>\n\n\n\n<p class=\"wp-block-paragraph\">El pr\u00f3ximo lunes ser\u00e1 8 de marzo, d\u00eda instaurado por la II Conferencia Mundial de Mujeres Socialistas en 1910 y reconocido Organizaci\u00f3n de las Naciones Unidas, en &nbsp;1975, como D\u00eda Internacional de la Mujer, las mexicanas, organizadas o no en grupos o colectivos, en la ciudad de M\u00e9xico se manifiestan p\u00fablicamente para protestar por la violencia generalizada contra las mujeres.<\/p>\n\n\n\n<p class=\"wp-block-paragraph\">Ante el despliegue de las murallas el Jefe del Ejecutivo sostuvo que se busca proteger los edificios hist\u00f3ricos de la ciudad de M\u00e9xico, que \u201ces mejor protegerlos, pero no se impide el derecho de la manifestaci\u00f3n\u201d.&nbsp; Hay cientos de reacciones a este declaraci\u00f3n, de mujeres, legisladoras, colectivas, medios de comunicaci\u00f3n, nacionales y extranjeros.<\/p>\n\n\n\n<p class=\"wp-block-paragraph\">Sin embargo, afirm\u00f3 la ma\u00f1ana de este s\u00e1bado 6 de marzo, durante la visita en Yucat\u00e1n, que \u201cUtilizan como forma de protesta la violencia y tiran bombas molotov y no queremos heridos en ning\u00fan bando\u201d. No queremos que haya heridos de las fuerzas de seguridad p\u00fablica ni queremos que las mujeres que protestan usando este derecho salgan afectadas\u201d.<\/p>\n\n\n\n<p class=\"wp-block-paragraph\">Descart\u00f3 que se tenga miedo ante las movilizaciones \u201cPero que eso no se confunda, no es miedo. Todos los seres humanos tenemos miedo, pero es distinto el miedo a la cobard\u00eda, yo puedo tener miedo, pero no soy cobarde\u201d.&nbsp;&nbsp;<\/p>\n\n\n\n<p class=\"wp-block-paragraph\">Por otra parte, en entrevista radiof\u00f3nica con Azucena Uresti, la secretaria de Gobernaci\u00f3n, Olga S\u00e1nchez Cordero, que no se cansa de decir que es feminista, asegur\u00f3 que ni ella ni el Ejecutivo tienen la intenci\u00f3n de reprimir las protestas de las mujeres este 8 de marzo y adelant\u00f3 que s\u00f3lo habr\u00e1 presencia de mujeres polic\u00edas durante la marcha. Explic\u00f3 que las vallas se instalaron para \u201cproteger a las mujeres\u201d.<\/p>\n\n\n\n<p class=\"wp-block-paragraph\">Precis\u00f3 que \u201cen a\u00f1os anteriores, incluso fueron quemadas las puertas de Palacio Nacional\u2026Insisti\u00f3 que varias mujeres salieron lesionadas, quemadas, de las mismas mujeres que, lamentablemente, con una falta de sororidad. Expres\u00f3 que es \u201cimpresionante, atacaban a las mujeres polic\u00edas y se atacaban entre ellas\u201d.<\/p>\n\n\n\n<p class=\"wp-block-paragraph\">Tras enfatizar que el movimiento feminista va m\u00e1s all\u00e1 de estratos o luchas pol\u00edticas, que va hacia la igualdad sustantiva, la no discriminaci\u00f3n, es la oportunidad de romper techos de cristal.<\/p>\n\n\n\n<p class=\"wp-block-paragraph\">M\u00e9xico, el pa\u00eds donde se cuidan m\u00e1s las paredes, monumentos y edificios que las vidas de las&nbsp;mujeres. As\u00ed se preparan en&nbsp;Palacio Nacional&nbsp;para recibir las manifestaciones de mujeres del #8M2021 #NingunAgresorEnElPoder\u201d, refiri\u00f3 la usuaria @MarthaTagle. Feminista y diputada por Movimiento Ciudadano.<\/p>\n\n\n\n<p class=\"wp-block-paragraph\">En Facebook, la diputada Guadalupe Almaguer, se\u00f1ala El PALACIO DE LA PUREZA! Resguarda y protege al PATRIARCA, presidente ! Que cobija y blinda en impunidad machista a un violador como candidato a gobernador en Guerrero.<\/p>\n\n\n\n<p class=\"wp-block-paragraph\">Desprecian, odian y permiten VIOLENCIA SEXUAL Y FEMINICIDA EN MEXICO .<\/p>\n\n\n\n<p class=\"wp-block-paragraph\">Las plataformas informativas dan cuenta de las reacciones de feministas como Patricia Olamendi, abogada y defensora de derechos humanos, que preguntaron \u00bfTanto miedo nos tienen?<\/p>\n\n\n\n<p class=\"wp-block-paragraph\">Lydia Cacho posteo \u201cNing\u00fan presidente hab\u00eda temido tanto a las mujeres mexicanas y la reivindicaci\u00f3n de nuestros derechos humanos. Las mujeres somos el pueblo bueno \u00bfa qu\u00e9 le teme presidente? @lopezobrador_#8M2021<\/p>\n\n\n\n<p class=\"wp-block-paragraph\">Tambi\u00e9n en Twittear posteo Denise Dresser \u201cOjal\u00e1 las mujeres estuvieran tan protegidas y cuidadas como el hombre que vive en Palacio y mostr\u00f3 fotograf\u00edas.<\/p>\n\n\n\n<p class=\"wp-block-paragraph\">Pascal Beltr\u00e1n del R\u00edo en Twittear, \u201cNunca en la historia hab\u00edan colocado vallas as\u00ed frente a Palacio Nacional. El Presidente dice que a \u00e9l lo cuida el pueblo\u201d y mostr\u00f3 un video de c\u00f3mo se instalan las vallas.&nbsp;&nbsp;&nbsp;<\/p>\n\n\n\n<p class=\"wp-block-paragraph\">Le\u00f3n Krauze, twitea \u201cEl Presidente de Izquierda protege el palacio donde vive contra la indignaci\u00f3n de las mujeres del pa\u00eds que gobierna\u201d y presenta una panor\u00e1mica de la muralla que protege Palacio Nacional.&nbsp;<\/p>\n\n\n\n<p class=\"wp-block-paragraph\">Feministas y colectivas de la Ciudad de M\u00e9xico, como el Bloque Negro que se distingue por sus acciones radicales en inmuebles, anunciaron que saldr\u00e1n a protestar el pr\u00f3ximo 8 de marzo en el D\u00eda Internacional de las Mujeres.<\/p>\n\n\n\n<p class=\"wp-block-paragraph\">Daniela Francisca Cerva Cerna, Catedr\u00e1tica de la Universidad Aut\u00f3noma de Morelos, Al dictar la conferencia \u201cLa Protesta Feminista en M\u00e9xico como Derecho Humano a la Libre Expresi\u00f3n\u201d, en el INE, asever\u00f3 que las protestas feministas en las universidades y en las calles son reflejo de la tensi\u00f3n que se vive en torno al tratamiento de las situaciones de violencia en contra de las mujeres.<\/p>\n\n\n\n<p class=\"wp-block-paragraph\">Destac\u00f3 que cuando la autoridad deslegitima a un actor que quiere protestar, minimiza su lucha y abre paso para que otros sectores de la sociedad puedan tener conductas injustas hacia esos grupos, lo que puede traducirse en violencia.<\/p>\n","protected":false},"excerpt":{"rendered":"<p>Dice la Secretaria de Gobernaci\u00f3n que el blindaje es \u201cpara protegernos\u201d<\/p>\n","protected":false},"author":3,"featured_media":32779,"comment_status":"open","ping_status":"open","sticky":false,"template":"","format":"standard","meta":{"_monsterinsights_skip_tracking":false,"footnotes":""},"categories":[692,54],"tags":[],"class_list":["post-32778","post","type-post","status-publish","format-standard","has-post-thumbnail","category-692","category-mujeres"],"_links":{"self":[{"href":"https:\/\/redsemlac.com\/semmexico\/wp-json\/wp\/v2\/posts\/32778","targetHints":{"allow":["GET"]}}],"collection":[{"href":"https:\/\/redsemlac.com\/semmexico\/wp-json\/wp\/v2\/posts"}],"about":[{"href":"https:\/\/redsemlac.com\/semmexico\/wp-json\/wp\/v2\/types\/post"}],"author":[{"embeddable":true,"href":"https:\/\/redsemlac.com\/semmexico\/wp-json\/wp\/v2\/users\/3"}],"replies":[{"embeddable":true,"href":"https:\/\/redsemlac.com\/semmexico\/wp-json\/wp\/v2\/comments?post=32778"}],"version-history":[{"count":0,"href":"https:\/\/redsemlac.com\/semmexico\/wp-json\/wp\/v2\/posts\/32778\/revisions"}],"wp:featuredmedia":[{"embeddable":true,"href":"https:\/\/redsemlac.com\/semmexico\/wp-json\/wp\/v2\/media\/32779"}],"wp:attachment":[{"href":"https:\/\/redsemlac.com\/semmexico\/wp-json\/wp\/v2\/media?parent=32778"}],"wp:term":[{"taxonomy":"category","embeddable":true,"href":"https:\/\/redsemlac.com\/semmexico\/wp-json\/wp\/v2\/categories?post=32778"},{"taxonomy":"post_tag","embeddable":true,"href":"https:\/\/redsemlac.com\/semmexico\/wp-json\/wp\/v2\/tags?post=32778"}],"curies":[{"name":"wp","href":"https:\/\/api.w.org\/{rel}","templated":true}]}}