{"id":32774,"date":"2021-03-07T02:57:00","date_gmt":"2021-03-07T02:57:00","guid":{"rendered":"https:\/\/redsemlac.com\/semmexico\/?p=32774"},"modified":"2023-07-21T16:51:55","modified_gmt":"2023-07-21T21:51:55","slug":"el-feminismo-no-para-josefina-chavez","status":"publish","type":"post","link":"https:\/\/redsemlac.com\/semmexico\/el-feminismo-no-para-josefina-chavez\/","title":{"rendered":"El feminismo no para: Josefina Ch\u00e1vez"},"content":{"rendered":"\n<figure class=\"wp-block-image size-large\"><a href=\"https:\/\/redsemlac.com\/semmexico\/wp-content\/uploads\/2021\/03\/identidad-dia-mujer.png\"><img loading=\"lazy\" decoding=\"async\" width=\"720\" height=\"169\" src=\"https:\/\/redsemlac.com\/semmexico\/wp-content\/uploads\/2021\/03\/identidad-dia-mujer.png\" alt=\"\" class=\"wp-image-32763\"\/><\/a><\/figure>\n\n\n\n<ul class=\"wp-block-list\"><li><strong>Ch\u00e1vez Rodr\u00edguez es directora de la revista Cuadernos Feministas fundada en 1997<\/strong><\/li><\/ul>\n\n\n\n<p class=\"wp-block-paragraph\"><strong>Por: Sara Lovera<\/strong><\/p>\n\n\n\n<p class=\"wp-block-paragraph\">SemM\u00e9xico\/El Sol de M\u00e9xico. Cd. de M\u00e9xico. 07  de marzo 2021.- Quien piense que la pandemia inmoviliz\u00f3 a las feministas \u201cyo me puedo soltar a carcajadas, la verdad hubo una pausa. Pero el feminismo se sigui\u00f3 moviendo en el contexto de la pandemia, no ha parado, es de otra naturaleza, no para, hace acciones simb\u00f3licas, de solidaridad y apoyo, con acciones callejeras, obliga a una revoluci\u00f3n sexual y plantea un profundo cuestionamiento al sistema.<\/p>\n\n\n\n<p class=\"wp-block-paragraph\">\u201cYo creo\u201d que esa fue una constante, se ve en otros pa\u00edses de Am\u00e9rica Latina y Europa, porque las mujeres \u201cestamos a la cabeza de las luchas sociales en todo el mundo\u201d, que ya cimbr\u00f3 al feminismo institucional.<\/p>\n\n\n\n<p class=\"wp-block-paragraph\">Optimista, emocionada habla Josefina Ch\u00e1vez Rodr\u00edguez, directora de la revista Cuadernos Feministas fundada en 1997, para generar un debate de ideas, luego de la aparici\u00f3n del movimiento zapatista en 1994, donde las ind\u00edgenas se revelaron feministas y hoy se suman al nuevo movimiento, que se llam\u00f3 la primavera violeta.<\/p>\n\n\n\n<p class=\"wp-block-paragraph\">La respuesta \u201csorpresiva\u201d, de miles de j\u00f3venes, es a la crisis, de todo tipo, y es por ello que estamos en la cabeza de los cambios para un mundo mejor. Los cambios al sistema.<\/p>\n\n\n\n<p class=\"wp-block-paragraph\">Las j\u00f3venes tienen mucha fuerza, por ser un movimiento con un car\u00e1cter clar\u00edsimo, sabe \u201cque el problema no te lo van a resolver las pol\u00edticas p\u00fablicas. Se necesitan cambios profundos\u201d. Es una caracter\u00edstica mundial. Pero en M\u00e9xico hubo fue represi\u00f3n, lo que antes nunca sucedi\u00f3 contra las feministas. Eso es nuevo, tambi\u00e9n.<img decoding=\"async\" src=\"https:\/\/www.elsoldemexico.com.mx\/mexico\/sociedad\/gmbuxw-josefina-chavez2.jpg\/alternates\/FREE_720\/Josefina%20Chavez2.jpg\" alt=\"\"><\/p>\n\n\n\n<h6 class=\"wp-block-heading\"><em>Foto: Roberto Hern\u00e1ndez | El Sol de M\u00e9xico<\/em><\/h6>\n\n\n\n<p class=\"wp-block-paragraph\">En el escenario de la crisis sanitaria, se tuvo la sensaci\u00f3n de pausa, para las expresiones de este 8 de marzo, pero no es cierto. Las feministas se est\u00e1n expresando y actuando. Nuevamente sin descanso, alrededor de la crisis del feminicidio.<\/p>\n\n\n\n<p class=\"wp-block-paragraph\">La entrevistada contagia de entusiasmo, y explica cuando apenas termin\u00f3 febrero, \u201cya se sent\u00eda la energ\u00eda que cada a\u00f1o, de esas j\u00f3venes contestatarias que aparecieron en las calles en 2017, con presencias y acciones que perturbaron a todo el mundo. Ya tenemos 4 o 5 a\u00f1os, en una nueva situaci\u00f3n, nadie puede dejar de verla.<\/p>\n\n\n\n<p class=\"wp-block-paragraph\">Realmente, dice, hay una revoluci\u00f3n mundial, con la problem\u00e1tica de las violencias machista, porque esas violencias son el resultado de un sistema incapaz de dar respuestas.<\/p>\n\n\n\n<p class=\"wp-block-paragraph\">\u201cEstoy total y absolutamente motivada, -con lo horrible- del Covid-19, que tiene que ver con la crisis capitalista, la crisis mundial, ambiental por el fracaso de este sistema.<\/p>\n\n\n\n<p class=\"wp-block-paragraph\">Impresionante, las chilenas, en Am\u00e9rica Latina llamaron a la huelga, un sector del feminismo que incorpora demandas sociales, llamaron a un encuentro plurinacional, a otros de encuentros, as\u00ed como una Asamblea trasfronteriza.<\/p>\n\n\n\n<p class=\"wp-block-paragraph\">A idea de que las feministas no est\u00e1n, por el distanciamiento, que est\u00e1n calladas por la crisis, Josefina Ch\u00e1vez expresa, esto es mundial: las chilenas por ejemplo han desplegado sus propuestas con alianzas, con Suiza, B\u00e9lgica, con Ni una Menos de Argentina, y una de Italia, usando las comunicaciones \u201ces incre\u00edble \u2013verlas- en vivo y a todo color c\u00f3mo discuten las italianas y est\u00e1n cada una de ellas\u201d para llamar a la huelga del 8M, se trata de una revoluci\u00f3n mundial, una rebeli\u00f3n mundial. Una cosa es la huelga, en respuesta a los cambios en la sociedad y la incorporaci\u00f3n de las mujeres a lo largo de muchos a\u00f1os, al \u00e1mbito p\u00fablico, lo que las llev\u00f3 a solidarizarse con otras muchas luchas sociales. Movilizaci\u00f3n ligada a la expresi\u00f3n p\u00fablica, alrededor del tema de feminicidio porque \u00e9ste se engarza con la ineficiencia de la operaci\u00f3n de la justicia.<\/p>\n\n\n\n<p class=\"wp-block-paragraph\">En M\u00e9xico, en plena pandemia, \u201cvimos en la toma de la CNDH, que fue un evento nuevo, tiene que ver con esta problem\u00e1tica en la Ciudad de M\u00e9xico. Pero, lo mismo sucedi\u00f3 en Colima, en Guerrero, en Guanajuato, en Ciudad Ju\u00e1rez.<\/p>\n\n\n\n<p class=\"wp-block-paragraph\">Este nuevo feminismo \u2013 le llaman de la 4\u00aa ola- tiene una diferencia del que se vivi\u00f3 en los a\u00f1os 70. Hoy el movimiento se expresa en las redes sociales donde es impresionante la cantidad de manifestaciones imposible captar por c\u00famulo de informaci\u00f3n de demandas, de denuncias.<\/p>\n\n\n\n<p class=\"wp-block-paragraph\">Ah\u00ed est\u00e1 el ejemplo, en el contexto de la pandemia en M\u00e9xico. No se percibi\u00f3, algo que sorprende: la solidaridad de todas estas mujeres j\u00f3venes, al inventarse y crearse entre sus amigas y colectivas, redes para despensas si no ten\u00edan que comer, porque muchas se quedaron sin trabajo, muchas de las j\u00f3venes, hicieron una mercadita feminista en el metro. Y las redes de acompa\u00f1amiento de aborto, \u00bfC\u00f3mo ayudar a las mujeres que quisieran interrumpir su embarazo? \u00bfC\u00f3mo ayudar a las mujeres? y mandar mensajes invent\u00e1ndose diversas opiniones de creatividad, para las que estaban viviendo violencia en sus hogares. \u00bfC\u00f3mo ayudarlas? \u00bfC\u00f3mo canalizarlas m\u00e1s all\u00e1 de las instituciones?\u201d<\/p>\n\n\n\n<p class=\"wp-block-paragraph\">Obviamente el confinamiento social, que coloc\u00f3 en todo el mundo en una situaci\u00f3n in\u00e9dita. Pero en otros pa\u00edses hicieron lo mismo, incluso con m\u00e1s fuerza, por ejemplo en Ecuador o en la zona del Sur, de Am\u00e9rica latina, donde hay una presencia muy fuerte de comunidades ind\u00edgenas. Se acuerparon como un nuevo perfil, anticolonial, ambiental, por las desapariciones forzadas, por un nuevo sistema.<\/p>\n\n\n\n<p class=\"wp-block-paragraph\">Y lo del aborto en argentina, lo ve como \u201cuno de nuestros triunfos, yo festeje. Su movimiento ha sido impresionante,\u201dnunca me imagin\u00e9 que \u00edbamos a tener la oportunidad de ver en vivo la discusi\u00f3n, en la C\u00e1mara de Diputados, con las argumentaciones, a favor y en contra. Eso ha potencializado al movimiento por la informaci\u00f3n directa, por el acceso al debate pol\u00edtico, a la confrontaci\u00f3n de ideas, como se quiera valorar, pero son cosas que hay que rescatar. De ello tambi\u00e9n estar\u00e1n plagadas las movilizaciones 2021.<\/p>\n\n\n\n<h2 class=\"wp-block-heading\">M\u00e9xico<\/h2>\n\n\n\n<p class=\"wp-block-paragraph\">No es cosa menor, la jornada del 8M en 2020, \u201cpara nosotras las mexicanas fue una cosa sorpresiva. \u201cEst\u00e1bamos en las calles con la sorpresa en la cara, de vernos miles, en una manifestaci\u00f3n hist\u00f3rica\u201d, lo que no sucedi\u00f3 nunca lucha de la historia de las mujeres en M\u00e9xico, como la lucha por el voto y las sufragistas\u201d. Se olvida, que entonces las mexicanas se pusieron en huelga, hac\u00edan candidaturas independientes, y reflexiona. \u201cla memoria hist\u00f3rica es fundamental para que esta generaci\u00f3n entienda que tiene todo un acervo de donde abrevar. La<\/p>\n\n\n\n<p class=\"wp-block-paragraph\">historia de las mujeres, si se piensa, no es parte de la historia oficial. Esa tiene un sesgo de orientaci\u00f3n, son miradas patriarcales.<\/p>\n\n\n\n<h2 class=\"wp-block-heading\">La huelga 2021<\/h2>\n\n\n\n<p class=\"wp-block-paragraph\">Este a\u00f1o \u2013m\u00e1s all\u00e1 del mero 8 de marzo- se ha planteado una huelga, donde \u201cpuedes hacer lo que quieras ese d\u00eda, este mes, cualquier mujer se puede manifestar desde donde est\u00e9, en cualquier pa\u00eds. Si t\u00fa te quieres suscribir al llamado de la huelga y lo primero es que no quieras ir a la marcha porque te vas a arriesgar.<\/p>\n\n\n\n<p class=\"wp-block-paragraph\">Por ejemplo en la Ciudad de M\u00e9xico, se est\u00e1 convocando a una marcha y a una huelga, las mandas que son contra las violencias machistas, pero tambi\u00e9n contra la precarizaci\u00f3n laboral, acentuada con la pandemia, contra la criminalizaci\u00f3n de las protestas contra las mujeres, porque estas son pr\u00e1cticamente nuevas, ahora las manifestaciones de las mujeres son reprimidas.<\/p>\n\n\n\n<p class=\"wp-block-paragraph\">En M\u00e9xico las encapsularon en septiembre en avenida Ju\u00e1rez m\u00e1s de cinco horas. \u00bfCu\u00e1ndo se hab\u00eda visto eso? Nunca. Creo que hay muchas contradicciones y que la crisis es muy profunda.<img decoding=\"async\" src=\"https:\/\/www.elsoldemexico.com.mx\/mexico\/sociedad\/8anmx8-josefina-chavez4.jpg\/alternates\/FREE_480\/Josefina%20Chavez4.jpg\" alt=\"\"><\/p>\n\n\n\n<h6 class=\"wp-block-heading\"><em>Foto: Roberto Hern\u00e1ndez | El Sol de M\u00e9xico<\/em><\/h6>\n\n\n\n<p class=\"wp-block-paragraph\">Por eso el punto clave de la huelga, otra vez, dicen, &#8216;queremos visibilizar el trabajo que hacemos todas las mujeres en la sociedad, el trabajo de cuidados, organizar la casa, preparar la comida, cuidar a los ni\u00f1os, atender al marido y atender toda la atenci\u00f3n emocional&#8217;, o sea hacemos un trabajo emocional y todo eso reproduce la vida. \u201cSe me hace el planteamiento genial de quienes hicieron esta alianza entre las polacas y argentinas, que llev\u00f3 a hacer lo de la huelga, peg\u00f3. Est\u00e1 aqu\u00ed otra vez.<\/p>\n\n\n\n<p class=\"wp-block-paragraph\">Y este nuevo movimiento, en esta temporalidad de revoluci\u00f3n mundial, de rebeli\u00f3n mundial ya va a cumplir 5 a\u00f1os. Hoy toca ser inclusivas y reconocer los procesos, tambi\u00e9n las mujeres zapatistas son de una nueva generaci\u00f3n. Son las ind\u00edgenas que crecieron despu\u00e9s del 94 y est\u00e1n abriendo la discusi\u00f3n sobre los machismos.<\/p>\n\n\n\n<p class=\"wp-block-paragraph\">\u201cLa etapa del Feminismo institucional, que no la menciono peyorativamente, porque hay que hacer un an\u00e1lisis profundo. Se perdi\u00f3 la radicalidad\u201d, cuestiona la idea de democracia, se mueve con respeto, con sororidad, con solidaridad, buscando fortalecer la lucha. En M\u00e9xico \u201cvimos en 2016 la primavera violeta que para m\u00ed fue parte de lo que fuera el MeToo. Ahora hay que reconocer que es una fuerza transformador. Llama a no perder esto de vista.<\/p>\n\n\n\n<p class=\"wp-block-paragraph\"><em>Con la colaboraci\u00f3n de Sarahi Uribe<\/em><\/p>\n","protected":false},"excerpt":{"rendered":"<p>El feminismo se sigui\u00f3 moviendo en el contexto de la pandemia, no ha parado, es de otra naturaleza<\/p>\n","protected":false},"author":3,"featured_media":32767,"comment_status":"open","ping_status":"open","sticky":false,"template":"","format":"standard","meta":{"_monsterinsights_skip_tracking":false,"footnotes":""},"categories":[692,206],"tags":[],"class_list":["post-32774","post","type-post","status-publish","format-standard","has-post-thumbnail","category-692","category-entrevistas"],"_links":{"self":[{"href":"https:\/\/redsemlac.com\/semmexico\/wp-json\/wp\/v2\/posts\/32774","targetHints":{"allow":["GET"]}}],"collection":[{"href":"https:\/\/redsemlac.com\/semmexico\/wp-json\/wp\/v2\/posts"}],"about":[{"href":"https:\/\/redsemlac.com\/semmexico\/wp-json\/wp\/v2\/types\/post"}],"author":[{"embeddable":true,"href":"https:\/\/redsemlac.com\/semmexico\/wp-json\/wp\/v2\/users\/3"}],"replies":[{"embeddable":true,"href":"https:\/\/redsemlac.com\/semmexico\/wp-json\/wp\/v2\/comments?post=32774"}],"version-history":[{"count":0,"href":"https:\/\/redsemlac.com\/semmexico\/wp-json\/wp\/v2\/posts\/32774\/revisions"}],"wp:featuredmedia":[{"embeddable":true,"href":"https:\/\/redsemlac.com\/semmexico\/wp-json\/wp\/v2\/media\/32767"}],"wp:attachment":[{"href":"https:\/\/redsemlac.com\/semmexico\/wp-json\/wp\/v2\/media?parent=32774"}],"wp:term":[{"taxonomy":"category","embeddable":true,"href":"https:\/\/redsemlac.com\/semmexico\/wp-json\/wp\/v2\/categories?post=32774"},{"taxonomy":"post_tag","embeddable":true,"href":"https:\/\/redsemlac.com\/semmexico\/wp-json\/wp\/v2\/tags?post=32774"}],"curies":[{"name":"wp","href":"https:\/\/api.w.org\/{rel}","templated":true}]}}