{"id":32729,"date":"2021-03-06T16:55:48","date_gmt":"2021-03-06T16:55:48","guid":{"rendered":"https:\/\/redsemlac.com\/semmexico\/?p=32729"},"modified":"2023-07-21T16:51:56","modified_gmt":"2023-07-21T21:51:56","slug":"la-valla-en-palacio-y-felix-salgado","status":"publish","type":"post","link":"https:\/\/redsemlac.com\/semmexico\/la-valla-en-palacio-y-felix-salgado\/","title":{"rendered":"La valla en Palacio y F\u00e9lix Salgado"},"content":{"rendered":"\n<h2 class=\"wp-block-heading\">Retrovisor<\/h2>\n\n\n\n<ul class=\"wp-block-list\"><li><em>Lo experimentado en 2020 fue un salto cultural que condens\u00f3 el impulso transformador de diversas generaciones, causas y trincheras, convirtiendo al antes romantizado D\u00eda de la Mujer en una fecha para visibilizar la violencia normalizada<\/em><\/li><\/ul>\n\n\n\n<p class=\"wp-block-paragraph\"><strong>Por: Ivonne Melgar<\/strong><\/p>\n\n\n\n<p class=\"wp-block-paragraph\">SemM\u00e9xico\/Exc\u00e9lsior. Cd. de M\u00e9xico. 06 de marzo 2021.- El Estado mexicano no pudo, no supo, no quiso colocarse a la altura de la ola feminista que hace un a\u00f1o populariz\u00f3 la demanda de \u201c\u00a1Ni una m\u00e1s! \u00a1Vivas nos queremos!\u201d.<\/p>\n\n\n\n<p class=\"wp-block-paragraph\">Ni la Fiscal\u00eda General de la Rep\u00fablica ni la Secretar\u00eda de Seguridad ni el gobierno federal ni los mandatarios estatales lograron construir respuestas para comenzar a revertir la impunidad se\u00f1alada en las plazas del pa\u00eds.<\/p>\n\n\n\n<p class=\"wp-block-paragraph\">Por el contrario, hoy la conversaci\u00f3n electoral se encuentra literalmente impactada por la resistencia del poder a reconocer la legitimidad de ese reclamo.<\/p>\n\n\n\n<p class=\"wp-block-paragraph\">A pesar de la plataforma \u201c3 de 3 contra la violencia\u201d, que desde el INE y el Tribunal Electoral busca evitar que a las boletas del 6 de junio lleguen candidatos en falta con el sustento de sus hijos o con denuncias de acoso y agresiones sexuales, la impunidad sigue vigente porque los partidos pol\u00edticos contin\u00faan fug\u00e1ndose, en los hechos, de sus compromisos ret\u00f3ricos.<\/p>\n\n\n\n<p class=\"wp-block-paragraph\">Pero los reclamos tambi\u00e9n continuaron. Porque lo experimentado en 2020 fue un salto cultural que condens\u00f3 durante 48 horas el impulso transformador de diversas generaciones, causas y trincheras, convirtiendo al antes romantizado D\u00eda de la Mujer en una fecha para visibilizar la violencia normalizada.<\/p>\n\n\n\n<p class=\"wp-block-paragraph\">Y aunque muy pronto vendr\u00eda el enfren\u00f3n de la pandemia, la exigencia escal\u00f3 persistente cuando el encierro subray\u00f3 los males se\u00f1alados: entre enero y diciembre hubo 220 mil denuncias que se convirtieron en carpetas de investigaci\u00f3n por violencia familiar.<\/p>\n\n\n\n<p class=\"wp-block-paragraph\">Porque la llamada \u201cotra pandemia\u201d subray\u00f3 heridas en una sociedad donde las nuevas generaciones han decidido romper el silencio en torno al abuso sexual y la violaci\u00f3n, delitos que ocupan el 42 y el 38 por ciento de aquellos que se cometen contra las mujeres y llegan a ser registrados. Sin embargo, la tensi\u00f3n entre la conciencia del acoso socialmente normalizado y la negativa a reconocer su agravamiento alcanz\u00f3, en mayo, al Presidente de la Rep\u00fablica, reacio a dar por v\u00e1lidas las escandalosas cifras de las llamadas de auxilio que, ahora lo sabemos, fueron 2 mil 529, en promedio, por violencia familiar y de pareja al d\u00eda.<\/p>\n\n\n\n<p class=\"wp-block-paragraph\">A partir de entonces, la ilusi\u00f3n de las mujeres de la autoproclamada Cuarta Transformaci\u00f3n de que \u00e9sta tambi\u00e9n ser\u00eda feminista se ha topado con pared, alcanzando su mayor descalabro esta semana cuando fue deso\u00edda la s\u00faplica de cancelar la postulaci\u00f3n de F\u00e9lix Salgado Macedonio al gobierno de Guerrero, ante las denuncias de acoso y violencia sexual.<\/p>\n\n\n\n<p class=\"wp-block-paragraph\">Porque, como lo adelantamos aqu\u00ed hace una semana, la resoluci\u00f3n de la Comisi\u00f3n Nacional de Honestidad y Justicia (CNHJ) de Morena tiene tintes de haber sido s\u00f3lo una treta para ganar tiempo en la antesala del 8 de marzo y concretar, pasadas las movilizaciones, el relanzamiento de la controvertida candidatura mediante una segunda encuesta, cuya ventaja arrasadora permitir\u00eda avalar el discurso presidencial de que cuenta con el respaldo del pueblo.<\/p>\n\n\n\n<p class=\"wp-block-paragraph\">Con la vela de la esperanza prendida, todav\u00eda ayer una decena de legisladoras y activistas difundi\u00f3 un video en el que le ped\u00edan a Salgado Macedonio bajarse de la contienda, ignorando deliberadamente la defensa que L\u00f3pez Obrador ha hecho de \u00e9l, llam\u00e1ndolo v\u00edctima de una campa\u00f1a de desprestigio de la oposici\u00f3n.<\/p>\n\n\n\n<p class=\"wp-block-paragraph\">Al no hacerse cargo de esa realidad pol\u00edtica, las feministas de Morena quedaron atrapadas en la contradicci\u00f3n que implica exigir castigo a las violencias y someterse a la voluntad presidencial que las invisibiliza y que las instancias del partido hasta ahora acataron.<\/p>\n\n\n\n<p class=\"wp-block-paragraph\">En su mensaje al candidato de Guerrero, las senadoras Mal\u00fa M\u00edcher, Antares V\u00e1zquez, Jesusa Rodr\u00edguez; las diputadas Lorena Villavicencio, Wendy Brise\u00f1o, Vanesa del Castillo, Sandra Paola Gonz\u00e1lez y Roc\u00edo Villarauz, y la activista Estefan\u00eda Veloz alegaban que el feminismo y la 4T no deben confrontarse porque ambos movimientos son progresistas y persiguen lo mismo: igualdad y libertad.<\/p>\n\n\n\n<p class=\"wp-block-paragraph\">\u00bfEs posible esperar a\u00fan que Salgado Macedonio renuncie cuando su candidatura es la \u00fanica registrada y el plazo para sustituirlo ya venci\u00f3? En la espera de los resultados de la segunda encuesta, a presentarse el pr\u00f3ximo martes, caben todas las especulaciones.<\/p>\n\n\n\n<p class=\"wp-block-paragraph\">En tanto despejamos la duda, ayer se levant\u00f3 en los alrededores de Palacio Nacional una valla para aislar las protestas que se esperan este lunes 8 de marzo.<\/p>\n\n\n\n<p class=\"wp-block-paragraph\">\u00bfSignifica que el Presidente de la Rep\u00fablica ha decidido representar y encabezar las resistencias de una sociedad que se niega a reconocer el da\u00f1o que las violencias machistas generan en hijas, esposas, hermanas, madres y amigas?<\/p>\n\n\n\n<p class=\"wp-block-paragraph\">\u00bfEs que el cambio que 33 millones de mexicanos le confiaron al gobernante m\u00e1s poderoso y querido de la historia moderna tiene un cerco met\u00e1lico por respuesta?<\/p>\n\n\n\n<p class=\"wp-block-paragraph\">Y mientras siga ah\u00ed, la valla ser\u00e1 la confirmaci\u00f3n material y simb\u00f3lica de que el principal l\u00edder del M\u00e9xico contempor\u00e1neo no quiere escuchar el grito de auxilio de las mujeres.<\/p>\n","protected":false},"excerpt":{"rendered":"<p>Lo experimentado en 2020 fue un salto cultural que condens\u00f3 el impulso transformador de diversas generaciones<\/p>\n","protected":false},"author":3,"featured_media":32730,"comment_status":"open","ping_status":"open","sticky":false,"template":"","format":"standard","meta":{"_monsterinsights_skip_tracking":false,"footnotes":""},"categories":[692,110,35],"tags":[],"class_list":["post-32729","post","type-post","status-publish","format-standard","has-post-thumbnail","category-692","category-la-opinion-columnas","category-opinion"],"_links":{"self":[{"href":"https:\/\/redsemlac.com\/semmexico\/wp-json\/wp\/v2\/posts\/32729","targetHints":{"allow":["GET"]}}],"collection":[{"href":"https:\/\/redsemlac.com\/semmexico\/wp-json\/wp\/v2\/posts"}],"about":[{"href":"https:\/\/redsemlac.com\/semmexico\/wp-json\/wp\/v2\/types\/post"}],"author":[{"embeddable":true,"href":"https:\/\/redsemlac.com\/semmexico\/wp-json\/wp\/v2\/users\/3"}],"replies":[{"embeddable":true,"href":"https:\/\/redsemlac.com\/semmexico\/wp-json\/wp\/v2\/comments?post=32729"}],"version-history":[{"count":0,"href":"https:\/\/redsemlac.com\/semmexico\/wp-json\/wp\/v2\/posts\/32729\/revisions"}],"wp:featuredmedia":[{"embeddable":true,"href":"https:\/\/redsemlac.com\/semmexico\/wp-json\/wp\/v2\/media\/32730"}],"wp:attachment":[{"href":"https:\/\/redsemlac.com\/semmexico\/wp-json\/wp\/v2\/media?parent=32729"}],"wp:term":[{"taxonomy":"category","embeddable":true,"href":"https:\/\/redsemlac.com\/semmexico\/wp-json\/wp\/v2\/categories?post=32729"},{"taxonomy":"post_tag","embeddable":true,"href":"https:\/\/redsemlac.com\/semmexico\/wp-json\/wp\/v2\/tags?post=32729"}],"curies":[{"name":"wp","href":"https:\/\/api.w.org\/{rel}","templated":true}]}}