{"id":32726,"date":"2021-03-06T16:43:09","date_gmt":"2021-03-06T16:43:09","guid":{"rendered":"https:\/\/redsemlac.com\/semmexico\/?p=32726"},"modified":"2023-07-21T16:51:56","modified_gmt":"2023-07-21T21:51:56","slug":"rechazan-en-tixtla-candidatura-de-felix-salgado-macedonio","status":"publish","type":"post","link":"https:\/\/redsemlac.com\/semmexico\/rechazan-en-tixtla-candidatura-de-felix-salgado-macedonio\/","title":{"rendered":"Rechazan en Tixtla candidatura de F\u00e9lix Salgado Macedonio"},"content":{"rendered":"\n<ul class=\"wp-block-list\"><li><strong>Se inicia campa\u00f1a de Morena, sin candidato a la gubernatura<\/strong><\/li><li><strong>Coalici\u00f3n PRI\/PAN\/PRD en &nbsp;34 de los 80 municipios de la Entidad<\/strong><\/li><\/ul>\n\n\n\n<p class=\"wp-block-paragraph\"><strong>Redacci\u00f3n<\/strong><\/p>\n\n\n\n<p class=\"wp-block-paragraph\">SemM\u00e9xico\/ Agencia CEPROVYSA, Chilpancingo, Guerrero, marzo 6, 2021.- Lonas con frases de \u201cNing\u00fan agresor en el poder\u201d, \u201cTixtla no es cuna de violadores\u201d, realizaron Feministas una protesta \u00e9ste viernes, en rechazo a la Candidatura de F\u00e9lix Salgado Macedonio a la gubernatura de Guerrero.<\/p>\n\n\n\n<p class=\"wp-block-paragraph\">A temprana hora, el grupo de mujeres coloc\u00f3 lonas en el obelisco del General Vicente Guerrero.<br>Desde \u00e9se lugar pidieron al Presidente de M\u00e9xico, Andr\u00e9s Manuel L\u00f3pez Obrador \u201c#PresidenteRompaElPacto\u201d<\/p>\n\n\n\n<p class=\"wp-block-paragraph\">Asimismo rechazaron la aprobaci\u00f3n a la gubernatura de Guerrero, de F\u00e9lix Salgado Macedonio, que hizo el Instituto Electoral y de Participaci\u00f3n Ciudadana.<\/p>\n\n\n\n<p class=\"wp-block-paragraph\"><strong>ENCUESTA<\/strong><\/p>\n\n\n\n<p class=\"wp-block-paragraph\">Mientras &nbsp;el Movimiento Regeneraci\u00f3n Nacional (Morena) no inici\u00f3 &nbsp;campa\u00f1a a la gubernatura en el estado de Guerrero el d\u00eda de ayer &nbsp;-como lo marca el calendario electoral- pues esperar\u00e1 hasta tener un dictamen final por parte de la Comisi\u00f3n Nacional de Elecciones.<\/p>\n\n\n\n<p class=\"wp-block-paragraph\">En cumplimiento con la resoluci\u00f3n de la Comisi\u00f3n Nacional de Honestidad y Justicia (CNHJ), la Comisi\u00f3n Nacional de Encuestas de Morena se encuentra levantando la encuesta que permita a la Comisi\u00f3n Nacional de Elecciones realizar la valoraci\u00f3n de los perfiles y con esto determinar la candidatura id\u00f3nea.<\/p>\n\n\n\n<p class=\"wp-block-paragraph\">La encuesta se realizar\u00e1 hoy y ma\u00f1ana, y no ser\u00e1, se inform\u00f3,&nbsp; hasta los pr\u00f3ximos d\u00edas &nbsp;que se informar\u00e1 el resultado de dicha encuesta y se llevar\u00e1 a cabo el registro definitivo de la candidatura a la gubernatura de Guerrero.<\/p>\n\n\n\n<p class=\"wp-block-paragraph\">Todos los \u00f3rganos colegiados del partido est\u00e1n trabajando en unidad para acatar la resoluci\u00f3n del \u00f3rgano de justicia partidaria, en estricto apego a Derecho y a sus facultades estatutarias, inform\u00f3 MORENA.<\/p>\n\n\n\n<p class=\"wp-block-paragraph\"><a href=\"http:\/\/ceprovysa.com\/?p=2302\"><strong>ALIANZA PRI-PRD EN 34 DE 80 MUNICIPIOS.<\/strong><\/a>&nbsp;<\/p>\n\n\n\n<p class=\"wp-block-paragraph\">Las y los candidatos de otros 7 partidos pol\u00edticos, iniciaron campa\u00f1a ayer. Se inform\u00f3 que el Convenio de Coalici\u00f3n de los Partidos Pol\u00edticos PRI y PRD ser\u00e1 en &nbsp;34 de los 80 Municipios de Guerrero que ir\u00e1n por elecci\u00f3n, el Municipio de Ayutla va por usos y costumbres.<\/p>\n\n\n\n<p class=\"wp-block-paragraph\">Los Municipios que determinar\u00e1n por Encuesta para saber qu\u00e9 partido postular\u00e1 Candidato\/a son: Acapulco, Chilpancingo, Iguala, Zihuatanejo, Petatl\u00e1n, Taxco y T\u00e9cpan de Galeana.<\/p>\n\n\n\n<p class=\"wp-block-paragraph\">\u00c9ste Convenio contempla para el PRI 12 Municipios: Azoy\u00fa, Acapetlahuaya (General Canuto A. Neri)<br>Buena Vista de Cu\u00e9llar, Coyuca de Ben\u00edtez, Cutzamala de Pinz\u00f3n, Huitzuco de los Figueroa, Marquelia, Ometepec, Pungarabato (Ciudad Altamirano), San Luis Acatl\u00e1n, Tetipac y Tlapa de Comonfort.<\/p>\n\n\n\n<p class=\"wp-block-paragraph\">En tanto el PRD impulsar\u00e1 Candidaturas en 15 Municipios: Atoyac de \u00c1lvarez, Coyuca de Catal\u00e1n, Eduardo Neri (Zumpango), Malinaltepec, M\u00e1rtir de Cuilapan (Apango), Mochitl\u00e1n, Pedro Ascencio Alquisiras, Pilcaya, Quechultenango, San Marcos, San Miguel Totolapan, Tixtla, Tlalchapa y Zitlala.<\/p>\n\n\n\n<p class=\"wp-block-paragraph\">Los 46 Municipios restantes los Partidos Pol\u00edticos PRI y PRD, postularan candidatos\/as de manera independiente.<\/p>\n","protected":false},"excerpt":{"rendered":"<p>Se inicia campa\u00f1a de Morena, sin candidato a la gubernatura<\/p>\n","protected":false},"author":3,"featured_media":32727,"comment_status":"open","ping_status":"open","sticky":false,"template":"","format":"standard","meta":{"_monsterinsights_skip_tracking":false,"footnotes":""},"categories":[692,54],"tags":[],"class_list":["post-32726","post","type-post","status-publish","format-standard","has-post-thumbnail","category-692","category-mujeres"],"_links":{"self":[{"href":"https:\/\/redsemlac.com\/semmexico\/wp-json\/wp\/v2\/posts\/32726","targetHints":{"allow":["GET"]}}],"collection":[{"href":"https:\/\/redsemlac.com\/semmexico\/wp-json\/wp\/v2\/posts"}],"about":[{"href":"https:\/\/redsemlac.com\/semmexico\/wp-json\/wp\/v2\/types\/post"}],"author":[{"embeddable":true,"href":"https:\/\/redsemlac.com\/semmexico\/wp-json\/wp\/v2\/users\/3"}],"replies":[{"embeddable":true,"href":"https:\/\/redsemlac.com\/semmexico\/wp-json\/wp\/v2\/comments?post=32726"}],"version-history":[{"count":0,"href":"https:\/\/redsemlac.com\/semmexico\/wp-json\/wp\/v2\/posts\/32726\/revisions"}],"wp:featuredmedia":[{"embeddable":true,"href":"https:\/\/redsemlac.com\/semmexico\/wp-json\/wp\/v2\/media\/32727"}],"wp:attachment":[{"href":"https:\/\/redsemlac.com\/semmexico\/wp-json\/wp\/v2\/media?parent=32726"}],"wp:term":[{"taxonomy":"category","embeddable":true,"href":"https:\/\/redsemlac.com\/semmexico\/wp-json\/wp\/v2\/categories?post=32726"},{"taxonomy":"post_tag","embeddable":true,"href":"https:\/\/redsemlac.com\/semmexico\/wp-json\/wp\/v2\/tags?post=32726"}],"curies":[{"name":"wp","href":"https:\/\/api.w.org\/{rel}","templated":true}]}}