{"id":32723,"date":"2021-03-06T16:35:04","date_gmt":"2021-03-06T16:35:04","guid":{"rendered":"https:\/\/redsemlac.com\/semmexico\/?p=32723"},"modified":"2023-07-21T16:51:56","modified_gmt":"2023-07-21T21:51:56","slug":"pandemia-provoca-aumento-en-los-niveles-de-pobreza-sin-precedentes-en-las-ultimas-decadas-e-impacta-fuertemente-en-la-desigualdad-y-el-empleo","status":"publish","type":"post","link":"https:\/\/redsemlac.com\/semmexico\/pandemia-provoca-aumento-en-los-niveles-de-pobreza-sin-precedentes-en-las-ultimas-decadas-e-impacta-fuertemente-en-la-desigualdad-y-el-empleo\/","title":{"rendered":"Pandemia provoca aumento en los niveles de pobreza sin precedentes en las \u00faltimas d\u00e9cadas e impacta fuertemente en la desigualdad y el empleo"},"content":{"rendered":"\n<ul class=\"wp-block-list\"><li><strong>Nuevo &nbsp;informe de &nbsp;CEPAL estima&nbsp;<\/strong><strong>que el total de personas pobres ascendi\u00f3 a 209 millones a finales de 2020<\/strong><strong> a<\/strong><strong> 22 millones de personas<\/strong><\/li><li><strong>La pandemia ha evidenciado y exacerbado las grandes brechas estructurales de la regi\u00f3n<\/strong><strong>.<\/strong><\/li><\/ul>\n\n\n\n<p class=\"wp-block-paragraph\"><strong>Libertad L\u00f3pez<\/strong><strong><\/strong><\/p>\n\n\n\n<p class=\"wp-block-paragraph\"><strong>SemM\u00e9xico, Ciudad de M\u00e9xico, 6 de marzo, 2021.-&nbsp;<\/strong>La pobreza y la pobreza extrema alcanzaron en 2020 en Am\u00e9rica Latina niveles que no se han observado en los \u00faltimos 12 y 20 a\u00f1os, respectivamente, as\u00ed como un empeoramiento de los \u00edndices de desigualdad en la regi\u00f3n y en las tasas de ocupaci\u00f3n y participaci\u00f3n laboral, sobre todo en las mujeres, debido a la pandemia del COVID-19 y pese a las medidas de protecci\u00f3n social de emergencia que los pa\u00edses han adoptado para frenarla, inform\u00f3 hoy la Comisi\u00f3n Econ\u00f3mica para Am\u00e9rica Latina y el Caribe (CEPAL).<\/p>\n\n\n\n<p class=\"wp-block-paragraph\">La Secretaria Ejecutiva de la comisi\u00f3n regional de las Naciones Unidas, Alicia B\u00e1rcena, present\u00f3 una nueva edici\u00f3n del informe anual&nbsp;<a href=\"https:\/\/www.cepal.org\/es\/publicaciones\/46687-panorama-social-america-latina-2020\" target=\"_blank\" rel=\"noreferrer noopener\"><strong><em>Panorama Social de Am\u00e9rica Latina 2020<\/em><\/strong><\/a>, el cual se\u00f1ala que la pandemia irrumpe en un escenario econ\u00f3mico, social y pol\u00edtico complejo: bajo crecimiento, aumento de la pobreza y crecientes tensiones sociales. Adem\u00e1s, pone al desnudo las desigualdades estructurales que caracterizan las sociedades latinoamericanas y los altos niveles de informalidad y desprotecci\u00f3n social, as\u00ed como la injusta divisi\u00f3n sexual del trabajo y organizaci\u00f3n social del cuidado, que atenta contra el pleno ejercicio de los derechos y la autonom\u00eda de las mujeres.<\/p>\n\n\n\n<p class=\"wp-block-paragraph\">Seg\u00fan las nuevas proyecciones de la CEPAL, como consecuencia de la fuerte recesi\u00f3n econ\u00f3mica en la regi\u00f3n, que registrar\u00e1 una ca\u00edda del PIB de -7,7%, se estima que en 2020 la tasa de pobreza extrema se situ\u00f3 en 12,5% y la tasa de pobreza alcanz\u00f3 el 33,7% de la poblaci\u00f3n. Ello supone que el total de personas pobres ascendi\u00f3 a 209 millones a finales de 2020, 22 millones de personas m\u00e1s que el a\u00f1o anterior. De ese total, 78 millones de personas se encontraron en situaci\u00f3n de pobreza extrema, 8 millones m\u00e1s que en 2019.<\/p>\n\n\n\n<p class=\"wp-block-paragraph\">El documento indica que persisten las brechas entre grupos de poblaci\u00f3n: la pobreza es mayor en \u00e1reas rurales, entre ni\u00f1as, ni\u00f1os y adolescentes; ind\u00edgenas y afrodescendientes; y en la poblaci\u00f3n con menores niveles educativos. Agrega que el aumento de los niveles de pobreza y pobreza extrema ser\u00eda todav\u00eda mayor sin las medidas implementadas por los gobiernos para transferir ingresos de emergencia a los hogares. Los gobiernos de la regi\u00f3n implementaron 263 medidas de protecci\u00f3n social de emergencia en 2020. Estas alcanzaron al 49,4% de la poblaci\u00f3n, aproximadamente 84 millones de hogares o 326 millones de personas. Sin esas medidas, la incidencia de la pobreza extrema habr\u00eda alcanzado el 15,8% y la pobreza el 37,2% de la poblaci\u00f3n.<\/p>\n\n\n\n<p class=\"wp-block-paragraph\">\u201cLa pandemia ha evidenciado y exacerbado las grandes brechas estructurales de la regi\u00f3n y, en la actualidad, se vive un momento de elevada incertidumbre en el que a\u00fan no est\u00e1n delineadas ni la forma ni la velocidad de la salida de la crisis. No cabe duda que los costos de la desigualdad se han vuelto insostenibles y que es necesario reconstruir con igualdad y sostenibilidad, apuntando a la creaci\u00f3n de un verdadero Estado de bienestar, tarea largamente postergada en la regi\u00f3n\u201d, afirm\u00f3 Alicia B\u00e1rcena.<\/p>\n\n\n\n<p class=\"wp-block-paragraph\">Por ello, la CEPAL insta a garantizar la protecci\u00f3n social universal como pilar central del Estado de bienestar. Precisa que, en el corto plazo, es necesario implementar o continuar las transferencias de emergencia propuestas por la Comisi\u00f3n: ingreso b\u00e1sico de emergencia (IBE), bono contra el hambre e IBE para mujeres; mientras que en el mediano y largo plazo, se debe avanzar hacia un ingreso b\u00e1sico universal, priorizando a familias con ni\u00f1os, ni\u00f1as y adolescentes y apostar por sistemas universales, integrales y sostenibles de protecci\u00f3n social, incrementando su cobertura, como componente central de un nuevo Estado de bienestar.<\/p>\n\n\n\n<p class=\"wp-block-paragraph\">Tambi\u00e9n llama a avanzar hacia nuevos pactos sociales y fiscales para la igualdad en tiempos de pandemia, y a garantizar la salud, la educaci\u00f3n y la inclusi\u00f3n digital, para que nadie se quede atr\u00e1s.<\/p>\n\n\n\n<p class=\"wp-block-paragraph\">\u201cEl llamado de la CEPAL a un nuevo pacto social est\u00e1 m\u00e1s vigente m\u00e1s que nunca: la pandemia es una coyuntura cr\u00edtica que redefine lo que es posible, y abre una ventana de oportunidad para dejar atr\u00e1s la cultura del privilegio\u201d, afirm\u00f3 la alta funcionaria de las Naciones Unidas.<\/p>\n\n\n\n<p class=\"wp-block-paragraph\">El informe se\u00f1ala que el efecto adverso de la pandemia sobre los ingresos de las personas afecta principalmente a los estratos de ingresos bajos y medio-bajos. Se estima que en 2020 unos 491 millones de latinoamericanos viv\u00edan con ingresos hasta tres veces la l\u00ednea de pobreza. Alrededor de 59 millones de personas que en 2019 pertenec\u00edan a los estratos medios experimentaron un proceso de movilidad econ\u00f3mica descendiente.<\/p>\n\n\n\n<p class=\"wp-block-paragraph\">De acuerdo al documento, se espera que la desigualdad del ingreso total por persona aumente en 2020, dando lugar a un \u00edndice de Gini promedio un 2,9% m\u00e1s alto que el registrado en 2019. Sin las transferencias realizadas por los gobiernos para atenuar la p\u00e9rdida de ingresos laborales, cuya distribuci\u00f3n tiende a estar concentrada en los grupos de ingreso bajo y medio, el aumento esperado del \u00edndice de Gini promedio para la regi\u00f3n habr\u00eda sido del 5,6%.<\/p>\n\n\n\n<p class=\"wp-block-paragraph\">El reporte advierte tambi\u00e9n sobre los fuertes impactos de la crisis del COVID-19 sobre el mercado laboral. La tasa de desocupaci\u00f3n regional se ubic\u00f3 en 10,7% al cierre de 2020, lo que representa un incremento de 2,6 puntos porcentuales respecto del valor registrado en 2019 (8,1%). Agrega que la ca\u00edda generalizada del empleo y la salida de la fuerza de trabajo ha afectado con mayor intensidad a mujeres, trabajadoras y trabajadores informales, j\u00f3venes y migrantes.<\/p>\n\n\n\n<p class=\"wp-block-paragraph\">El informe presenta un cap\u00edtulo especial sobre la econom\u00eda del cuidado como sector estrat\u00e9gico para una recuperaci\u00f3n con igualdad. Destaca que la pandemia ha revelado el enorme costo que significa para los pa\u00edses de la regi\u00f3n no tener un sistema integrado de cuidados de amplia cobertura, desfeminizado y de calidad. Por esto, advierte, \u201ces urgente invertir en este sector para enfrentar la crisis, garantizar el derecho a cuidar y a recibir cuidados, as\u00ed como reactivar la econom\u00eda desde una perspectiva de igualdad y desarrollo sostenible\u201d.<\/p>\n\n\n\n<p class=\"wp-block-paragraph\">Por ello, la CEPAL insta a avanzar hacia una sociedad del cuidado que permita garantizar una recuperaci\u00f3n igualitaria y sostenible en Am\u00e9rica Latina y el Caribe.<\/p>\n","protected":false},"excerpt":{"rendered":"<p>La pandemia ha evidenciado y exacerbado las grandes brechas estructurales de la regi\u00f3n.<\/p>\n","protected":false},"author":3,"featured_media":32724,"comment_status":"open","ping_status":"open","sticky":false,"template":"","format":"standard","meta":{"_monsterinsights_skip_tracking":false,"footnotes":""},"categories":[692,135],"tags":[],"class_list":["post-32723","post","type-post","status-publish","format-standard","has-post-thumbnail","category-692","category-emergencia-sanitaria-covid-19"],"_links":{"self":[{"href":"https:\/\/redsemlac.com\/semmexico\/wp-json\/wp\/v2\/posts\/32723","targetHints":{"allow":["GET"]}}],"collection":[{"href":"https:\/\/redsemlac.com\/semmexico\/wp-json\/wp\/v2\/posts"}],"about":[{"href":"https:\/\/redsemlac.com\/semmexico\/wp-json\/wp\/v2\/types\/post"}],"author":[{"embeddable":true,"href":"https:\/\/redsemlac.com\/semmexico\/wp-json\/wp\/v2\/users\/3"}],"replies":[{"embeddable":true,"href":"https:\/\/redsemlac.com\/semmexico\/wp-json\/wp\/v2\/comments?post=32723"}],"version-history":[{"count":0,"href":"https:\/\/redsemlac.com\/semmexico\/wp-json\/wp\/v2\/posts\/32723\/revisions"}],"wp:featuredmedia":[{"embeddable":true,"href":"https:\/\/redsemlac.com\/semmexico\/wp-json\/wp\/v2\/media\/32724"}],"wp:attachment":[{"href":"https:\/\/redsemlac.com\/semmexico\/wp-json\/wp\/v2\/media?parent=32723"}],"wp:term":[{"taxonomy":"category","embeddable":true,"href":"https:\/\/redsemlac.com\/semmexico\/wp-json\/wp\/v2\/categories?post=32723"},{"taxonomy":"post_tag","embeddable":true,"href":"https:\/\/redsemlac.com\/semmexico\/wp-json\/wp\/v2\/tags?post=32723"}],"curies":[{"name":"wp","href":"https:\/\/api.w.org\/{rel}","templated":true}]}}