{"id":32720,"date":"2021-03-06T16:31:33","date_gmt":"2021-03-06T16:31:33","guid":{"rendered":"https:\/\/redsemlac.com\/semmexico\/?p=32720"},"modified":"2023-07-21T16:51:56","modified_gmt":"2023-07-21T21:51:56","slug":"mexico-y-brasil-lideres-en-violencia-familiar-y-sin-respuestas-gubernamental-aumenta-la-violencia-igual-en-el-salvador-colombia-y-chile","status":"publish","type":"post","link":"https:\/\/redsemlac.com\/semmexico\/mexico-y-brasil-lideres-en-violencia-familiar-y-sin-respuestas-gubernamental-aumenta-la-violencia-igual-en-el-salvador-colombia-y-chile\/","title":{"rendered":"M\u00e9xico y Brasil l\u00edderes en violencia familiar y sin respuestas gubernamental, aumenta la violencia igual en El Salvador, Colombia y Chile"},"content":{"rendered":"\n<ul class=\"wp-block-list\"><li><strong>Banco Interamericano de Desarrollo llama la atenci\u00f3n sobre el fen\u00f3meno&nbsp; en la Pandemia<\/strong><\/li><li><strong>&nbsp;Combatir la Violencia de G\u00e9nero, durante la crisis sanitaria, prioritario<\/strong><\/li><\/ul>\n\n\n\n<p class=\"wp-block-paragraph\"><strong>Georgina Raygaday&nbsp;Mariangela Mendoza<\/strong><\/p>\n\n\n\n<p class=\"wp-block-paragraph\">SemM\u00e9xico, BID, 6 de marzo 2021.-Carmen, cuyo nombre ha sido cambiado para proteger su identidad, es una hondure\u00f1a de 38 a\u00f1os, sobreviviente de cinco a\u00f1os de violencia f\u00edsica y psicol\u00f3gica por parte del padre de su hijo. Al huir en junio de este a\u00f1o, Carmen se vio forzada a dejar atr\u00e1s a su hijo para escapar del abuso. Ella acudi\u00f3 a la polic\u00eda y al juzgado, pero debido al COVID-19, el acceso a las instalaciones era restringido y el funcionamiento de muchos servicios fue interrumpido. Al miedo, humillaci\u00f3n, tristeza y frustraci\u00f3n se uni\u00f3 la impotencia y la renuncia. Las respuestas tradicionales se enfrentaban a un contexto sin precedentes.<\/p>\n\n\n\n<p class=\"wp-block-paragraph\">Seg\u00fan el Observatorio de Igualdad de G\u00e9nero de Am\u00e9rica Latina y el Caribe,&nbsp;<a href=\"https:\/\/www.cepal.org\/es\/comunicados\/cepal-preocupa-la-persistencia-la-violencia-mujeres-ninas-la-region-su-maxima-expresion\" target=\"_blank\" rel=\"noreferrer noopener\">de acuerdo con encuestas&nbsp;<\/a>nacionales de seis pa\u00edses de la regi\u00f3n, entre el 60% y el 76% de las mujeres (alrededor de dos de cada tres) ha sido v\u00edctima de violencia por razones de g\u00e9nero. Adem\u00e1s, una de cada tres mujeres ha sido v\u00edctima de violencia f\u00edsica, psicol\u00f3gica o sexual por parte de su pareja. En cada caso est\u00e1 presente el riesgo de la violencia letal: el feminicidio o feminicidio.<\/p>\n\n\n\n<p class=\"wp-block-paragraph\">A\u00fan m\u00e1s, la regi\u00f3n ha registrado cifras alarmantes en el&nbsp;<a href=\"https:\/\/blogs.iadb.org\/igualdad\/es\/la-respuesta-no-debe-esperar\/\" target=\"_blank\" rel=\"noreferrer noopener\">incremento&nbsp;<\/a>de violencia de g\u00e9nero durante la pandemia: en Chile las llamadas realizadas por mujeres a la l\u00ednea telef\u00f3nica de orientaci\u00f3n sobre violencia intrafamiliar aumentaron un 70%, tan solo en el primer fin de semana de cuarentena: en M\u00e9xico se ha registrado un aumento del 60% en las denuncias de violencia sexual &nbsp;basada en g\u00e9nero durante la pandemia, y en Colombia la l\u00ednea de apoyo a las v\u00edctimas recibi\u00f3 91% m\u00e1s llamadas que hace un a\u00f1o. Esto responde, en parte, a factores de riesgo como el confinamiento, las restricciones de movilidad y el aislamiento. Pero tambi\u00e9n a la&nbsp;<a href=\"https:\/\/blogs.iadb.org\/igualdad\/es\/la-capacidad-de-respuesta-a-prueba\/\" target=\"_blank\" rel=\"noreferrer noopener\">limitada capacidad&nbsp;<\/a>de respuesta del sector p\u00fablico y privado durante la emergencia.<\/p>\n\n\n\n<p class=\"wp-block-paragraph\">La violencia de g\u00e9nero es un problema complejo y multifac\u00e9tico que, en el contexto actual, requiere m\u00e1s que nunca de una respuesta contundente, coordinada y marcada por la innovaci\u00f3n. Para evitar que la historia se repita.<\/p>\n\n\n\n<p class=\"wp-block-paragraph\">El caso de Micaela Garc\u00eda es tr\u00e1gicamente conocido. El 1 de abril de 2017, la estudiante de educaci\u00f3n f\u00edsica de 21 a\u00f1os volv\u00eda a su casa luego de bailar con amigos en un \u201cboliche\u201d en Gualeguay, Argentina. Pero Micaela nunca lleg\u00f3 a casa. Fue violada, degollada y arrojada junto a una ruta, entre los pastizales. Su asesino deb\u00eda haber estado preso por la violaci\u00f3n de dos j\u00f3venes, pero un juez le otorg\u00f3 libertad condicional. El sistema de prevenci\u00f3n y protecci\u00f3n que deb\u00eda protegerla fall\u00f3.<\/p>\n\n\n\n<p class=\"wp-block-paragraph\">De acuerdo con datos de la Oficina de la Mujer de la Corte Suprema de Justicia de Argentina, en 2019 hubo 252 v\u00edctimas directas de feminicidio y 16 v\u00edctimas de feminicidio vinculado. A nivel regional, el pa\u00eds m\u00e1s grande, Brasil, registr\u00f3 el mayor n\u00famero de feminicidios:&nbsp;1.133. Sin embargo, El Salvador tuvo, con mucho, la peor tasa: m\u00e1s de 1.000 muertes por cada 100.000 mujeres.<\/p>\n","protected":false},"excerpt":{"rendered":"<p>Combatir la Violencia de G\u00e9nero, durante la crisis sanitaria, prioritario<\/p>\n","protected":false},"author":3,"featured_media":32721,"comment_status":"open","ping_status":"open","sticky":false,"template":"","format":"standard","meta":{"_monsterinsights_skip_tracking":false,"footnotes":""},"categories":[692,54],"tags":[],"class_list":["post-32720","post","type-post","status-publish","format-standard","has-post-thumbnail","category-692","category-mujeres"],"_links":{"self":[{"href":"https:\/\/redsemlac.com\/semmexico\/wp-json\/wp\/v2\/posts\/32720","targetHints":{"allow":["GET"]}}],"collection":[{"href":"https:\/\/redsemlac.com\/semmexico\/wp-json\/wp\/v2\/posts"}],"about":[{"href":"https:\/\/redsemlac.com\/semmexico\/wp-json\/wp\/v2\/types\/post"}],"author":[{"embeddable":true,"href":"https:\/\/redsemlac.com\/semmexico\/wp-json\/wp\/v2\/users\/3"}],"replies":[{"embeddable":true,"href":"https:\/\/redsemlac.com\/semmexico\/wp-json\/wp\/v2\/comments?post=32720"}],"version-history":[{"count":0,"href":"https:\/\/redsemlac.com\/semmexico\/wp-json\/wp\/v2\/posts\/32720\/revisions"}],"wp:featuredmedia":[{"embeddable":true,"href":"https:\/\/redsemlac.com\/semmexico\/wp-json\/wp\/v2\/media\/32721"}],"wp:attachment":[{"href":"https:\/\/redsemlac.com\/semmexico\/wp-json\/wp\/v2\/media?parent=32720"}],"wp:term":[{"taxonomy":"category","embeddable":true,"href":"https:\/\/redsemlac.com\/semmexico\/wp-json\/wp\/v2\/categories?post=32720"},{"taxonomy":"post_tag","embeddable":true,"href":"https:\/\/redsemlac.com\/semmexico\/wp-json\/wp\/v2\/tags?post=32720"}],"curies":[{"name":"wp","href":"https:\/\/api.w.org\/{rel}","templated":true}]}}