{"id":32714,"date":"2021-03-05T20:26:26","date_gmt":"2021-03-05T20:26:26","guid":{"rendered":"https:\/\/redsemlac.com\/semmexico\/?p=32714"},"modified":"2023-07-21T16:51:17","modified_gmt":"2023-07-21T21:51:17","slug":"secretaria-de-seguridad-publica-ejerce-violencia-politica-contra-virtual-candidata-en-veracruz","status":"publish","type":"post","link":"https:\/\/redsemlac.com\/semmexico\/secretaria-de-seguridad-publica-ejerce-violencia-politica-contra-virtual-candidata-en-veracruz\/","title":{"rendered":"Secretar\u00eda de Seguridad P\u00fablica ejerce violencia pol\u00edtica contra virtual candidata en Veracruz"},"content":{"rendered":"\n<p class=\"wp-block-paragraph\">Ana Alicia Osorio <\/p>\n\n\n\n<p class=\"wp-block-paragraph\">SemM\u00e9xico. Veracruz. 5 de marzo de 2021.- El Gobierno del Estado de Veracruz incurri\u00f3 en violencia pol\u00edtica de g\u00e9nero pues le neg\u00f3  permiso sin goce de sueldo a una de sus trabajadoras para poder competir por un puesto de elecci\u00f3n popular, asegur\u00f3 la Red de Mujeres Feministas del Estado de Veracruz (Remufever).\u00a0<\/p>\n\n\n\n<p class=\"wp-block-paragraph\">Mar\u00eda Sabina Martinez, quien es la trabajadora a quien se le neg\u00f3 ese permiso, se\u00f1al\u00f3 que buscar\u00eda una candidatura a ser diputada por la zona de Zongolica y primero le cerraron las puertas del di\u00e1logo y luego una negativa sin razones fundamentadas.\u00a0<\/p>\n\n\n\n<p class=\"wp-block-paragraph\">Explic\u00f3 que tiene 17 a\u00f1os trabajando en la Secretar\u00eda de Seguridad P\u00fablica con una base y desde el mes de enero solicit\u00f3 una licencia temporal sin goce de sueldo, tal y como tiene permiso.\u00a0<\/p>\n\n\n\n<p class=\"wp-block-paragraph\">Sin embargo se\u00f1al\u00f3 que no hubo ning\u00fan tipo de respuesta por lo que volvi\u00f3 a enviar documentos para que pudieran darle respuesta, pero tampoco la tuvo.&nbsp;<\/p>\n\n\n\n<p class=\"wp-block-paragraph\">\u201cSolo me qued\u00f3 hacer un procedimiento especial sancionador que ya entregu\u00e9 al INE por violencia pol\u00edtica en raz\u00f3n de g\u00e9nero, el d\u00eda de ayer me entregan ya una respuesta negativa a mi solicitud, no se puede autorizar mi licencia por cuestiones operativas y por el tema que estamos viviendo por el COVID-19\u201d, indic\u00f3.\u00a0<\/p>\n\n\n\n<p class=\"wp-block-paragraph\">\u201cNo me queda ninguna duda que tiene que ver con un tema pol\u00edtico, porque he buscado los canales, se han cerrado todas las posibilidades de poder dialogar sobre el tema, creo que tiene un tinte pol\u00edtico\u201d, afirm\u00f3.&nbsp;<\/p>\n\n\n\n<p class=\"wp-block-paragraph\">Martinez explic\u00f3 que es virtual candidata a diputada local por el distrito de Zongolica por el Partido de la Revoluci\u00f3n Democr\u00e1tica por lo que consider\u00f3 que la diferencia partidista con Morena que se encuentra en el poder, podr\u00eda ser un motivante a ejercer violencia pol\u00edtica en su contra.&nbsp;<\/p>\n\n\n\n<p class=\"wp-block-paragraph\">En una carta p\u00fablica dirigida al gobernador Cuitl\u00e1huac Garc\u00eda Jim\u00e9nez y al Secretario de Seguridad P\u00fablica, Hugo Gutierrez Maldonado, la Remufever se\u00f1al\u00f3 que no existe fundamento alguno para negar este permiso por lo que pidieron que se respeten los derechos de Mart\u00ednez.&nbsp;<\/p>\n\n\n\n<p class=\"wp-block-paragraph\">\u201cTiene  derecho como ciudadana a ser votada, lo cual es una clara situaci\u00f3n de violencia pol\u00edtica que se est\u00e1 ejerciendo sobre ella desde la instituci\u00f3n, que debiera ser garante de los derechos de las mujeres; y, que por tanto, coarta sus derechos pol\u00edtico- electorales\u00a0 y la coloca en una situaci\u00f3n de desigualdad\u201d, se\u00f1ala dicho documento.\u00a0<\/p>\n","protected":false},"excerpt":{"rendered":"<p>Ana Alicia Osorio SemM\u00e9xico. Veracruz. 5 de marzo de 2021.- El Gobierno del Estado de Veracruz incurri\u00f3 en violencia pol\u00edtica de g\u00e9nero pues le neg\u00f3 permiso sin goce de sueldo a una de sus trabajadoras para poder competir por un puesto de elecci\u00f3n popular, asegur\u00f3 la Red de Mujeres Feministas del Estado de Veracruz (Remufever).\u00a0 [&hellip;]<\/p>\n","protected":false},"author":3,"featured_media":32715,"comment_status":"open","ping_status":"open","sticky":false,"template":"","format":"standard","meta":{"_monsterinsights_skip_tracking":false,"footnotes":""},"categories":[692,141],"tags":[],"class_list":["post-32714","post","type-post","status-publish","format-standard","has-post-thumbnail","category-692","category-elecciones-2020-2021"],"_links":{"self":[{"href":"https:\/\/redsemlac.com\/semmexico\/wp-json\/wp\/v2\/posts\/32714","targetHints":{"allow":["GET"]}}],"collection":[{"href":"https:\/\/redsemlac.com\/semmexico\/wp-json\/wp\/v2\/posts"}],"about":[{"href":"https:\/\/redsemlac.com\/semmexico\/wp-json\/wp\/v2\/types\/post"}],"author":[{"embeddable":true,"href":"https:\/\/redsemlac.com\/semmexico\/wp-json\/wp\/v2\/users\/3"}],"replies":[{"embeddable":true,"href":"https:\/\/redsemlac.com\/semmexico\/wp-json\/wp\/v2\/comments?post=32714"}],"version-history":[{"count":0,"href":"https:\/\/redsemlac.com\/semmexico\/wp-json\/wp\/v2\/posts\/32714\/revisions"}],"wp:featuredmedia":[{"embeddable":true,"href":"https:\/\/redsemlac.com\/semmexico\/wp-json\/wp\/v2\/media\/32715"}],"wp:attachment":[{"href":"https:\/\/redsemlac.com\/semmexico\/wp-json\/wp\/v2\/media?parent=32714"}],"wp:term":[{"taxonomy":"category","embeddable":true,"href":"https:\/\/redsemlac.com\/semmexico\/wp-json\/wp\/v2\/categories?post=32714"},{"taxonomy":"post_tag","embeddable":true,"href":"https:\/\/redsemlac.com\/semmexico\/wp-json\/wp\/v2\/tags?post=32714"}],"curies":[{"name":"wp","href":"https:\/\/api.w.org\/{rel}","templated":true}]}}