{"id":32711,"date":"2021-03-05T20:18:42","date_gmt":"2021-03-05T20:18:42","guid":{"rendered":"https:\/\/redsemlac.com\/semmexico\/?p=32711"},"modified":"2023-07-21T16:51:17","modified_gmt":"2023-07-21T21:51:17","slug":"consejera-electoral-dulce-maria-villalobos-se-opuso-a-candidatura-de-felix-salgado-macedonio","status":"publish","type":"post","link":"https:\/\/redsemlac.com\/semmexico\/consejera-electoral-dulce-maria-villalobos-se-opuso-a-candidatura-de-felix-salgado-macedonio\/","title":{"rendered":"Consejera electoral Dulce Mar\u00eda Villalobos se opuso a candidatura de F\u00e9lix Salgado Macedonio"},"content":{"rendered":"\n<p class=\"wp-block-paragraph\">Elda Montiel&nbsp;<\/p>\n\n\n\n<p class=\"wp-block-paragraph\">SemM\u00e9xico. Cd. de M\u00e9xico. 5 de marzo 2021.- La consejera electoral Dulce Mar\u00eda Villalobos vot\u00f3 por no darle el registro como candidato de Morena al cargo de gobernador a F\u00e9lix Salgado Macedonio, porque existe \u201cal menos una acusaci\u00f3n\u201d por el delito de violaci\u00f3n. As\u00ed lo hizo saber durante el debate previo a la aprobaci\u00f3n del registro de candidaturas a gobernador del pasado 4 de marzo por el Instituto\u00a0Electoral y Participaci\u00f3n Ciudadana del Estado de Guerrero (IEPCGRO).\u00a0\u00a0<\/p>\n\n\n\n<p class=\"wp-block-paragraph\">Agreg\u00f3 que, aunque el 15 de febrero, F\u00e9lix Salgado Macedonio solicit\u00f3 su registro como candidato de Morena a la gubernatura de Guerrero, actualmente existe una resoluci\u00f3n intrapartidaria que mandata la reposici\u00f3n del procedimiento de selecci\u00f3n de candidatos en ese partido, de ah\u00ed que el partido no pueda manifestar que fue seleccionado como candidato con base en sus estatutos, como requiere la Ley Electoral local.<\/p>\n\n\n\n<p class=\"wp-block-paragraph\">\u201cPara que el partido pol\u00edtico postulante o la coalici\u00f3n manifieste por escrito que los candidatos cuyo registro solicita fueron seleccionados de conformidad con las normas estatutarias del propio partido o de quienes integran la coalici\u00f3n\u201d, acot\u00f3.<\/p>\n\n\n\n<p class=\"wp-block-paragraph\">Antes, la consejera expres\u00f3 que los partidos pol\u00edticos y las instituciones electorales deben tomar acciones y compromisos para garantizar un desarrollo sostenible y una democracia paritaria y libre de violencia de g\u00e9nero.<\/p>\n\n\n\n<p class=\"wp-block-paragraph\">\u201cCompromiso -dijo- que incluso se formaliz\u00f3 a trav\u00e9s del pacto estatal por los derechos pol\u00edtico electorales de las mujeres guerrerenses, libre de violencia y discriminaci\u00f3n\u201d.<\/p>\n\n\n\n<p class=\"wp-block-paragraph\">Record\u00f3, la consejera electoral, que el 27 de febrero la Comisi\u00f3n Nacional de Honestidad y Justicia de Morena orden\u00f3 reponer el procedimiento de selecci\u00f3n de su candidato a la gubernatura de Guerrero, luego de analizar las acusaciones en contra de Salgado Macedonio, pero ese resolutivo no se incorpor\u00f3 en el acuerdo que discuti\u00f3 este jueves el IEPC porque el partido no notific\u00f3 de manera oficial la resoluci\u00f3n.<\/p>\n\n\n\n<p class=\"wp-block-paragraph\">Dulce Villalobos consider\u00f3 que, en este caso, debi\u00f3 certificarse la notificaci\u00f3n de los estrados electr\u00f3nicos de la Comisi\u00f3n de Honestidad y Justicia de Morena, por tratarse de un hecho notorio, evidente y p\u00fablico.<\/p>\n\n\n\n<p class=\"wp-block-paragraph\">\u201cDicha certificaci\u00f3n debi\u00f3 ejercerse de oficio por parte del responsable o responsables de la Oficial\u00eda Electoral de este IEPC, independientemente de recibir o no recibir la notificaci\u00f3n por oficio, que, en este caso, no es de tipo personal, puesto que dicha determinaci\u00f3n constituye un hecho notorio, evidente y p\u00fablico\u201d, argument\u00f3 la consejera.<\/p>\n\n\n\n<p class=\"wp-block-paragraph\">Sin embargo, en\u00a0el marco de la Sexta Sesi\u00f3n Extraordinaria, encabezada por el consejero Presidente del IEPCGRO, Nazar\u00edn Vargas Armenta, se aprobaron los registros de los ocho candidatos de los partidos pol\u00edticos y alianzas acreditados para participar en el proceso electoral\u00a0\u00a0de gobernador este 2021.<\/p>\n","protected":false},"excerpt":{"rendered":"<p>Elda Montiel&nbsp; SemM\u00e9xico. Cd. de M\u00e9xico. 5 de marzo 2021.- La consejera electoral Dulce Mar\u00eda Villalobos vot\u00f3 por no darle el registro como candidato de Morena al cargo de gobernador a F\u00e9lix Salgado Macedonio, porque existe \u201cal menos una acusaci\u00f3n\u201d por el delito de violaci\u00f3n. As\u00ed lo hizo saber durante el debate previo a la [&hellip;]<\/p>\n","protected":false},"author":3,"featured_media":32712,"comment_status":"open","ping_status":"open","sticky":false,"template":"","format":"standard","meta":{"_monsterinsights_skip_tracking":false,"footnotes":""},"categories":[692,141],"tags":[],"class_list":["post-32711","post","type-post","status-publish","format-standard","has-post-thumbnail","category-692","category-elecciones-2020-2021"],"_links":{"self":[{"href":"https:\/\/redsemlac.com\/semmexico\/wp-json\/wp\/v2\/posts\/32711","targetHints":{"allow":["GET"]}}],"collection":[{"href":"https:\/\/redsemlac.com\/semmexico\/wp-json\/wp\/v2\/posts"}],"about":[{"href":"https:\/\/redsemlac.com\/semmexico\/wp-json\/wp\/v2\/types\/post"}],"author":[{"embeddable":true,"href":"https:\/\/redsemlac.com\/semmexico\/wp-json\/wp\/v2\/users\/3"}],"replies":[{"embeddable":true,"href":"https:\/\/redsemlac.com\/semmexico\/wp-json\/wp\/v2\/comments?post=32711"}],"version-history":[{"count":0,"href":"https:\/\/redsemlac.com\/semmexico\/wp-json\/wp\/v2\/posts\/32711\/revisions"}],"wp:featuredmedia":[{"embeddable":true,"href":"https:\/\/redsemlac.com\/semmexico\/wp-json\/wp\/v2\/media\/32712"}],"wp:attachment":[{"href":"https:\/\/redsemlac.com\/semmexico\/wp-json\/wp\/v2\/media?parent=32711"}],"wp:term":[{"taxonomy":"category","embeddable":true,"href":"https:\/\/redsemlac.com\/semmexico\/wp-json\/wp\/v2\/categories?post=32711"},{"taxonomy":"post_tag","embeddable":true,"href":"https:\/\/redsemlac.com\/semmexico\/wp-json\/wp\/v2\/tags?post=32711"}],"curies":[{"name":"wp","href":"https:\/\/api.w.org\/{rel}","templated":true}]}}