{"id":32703,"date":"2021-03-05T17:59:56","date_gmt":"2021-03-05T17:59:56","guid":{"rendered":"https:\/\/redsemlac.com\/semmexico\/?p=32703"},"modified":"2023-07-21T16:51:17","modified_gmt":"2023-07-21T21:51:17","slug":"8m-en-veracruz","status":"publish","type":"post","link":"https:\/\/redsemlac.com\/semmexico\/8m-en-veracruz\/","title":{"rendered":"#8M en Veracruz"},"content":{"rendered":"\n<p class=\"wp-block-paragraph\">Ana Alicia Osorio <\/p>\n\n\n\n<p class=\"wp-block-paragraph\">SemM\u00e9xico. Veracruz. 5 de marzo de 2021.-  La conmemoraci\u00f3n del D\u00eda Internacional de las Mujeres en el Estado de Veracruz estar\u00e1 presente con distintas actividades tanto f\u00edsicas como virtuales.&nbsp;<\/p>\n\n\n\n<p class=\"wp-block-paragraph\">En la entidad se preven actividades en al menos cuatro municipios del estado que son Xalapa, Veracruz, Orizaba y C\u00f3rdoba.&nbsp;<\/p>\n\n\n\n<p class=\"wp-block-paragraph\">En Orizaba el acto ser\u00e1 el 7 de marzo a medio d\u00eda con una instalaci\u00f3n de cruces y el canto de \u201cla bamba feminista\u201d una reapropiaci\u00f3n del canto t\u00edpico veracruzano mientras que el 8 la marcha ser\u00e1 a las 4 de la tarde.&nbsp;<\/p>\n\n\n\n<p class=\"wp-block-paragraph\">El 8 de marzo habr\u00e1 una concentraci\u00f3n art\u00edstica en el Puerto de Veracruz a las 12 del d\u00eda en el asta bandera, otra a las 5 de la tarde en el z\u00f3calo y una cadena humana a las 5 de la tarde de nuevo en el asta bandera.&nbsp;<\/p>\n\n\n\n<p class=\"wp-block-paragraph\">El mismo d\u00eda en C\u00f3rdoba habr\u00e1 una marcha a las 5 de la tarde, otra a las 12 y en Xalapa ser\u00e1 a las 12:30 de la tarde.\u00a0<\/p>\n\n\n\n<p class=\"wp-block-paragraph\">Pero adem\u00e1s durante el fin de semana se tendr\u00e1n algunos eventos virtuales con los que buscar\u00e1n exigir justicia ante el segundo lugar de feminicidios que ocupa Veracruz a nivel nacional.&nbsp;<\/p>\n\n\n\n<p class=\"wp-block-paragraph\">La Secretar\u00eda de Seguridad P\u00fablica&nbsp; inform\u00f3 a trav\u00e9s de un redes sociales que ya se reunieron con Derechos Humanos y otras instancias para preparar el operativo por la manifestaci\u00f3n principal en Xalapa, ciudad capital.&nbsp;<\/p>\n","protected":false},"excerpt":{"rendered":"<p>Ana Alicia Osorio SemM\u00e9xico. Veracruz. 5 de marzo de 2021.- La conmemoraci\u00f3n del D\u00eda Internacional de las Mujeres en el Estado de Veracruz estar\u00e1 presente con distintas actividades tanto f\u00edsicas como virtuales.&nbsp; En la entidad se preven actividades en al menos cuatro municipios del estado que son Xalapa, Veracruz, Orizaba y C\u00f3rdoba.&nbsp; En Orizaba el [&hellip;]<\/p>\n","protected":false},"author":3,"featured_media":32704,"comment_status":"open","ping_status":"open","sticky":false,"template":"","format":"standard","meta":{"_monsterinsights_skip_tracking":false,"footnotes":""},"categories":[692,54],"tags":[],"class_list":["post-32703","post","type-post","status-publish","format-standard","has-post-thumbnail","category-692","category-mujeres"],"_links":{"self":[{"href":"https:\/\/redsemlac.com\/semmexico\/wp-json\/wp\/v2\/posts\/32703","targetHints":{"allow":["GET"]}}],"collection":[{"href":"https:\/\/redsemlac.com\/semmexico\/wp-json\/wp\/v2\/posts"}],"about":[{"href":"https:\/\/redsemlac.com\/semmexico\/wp-json\/wp\/v2\/types\/post"}],"author":[{"embeddable":true,"href":"https:\/\/redsemlac.com\/semmexico\/wp-json\/wp\/v2\/users\/3"}],"replies":[{"embeddable":true,"href":"https:\/\/redsemlac.com\/semmexico\/wp-json\/wp\/v2\/comments?post=32703"}],"version-history":[{"count":0,"href":"https:\/\/redsemlac.com\/semmexico\/wp-json\/wp\/v2\/posts\/32703\/revisions"}],"wp:featuredmedia":[{"embeddable":true,"href":"https:\/\/redsemlac.com\/semmexico\/wp-json\/wp\/v2\/media\/32704"}],"wp:attachment":[{"href":"https:\/\/redsemlac.com\/semmexico\/wp-json\/wp\/v2\/media?parent=32703"}],"wp:term":[{"taxonomy":"category","embeddable":true,"href":"https:\/\/redsemlac.com\/semmexico\/wp-json\/wp\/v2\/categories?post=32703"},{"taxonomy":"post_tag","embeddable":true,"href":"https:\/\/redsemlac.com\/semmexico\/wp-json\/wp\/v2\/tags?post=32703"}],"curies":[{"name":"wp","href":"https:\/\/api.w.org\/{rel}","templated":true}]}}