{"id":32697,"date":"2021-03-05T17:52:29","date_gmt":"2021-03-05T17:52:29","guid":{"rendered":"https:\/\/redsemlac.com\/semmexico\/?p=32697"},"modified":"2023-07-21T16:51:17","modified_gmt":"2023-07-21T21:51:17","slug":"aprueba-ine-ventana-de-informacion-candidatas-y-candidatos-conoceles-para-promover-voto-razonado","status":"publish","type":"post","link":"https:\/\/redsemlac.com\/semmexico\/aprueba-ine-ventana-de-informacion-candidatas-y-candidatos-conoceles-para-promover-voto-razonado\/","title":{"rendered":"Aprueba INE ventana de informaci\u00f3n \u201cCandidatas y candidatos, con\u00f3celes\u201d para promover voto razonado."},"content":{"rendered":"\n<p class=\"wp-block-paragraph\">Elda Montiel&nbsp;<\/p>\n\n\n\n<p class=\"wp-block-paragraph\">SemM\u00e9xico. Cd. de M\u00e9xico. 5 de marzo 2021.- El Consejo General del Instituto Nacional Electoral (INE) aprob\u00f3 emitir los Lineamientos para el uso del sistema denominado \u201c<em>Candidatas y Candidatos, con\u00f3celes\u201d,&nbsp;<\/em>para el Proceso Electoral Federal 2020-2021, con el objetivo de que la ciudadan\u00eda cuente con la mayor informaci\u00f3n disponible para que pueda ejercer un voto informado y razonado.&nbsp;<\/p>\n\n\n\n<p class=\"wp-block-paragraph\">\u201cLo que ser\u00e1 una ventana de informaci\u00f3n para el voto informado frente a la ciudadan\u00eda\u201d consider\u00f3 la consejera Claudia Zavala, ya que las y los candidatos deber\u00e1n llenar dos cuestionarios; uno referente a datos personales y el otro, si tienen identidad o pertenencia con grupos vulnerables en situaci\u00f3n de discriminaci\u00f3n o de atenci\u00f3n prioritaria.&nbsp;<\/p>\n\n\n\n<p class=\"wp-block-paragraph\">Se precisa que la informaci\u00f3n estar\u00e1 bajo protecci\u00f3n de datos personales prevista en la legislaci\u00f3n respectiva. La ciudadan\u00eda con este tipo de informaci\u00f3n conocer\u00e1 mejor a las personas candidatas a una diputaci\u00f3n federal postuladas por los partidos pol\u00edticos nacionales, y coaliciones por ambos principios.<\/p>\n\n\n\n<p class=\"wp-block-paragraph\">Asimismo, la autoridad electoral contar\u00e1 con datos para elaborar estad\u00edsticas, evaluar los alcances de las acciones afirmativas mediante la aplicaci\u00f3n de metodolog\u00edas adecuadas, a trav\u00e9s de estudios segmentados y bajo los criterios de transversalidad.&nbsp;<\/p>\n\n\n\n<p class=\"wp-block-paragraph\">Detall\u00f3 la presidenta de la Comisi\u00f3n de Prerrogativas y Partidos Pol\u00edticos, Claudia Zavala, que este sistema ya exist\u00eda y se complet\u00f3 con esta informaci\u00f3n que va a ser muy \u00fatil para que ciudadan\u00eda, respecto de qui\u00e9nes son las personas que est\u00e1n contendiendo en las campa\u00f1as el pr\u00f3ximo 6 de junio. Invit\u00f3 a las y los ciudadanos a consultarlo, as\u00ed como a los partidos pol\u00edticos a ser corresponsables en la construcci\u00f3n del sistema.&nbsp;<\/p>\n\n\n\n<p class=\"wp-block-paragraph\">La Consejera Dania Ravel expres\u00f3 que, en caso de que las personas que hagan uso de acciones afirmativas o pertenezcan a un grupo en vulnerabilidad deben dar un consentimiento expreso o, de lo contrario, que su informaci\u00f3n no sea p\u00fablica o se mantenga reservada.&nbsp;<\/p>\n","protected":false},"excerpt":{"rendered":"<p>Elda Montiel&nbsp; SemM\u00e9xico. Cd. de M\u00e9xico. 5 de marzo 2021.- El Consejo General del Instituto Nacional Electoral (INE) aprob\u00f3 emitir los Lineamientos para el uso del sistema denominado \u201cCandidatas y Candidatos, con\u00f3celes\u201d,&nbsp;para el Proceso Electoral Federal 2020-2021, con el objetivo de que la ciudadan\u00eda cuente con la mayor informaci\u00f3n disponible para que pueda ejercer un [&hellip;]<\/p>\n","protected":false},"author":3,"featured_media":32698,"comment_status":"open","ping_status":"open","sticky":false,"template":"","format":"standard","meta":{"_monsterinsights_skip_tracking":false,"footnotes":""},"categories":[692,141],"tags":[],"class_list":["post-32697","post","type-post","status-publish","format-standard","has-post-thumbnail","category-692","category-elecciones-2020-2021"],"_links":{"self":[{"href":"https:\/\/redsemlac.com\/semmexico\/wp-json\/wp\/v2\/posts\/32697","targetHints":{"allow":["GET"]}}],"collection":[{"href":"https:\/\/redsemlac.com\/semmexico\/wp-json\/wp\/v2\/posts"}],"about":[{"href":"https:\/\/redsemlac.com\/semmexico\/wp-json\/wp\/v2\/types\/post"}],"author":[{"embeddable":true,"href":"https:\/\/redsemlac.com\/semmexico\/wp-json\/wp\/v2\/users\/3"}],"replies":[{"embeddable":true,"href":"https:\/\/redsemlac.com\/semmexico\/wp-json\/wp\/v2\/comments?post=32697"}],"version-history":[{"count":0,"href":"https:\/\/redsemlac.com\/semmexico\/wp-json\/wp\/v2\/posts\/32697\/revisions"}],"wp:featuredmedia":[{"embeddable":true,"href":"https:\/\/redsemlac.com\/semmexico\/wp-json\/wp\/v2\/media\/32698"}],"wp:attachment":[{"href":"https:\/\/redsemlac.com\/semmexico\/wp-json\/wp\/v2\/media?parent=32697"}],"wp:term":[{"taxonomy":"category","embeddable":true,"href":"https:\/\/redsemlac.com\/semmexico\/wp-json\/wp\/v2\/categories?post=32697"},{"taxonomy":"post_tag","embeddable":true,"href":"https:\/\/redsemlac.com\/semmexico\/wp-json\/wp\/v2\/tags?post=32697"}],"curies":[{"name":"wp","href":"https:\/\/api.w.org\/{rel}","templated":true}]}}