{"id":32694,"date":"2021-03-05T17:49:18","date_gmt":"2021-03-05T17:49:18","guid":{"rendered":"https:\/\/redsemlac.com\/semmexico\/?p=32694"},"modified":"2023-07-21T16:51:17","modified_gmt":"2023-07-21T21:51:17","slug":"un-mundo-mejor-es-posible-la-pandemia-como-obra-arte-reflexion-y-vida","status":"publish","type":"post","link":"https:\/\/redsemlac.com\/semmexico\/un-mundo-mejor-es-posible-la-pandemia-como-obra-arte-reflexion-y-vida\/","title":{"rendered":"Un mundo mejor es posible: la pandemia como obra arte, reflexi\u00f3n y vida"},"content":{"rendered":"\n<p class=\"wp-block-paragraph\">SemM\u00e9xico. Cd. de M\u00e9xico. 5 de marzo de 2021.- El Colectivo de Mujeres en la M\u00fasica A.C., la Coordinadora Internacional de Mujeres en el Arte, Comu<em>A<\/em>rte y la Asociaci\u00f3n espa\u00f1ola Murmullo de sirenas: Arte de mujeres, en colaboraci\u00f3n con el Instituto Nacional de Bellas Artes y la Facultad de Ingenier\u00eda de la Universidad Aut\u00f3noma de Quer\u00e9taro, invitan al\u00a0<em>XXV Encuentro Internacional-XXI Encuentro Iberoamericano de Mujeres en el Arte\u00a0<\/em>que se llevar\u00e1 a cabo en marzo y noviembre del a\u00f1o 2021 en las Ciudades de M\u00e9xico y Quer\u00e9taro; con la tem\u00e1tica:<\/p>\n\n\n\n<p class=\"wp-block-paragraph\"><strong><em>Un mundo mejor es posible: la pandemia como obra arte, reflexi\u00f3n y vida<\/em><\/strong><\/p>\n\n\n\n<p class=\"wp-block-paragraph\"><em>Si en el confinamiento de mi alma pudiera yo dar luz y esperanza,<br>no dudar\u00eda en encerrar mi esencia, d\u00eda y noche, a tu mirada.<br>Si en ese confinarme acariciara yo tu alma, no dudar\u00eda en alimentar, d\u00eda y noche, la luz de esta llama que es en ti mi esperanza.<\/em><\/p>\n\n\n\n<p class=\"wp-block-paragraph\">Carmen Cecilia Pi\u00f1ero<\/p>\n\n\n\n<p class=\"wp-block-paragraph\">Por primera vez en este siglo XXI, y desde hace muchas d\u00e9cadas, la humanidad se enfrenta a amenazas globalizadas para su propia supervivencia. El cambio clim\u00e1tico ha despertado conciencias y alzado voces clamando por un nuevo orden mundial que frene la degradaci\u00f3n de nuestro planeta y sus consecuencias para la especie humana. Sin embargo, las medidas adoptadas son d\u00e9biles e insignificantes para la emergencia clim\u00e1tica que se acelera en una espiral de cat\u00e1strofes naturales, aumento de la temperatura, deshielo imparable de los polos e incremento de las especies amenazadas. En este desolador escenario, la aparici\u00f3n de la pandemia de la COVID19 parece un elemento m\u00e1s de esta espiral o tal vez no&#8230;<\/p>\n\n\n\n<p class=\"wp-block-paragraph\">La r\u00e1pida expansi\u00f3n de la pandemia, la magnitud de afectados, infectados y fallecidos, las repercusiones econ\u00f3micas y sociales de amplitud nunca vista recientemente han hecho temblar los pilares de las estructuras pol\u00edticas, econ\u00f3micas, culturales y usos sociales de todas las geograf\u00edas. El confinamiento dilatado en el tiempo y sus consecuencias a nivel individual y colectivo se proyectan m\u00e1s all\u00e1 de la inmediatez temporal.<\/p>\n\n\n\n<p class=\"wp-block-paragraph\">En estos momentos tomamos conciencia de la importancia de la ciencia frente a la econom\u00eda; del hospital frente al estadio de f\u00fatbol; de la investigaci\u00f3n m\u00e9dica frente a aquella con fines armament\u00edsticos; de la cohesi\u00f3n y la solidaridad familiar y social frente al hedonismo individualista; del valorar la vida de nuestros mayores frente a la eficiencia y beneficio econ\u00f3mico&#8230; En estos momentos es ineludible asumir de una vez por todas que el bienestar de otro es consustancial al propio bienestar y que el Otro no s\u00f3lo es el humano, es tambi\u00e9n el animal, el vegetal, es la Madre Tierra porque como apunta Enrique Dussel \u201cdecir que la Naturaleza es nuestra madre no es una met\u00e1fora es un juicio cient\u00edfico\u201d.<\/p>\n\n\n\n<p class=\"wp-block-paragraph\">La COVID19 se presenta como un revulsivo que cuestiona el&nbsp;<em>status quo&nbsp;<\/em>establecido respecto a fronteras, desigualdades sociales, iconos culturales, jerarquizaci\u00f3n social del trabajo, prioridades econ\u00f3micas del gasto p\u00fablico, sectores sensibles de la sociedad&#8230;<\/p>\n\n\n\n<p class=\"wp-block-paragraph\">\u00bfO es que la COVID19 se alza como un grito de la Madre Tierra que necesita de su \u201chabitaci\u00f3n propia\u201d para sanarse del c\u00e1ncer que los humanos somos y representamos para ella? \u00bfEs que es la Madre Tierra, la Naturaleza quien nos ha confinado para tomar la voz y reprendernos con un ultim\u00e1tum que desmorona nuestra arrogancia como especie?<\/p>\n\n\n\n<p class=\"wp-block-paragraph\">En este marco de incertidumbre colectiva, las mujeres en el arte nos preguntamos por nuestro papel en esta crisis global y en las nuevas etapas por vivir como consecuencia de la misma. Es momento de meditar sobre&nbsp;las mujeres en situaciones de emergencia, sobre sus fortalezas y debilidades. Es momento de trabajar en torno a las mujeres artistas y el encierro obligado, en torno a sus reflexiones y a las aportaciones que desde su arte pueden ofrecer a la sociedad en un contexto de enclaustramiento.<\/p>\n\n\n\n<p class=\"wp-block-paragraph\">Porque las mujeres de Comu<em>A<\/em>rte, pertenecemos a&nbsp;la generaci\u00f3n de humanas que padeci\u00f3 el coronavirus y queremos escribir la historia diciendo que somos parte de la generaci\u00f3n que lo venci\u00f3 e hizo posible un mundo mejor, necesariamente un mundo diferente.<\/p>\n\n\n\n<p class=\"wp-block-paragraph\">El sistema capitalista patriarcal, fundamentado en la desigualdad social, ha creado contradicciones insostenibles como el que la riqueza se encuentre en manos de una minor\u00eda siendo el poder econ\u00f3mico m\u00e1s importante que la vida en todas sus manifestaciones. El COVID19, ha puesto estas diferencias al desnudo, diferencias que de seguir, nos enfrentan al fin de la especie humana. Las mujeres en el arte, desde las c\u00e1rceles a las que nos ha confinado la desigualdad, buscamos conmover a trav\u00e9s de nuestros corazones vivos, desde la virtualidad para transformar y ennoblecer a la especie humana, apostando por la vida y esperando llegar vivas al Encuentro de Comu<em>A<\/em>rte 2021.<\/p>\n\n\n\n<p class=\"wp-block-paragraph\">Las obras seleccionadas se presentar\u00e1n de forma virtual \u201cviviendo el presente y pensando en la trascendencia\u00a0<em>post mortem<\/em>, recuperando la alegr\u00eda, el j\u00fabilo y las ganas de vivir enfrentando los verdaderos enemigos internos y externos, aferr\u00e1ndonos a la vida a trav\u00e9s de la sabidur\u00eda, la espiritualidad, la filosof\u00eda de los pueblos originarios ancestrales para superar las p\u00e9rdidas humanas y para elevar nuestro nivel espiritual y corporal\u201d.\u00a0Redacci\u00f3n: Dra. Carmen Cecilia Pi\u00f1ero Gil, Comu<em>A<\/em>rte, Espa\u00f1a.<\/p>\n\n\n\n<p class=\"wp-block-paragraph\">Las mujeres en el arte solicitamos a las instituciones culturales del pa\u00eds, dar una respuesta oficial a las demandas presentadas en 2019 que hasta el momento no han tenido una respuesta oficial por parte de la Secretar\u00eda de Cultura del Gobierno Federal.<br>Este a\u00f1o los apoyos conseguidos a lo largo de 26 a\u00f1os de historia, se han perdido.<\/p>\n\n\n\n<p class=\"wp-block-paragraph\">La pandemia no puede ser pretexto del abandono que hist\u00f3ricamente hemos sido sujetas.<br>Es inadmisible el intento de dejar en manos de las artistas la gesti\u00f3n de los recursos, ya que el estado tiene una deuda hist\u00f3rica con las artistas y cient\u00edficas del pa\u00eds.<\/p>\n\n\n\n<p class=\"wp-block-paragraph\">En pasado marzo de 2020, las mujeres en el arte nos constituimos como un observatorio internacional en defensa de los derechos de las mujeres en el arte. Tras ello, recibimos un gran n\u00famero de denuncias de mujeres y grupos como el Despertador an\u00f3nimo, Mujeres organizadas de la Facultad de M\u00fasica de la Universidad Nacional Aut\u00f3noma de M\u00e9xico, Conservatorio Nacional de M\u00fasica y diversas asociaciones y artistas de M\u00e9xico y el mundo, quienes nos hicieron llegar largos listados de profesores, directivos y grupos de poder, que presuntamente han vulnerado sus derechos humanos y laborales.<\/p>\n\n\n\n<p class=\"wp-block-paragraph\">Cumpliendo con nuestra misi\u00f3n, presentaremos una demanda colectiva para hacer llegar estas denuncias a las instancias jur\u00eddicas y de derechos humanos correspondientes a nivel nacional e internacionales de altura como es la Comisi\u00f3n Interamericana de Derechos Humanos.<\/p>\n\n\n\n<p class=\"wp-block-paragraph\">Recordar que en 2004 instituimos el Premio Internacional a la misoginia, el cual se le otorga a quienes han ejercido alg\u00fan tipo de violencia en contra de las mujeres, en ese entonces otorgado a Lorenzo de Firenze, director de la asociaci\u00f3n Circulo Masculino, qui\u00e9n convoc\u00f3 a una marcha por la dignificaci\u00f3n de los hombres. Este a\u00f1o encabezan la lista el exdiputado del PRI Juan Vera Carrizal, el promotor Andr\u00e9s Roemer y el candidato a la Gobernatura de Oaxaca F\u00e9xliz Salgado Macedonio, acusados de rocear con \u00e1cido a una saxofonista, abuso sexual y violaci\u00f3n, acusaciones que constituyen un delito.<\/p>\n\n\n\n<p class=\"wp-block-paragraph\">Los acosadores tienen nombre y apellido. Es tiempo de detenerlos, de decir sus nombres con todas sus letras y de exigir justicia para que las instituciones nacionales e internacionales act\u00faen en consecuencia.<\/p>\n\n\n\n<p class=\"wp-block-paragraph\">Invitamos a todas aquellas que hayan padecido alg\u00fan tipo de violencia, nos hagan llegar su caso, no estan solas. Las interesadas en integrar su caso pueden enviar su denuncia a\u00a0info@comuarte.org\u00a0Dra. Leticia Armijo<img decoding=\"async\" width=\"94.080000\" height=\"0.480000\" src=\"blob:https:\/\/redsemlac.com\/semmexico\/71d5d03f-51f2-4872-b9d6-365288fe03ed\" alt=\"page3image4232702640\"><\/p>\n\n\n\n<p class=\"wp-block-paragraph\"><strong>M\u00fasica Dra. Leticia Armijo<\/strong><\/p>\n\n\n\n<p class=\"wp-block-paragraph\">Las mujeres en la m\u00fasica hemos resistido a la pandemia, produciendo milagros prodigiosos, como los cuatro conciertos que se transmitir\u00e1n a trav\u00e9s de nuestras redes sociales y p\u00e1gina en internet. Se estrenar\u00e1n obras de 20 compositoras de Espa\u00f1a, Australia, El Salvador, Estados Unidos y M\u00e9xico.<\/p>\n\n\n\n<p class=\"wp-block-paragraph\">El s\u00e1bado 6 a las 18:00 la obo\u00edsta Katherine Needleman, la piccolista Caroline S\u00e9guin y la pianista Ana Loudes Rodr\u00edguez; presentar\u00e1n de Alejandra Odgers, Diana Syrse y Rosa Ma. Rodr\u00edguez.<\/p>\n\n\n\n<p class=\"wp-block-paragraph\">Destaca la colaboraci\u00f3n con Australia debida al proyecto MIA Music from iberoamerica in Australia, lidereado por la destacada pianista Irma Enriquez, qui\u00e9n presentar\u00e1 el concierto \u201cResiliencia\u201d, con la participaci\u00f3n de la violinista Carmen Becerra. Presentar\u00e1n obras de Alicia Terzian, Argentina; Peggy Polias y Elena Kats-Chernin, Australia; Mar\u00eda Baratta, El Salvador; \u00c1ngeles L\u00f3pez, Espa\u00f1a; Jennifer Hidgon, Estados Unidos; Mariana Villanueva y Leticia Armijo, M\u00e9xico. La cita es el 7 de marzo a las 18:00 hrs.<\/p>\n\n\n\n<p class=\"wp-block-paragraph\">El lunes 8 de marzo a las 18:00 Se transmitir\u00e1 un concierto de m\u00fasica electroac\u00fastica, en el marco del Seminario Internacional de M\u00fasica Electroac\u00fastica. Participa el clarinetista Alejandro Moreno y la violinista Carmen Becerra. El concierto incluir\u00e1 obras de las compositoras Candy Mendoza Copka, Mayra Ju\u00e1rez, Estephanie Pe\u00f1a, Eunice S. Baz\u00e1n y Arwen Vald\u00e9s.<\/p>\n\n\n\n<p class=\"wp-block-paragraph\">Domingo 14 a las18:00 la arpista Amalinalli Pichardo, la guitarrista Laura Ch\u00e1vez Balanco y la Orquesta de guitarras de la Universidad Aut\u00f3noma de Quer\u00e9taro, dirigida por Efraim Escobar. Presentar\u00e1n obras de Mar\u00eda Luisa Sol\u00f3rzano y Laura Ch\u00e1vez Blanco.<\/p>\n\n\n\n<p class=\"wp-block-paragraph\"><strong>Seminario Internacional de Estudios de G\u00e9nero en el Arte y las Ciencias<\/strong><\/p>\n\n\n\n<p class=\"wp-block-paragraph\">El Seminario es la piedra angular de nuestro encuentro que encierra nuestro esp\u00edritu acad\u00e9mico y amplia vocaci\u00f3n pedag\u00f3gica. Se realizar\u00e1 el domingo 14 a las 10:00 a.m. Participan la Dra. Carmen Cecilia Pi\u00f1ero Gil, Espa\u00f1a; Dra. Margarita Tortajada Quir\u00f3z, Dra. Irma Fuentes, Dra. Hilda Romero y Dra. Cristina Navarrete, M\u00e9xico, estas tres \u00faltimas catedr\u00e1ticas de la Facultad de Ingenier\u00eda y del Cuerpo Acad\u00e9mico Creaci\u00f3n, Formaci\u00f3n e Interpretaci\u00f3n del Arte y la Cultura de la Universidad Aut\u00f3noma de Quer\u00e9taro.<\/p>\n\n\n\n<p class=\"wp-block-paragraph\"><strong>Premio y homenaje Coatlicue<\/strong><\/p>\n\n\n\n<p class=\"wp-block-paragraph\">La inexistencia de Premios y reconocimiento para las artistas en M\u00e9xico nos motiv\u00f3 a la creaci\u00f3n de galardones alusivos a deidades prehisp\u00e1nicas. Las figuras son obra de las artistas pl\u00e1sticas Yolanda Gonz\u00e1lez (1961) y Catherine Gilbert (1969), herederas de la tradici\u00f3n alfarera del mundo prehisp\u00e1nico.<\/p>\n\n\n\n<p class=\"wp-block-paragraph\">Tambi\u00e9n hemos tomado el nombre de destacadas mujeres, con el prop\u00f3sito de inmortalizarlas a trav\u00e9s de la creaci\u00f3n de premios y reconocimientos que aluden a su infatigable labor cultural, como es el caso del Premio Socorro Bastida, de formaci\u00f3n danc\u00edstica, entre otros.<\/p>\n\n\n\n<p class=\"wp-block-paragraph\">A partir del a\u00f1o 2000 instituimos el Premio&nbsp;<em>Coatlicue<\/em>, m\u00e1ximo galard\u00f3n que otorga la Coordinadora Internacional de Mujeres en el Arte, para las artistas que han enaltecido con su obra de arte, a la cultura universal. \u00c9ste fue otorgado en el \u00e1rea de m\u00fasica a la primera Directora de Orquesta graduada en el Mozarteum de Salzburgo, a la mexicana Isabel Mayagoitia, a la compositora Consuelo Vel\u00e1zquez, a la artista visual Leonora Carrigton, a la escritora Elena Poniatowska, a la periodista Lydia Cacho y a la comunicadora Carmen Aristegui, entre otras.<\/p>\n\n\n\n<p class=\"wp-block-paragraph\">El Premio y Homenaje Coatlicue se\u00e1 otorgado a la promotora cultural Anne Hill.<\/p>\n\n\n\n<p class=\"wp-block-paragraph\">La grave pandemia que aqueja al mundo nos impide realizaci\u00f3n del Homenaje y Premio Coatlicue 2021 en la Sala Manuel M. Ponce del Palacio de Bellas Artes, por lo que se ceremonia se realizar\u00e1 de manera virtual el domingo 14 de marzo a las 13:00 hrs., en el marco del <em>Internacional-XXI Iberoamericano de Mujeres en el Arte<\/em>.<\/p>\n\n\n\n<p class=\"wp-block-paragraph\">Anne Hamilton Hill Kinsella (Anne Hill de Mayagoitia)<\/p>\n\n\n\n<p class=\"wp-block-paragraph\"><strong>Anne Hamilton Hill Kinsella (Anne Hill de Mayagoitia)&nbsp;<\/strong>naci\u00f3 en los Estados Unidos de Am\u00e9rica. Traductora y ling\u00fcista, su trabajo se ha centrado en la traducci\u00f3n del espa\u00f1ol al ingl\u00e9s de libros y documentos en las \u00e1reas de asuntos legales, turismo, arte, m\u00fasica y gastronom\u00eda. Su actividad profesional tambi\u00e9n se ha centrado en la asesor\u00eda ling\u00fc\u00edstica, la correcci\u00f3n de estilo y de redacci\u00f3n, as\u00ed como cuidado de edici\u00f3n.<\/p>\n\n\n\n<p class=\"wp-block-paragraph\">Ann Hamilton es perito traductor e int\u00e9rprete en idiomas ingl\u00e9s, franc\u00e9s e italiano, reconocida por el Consejo de la Judicatura Federal. Tambi\u00e9n es traductora certificada por la&nbsp;<em>American Translators Association&nbsp;<\/em>para traducciones del espa\u00f1ol al ingl\u00e9s y del ingl\u00e9s al espa\u00f1ol.<br>Se gradu\u00f3 con honores en Lenguas Neolatinas en la Rice University, en Houston, Texas. Obtuvo un diploma en Estudios Hisp\u00e1nicos por la Universidad de Madrid. Asimismo, en el \u00e1rea legal tiene una formaci\u00f3n muy s\u00f3lida por los diplomados en derecho corporativo y financiero, derecho administrativo y comercial y en negocios internacionales por la Universidad Panamericana.<\/p>\n\n\n\n<p class=\"wp-block-paragraph\">Ann es la creadora del concepto y propietaria de los derechos de autor del&nbsp;<em>Compendio del Medio Art\u00edstico,&nbsp;<\/em>una publicaci\u00f3n anual muy reconocida y de amplia difusi\u00f3n, entre el a\u00f1o 1988 y el a\u00f1o 2000, que comprende un directorio del mundo cultural en M\u00e9xico, una agenda por semanas y un directorio personal. Ella personalmente se encarg\u00f3 de todos los detalles de la producci\u00f3n de esta obra: dise\u00f1o, actualizaci\u00f3n, producci\u00f3n, difusi\u00f3n y ventas.<\/p>\n\n\n\n<p class=\"wp-block-paragraph\">Entre las obras en donde asumi\u00f3 la funci\u00f3n de cuidado de edici\u00f3n en ingl\u00e9s est\u00e1n: Diversos autores, Traces in History: Spanish Art in Mexico, El Viso (2017);<\/p>\n\n\n\n<p class=\"wp-block-paragraph\"><img decoding=\"async\" width=\"202.650000\" height=\"270.135200\" src=\"blob:https:\/\/redsemlac.com\/semmexico\/a1b46375-c278-4435-b35a-a41f403ea698\" alt=\"page5image58514768\"><\/p>\n\n\n\n<p class=\"wp-block-paragraph\">Grandes maestros del arte popular iberoamericano\/Great Masters of Iberoamerican Folk Art, Fomento Cultural Banamex (2014);<br><em>Mexico in the Eyes of Mexicans II<\/em>, Fomento Cultural Banamex, (2014),<br>Amalia Hern\u00e1ndez and the Ballet Folkl\u00f3rico de M\u00e9xico, Fomento Cultural Banamex (2nd ed, 2013);<\/p>\n\n\n\n<p class=\"wp-block-paragraph\"><em>Roger von Gunten. Pintura y Gr\u00e1fica&nbsp;<\/em>(2012), \u00cdndice Editores\/ Iconos de Siempre, S.A. de C.V.; Helia Emma Bonilla Reyna,&nbsp;<em>Jos\u00e9 Guadalupe Posada a 100 a\u00f1os de de su partida&nbsp;<\/em>(2012), \u00cdconos de Siempre, S.A. de C.V.;<br>Diversos autores,&nbsp;<em>Antonio L\u00f3pez Saenz<\/em>.&nbsp;<em>Pintura, escultura, dibujo&nbsp;<\/em>(2011), \u00cdconos de Siempre, S.A. de C.V.;<\/p>\n\n\n\n<p class=\"wp-block-paragraph\"><em>Frida\u2019s Frida&nbsp;<\/em>(2007), Fomento Cultural Banamex;<\/p>\n\n\n\n<p class=\"wp-block-paragraph\">Actualmente est\u00e1 en proceso la publicaci\u00f3n de una de sus traducciones: un libro sobre la Cuenca<\/p>\n\n\n\n<p class=\"wp-block-paragraph\">del Pac\u00edfico, del que tambi\u00e9n se encarga del cuidado de la edici\u00f3n y que posibilemnte saldr\u00e1 este<\/p>\n\n\n\n<p class=\"wp-block-paragraph\">a\u00f1o (2021).<\/p>\n\n\n\n<p class=\"wp-block-paragraph\">Otros libros que ha traducido de espa\u00f1ol al ingl\u00e9s y de los que ha cuidado la edici\u00f3n en su mayor\u00eda,&nbsp;son1:<\/p>\n\n\n\n<p class=\"wp-block-paragraph\">+ Great Masters of Mexican Folk Art. Fomento Cultural Banamex Collection. 20 Years, C\u00e1ndida Fern\u00e1ndez de Calder\u00f3n, Coord. (2019);<br>+&nbsp;<em>America, Land of Horsemen from Charros to Gauchos. 19th and 20th Centuries&nbsp;<\/em>(2018);<br>+&nbsp;<em>Francisco Toledo: Works 1957\u20131970&nbsp;<\/em>(vols. 1\u20134) (2016, 2017);<\/p>\n\n\n\n<p class=\"wp-block-paragraph\">+&nbsp;<em>Javier Mar\u00edn: Terra, Material as Idea&nbsp;<\/em>(2015);<br>+&nbsp;<em>Mexican Silver Design: Art and Craftsmanship, 1880\u20132015&nbsp;<\/em>(2015);<br>+&nbsp;<em>Yvonne Domenge, Interconnections&nbsp;<\/em>(2015);<br>+&nbsp;<em>Great Masters of Iberoamerican Folk Art from the Collection of Fomento Cultural Banamex,&nbsp;<\/em>(cat\u00e1logo, 2014);<br>+&nbsp;<em>Great Masters of Iberoamerican Folk Art&nbsp;<\/em>(vol. 1, 2011, vol. 2, 2012, vol. 3, 2014);<br>+ Fernanda Canales,&nbsp;<em>Architecture in Mexico 1900\u2013 2010: The Construction of Modernity; Works, Design, Art, and Thought,&nbsp;<\/em>(2 vols., 2013);<br>Diversos autores, +<em>Forging Patrias. Iberoamerica 1810\u20131824. Some Reflections&nbsp;<\/em>(2010),<br><em>+ Life and Design in Mexico, 20th Century&nbsp;<\/em>(2010);<br>+&nbsp;<em>Painting of the Kingdoms of Spain, Shared Identities. Territories of the Spanish Monarchy, 16th\u2013 18th Centuries&nbsp;<\/em>(vols. 3 and 4, 2009; vols. 1 and 2, 2008);<br><em>+ Iberoamerican Architects of the Twenty-first Century&nbsp;<\/em>(vols. 1 and 2, 2006);<br><em>+ Images of the Natives in the Art of New Spain&nbsp;<\/em>(2005)<em>;<br>The Painting Collection of the Banco Nacional de M\u00e9xico, Nineteenth Century Catalogue&nbsp;<\/em>(vols. 1 and 2, 2004);<br><em>Liberalism and Modernity: 1876\u20131917. Voices, Faces and Allegories&nbsp;<\/em>(2003)<em>;<br>The Painting Collection of the Banco Nacional de M\u00e9xico, Twentieth Century Catalogue&nbsp;<\/em>(vols. 1 and 2, 2002), Fomento Cultural Banamex.<\/p>\n\n\n\n<p class=\"wp-block-paragraph\">Por \u00faltimo, realiz\u00f3 la correcci\u00f3n de estilo en ingl\u00e9s de los siguientes libros:<br>Beatriz Scharrer,&nbsp;<em>Talk Less. Do More. Memoirs of Federico Baur,&nbsp;<\/em>Grupo Bocar, SA de CV (2019) Diversos autores,&nbsp;<em>Gu\u00ed<\/em>a&nbsp;<em>del Museo del Palacio de Bellas Artes,&nbsp;<\/em>M\u00e9xico<em>,&nbsp;<\/em>Amigos del Museo del Palacio de Bellas Artes\/Ediciones El Viso (2018).<br>Cynthia Weil,&nbsp;<em>\u00a1Vamos a trabajar!\/Let\u2019s Work!<\/em>, Cinco Puntos Press (2018).<\/p>\n\n\n\n<p class=\"wp-block-paragraph\">1&nbsp;Los libros marcados con el s\u00edmbolo + son aquellos donde tambi\u00e9n hizo el cuidado de la edici\u00f3n.<img decoding=\"async\" src=\"blob:https:\/\/redsemlac.com\/semmexico\/ddb62cdf-49b4-434e-ab31-ae490312a76e\" alt=\"page6image63045296\" width=\"144.000000\" height=\"0.720000\"><\/p>\n\n\n\n<p class=\"wp-block-paragraph\">Jorge Pedro Uribe Llamas,&nbsp;<em>El gran libro de la ciudad CDMX,&nbsp;<\/em>M\u00e9xico, \u00cdndice Editores (2016). Cynthia Weil,&nbsp;<em>Animal Talk,&nbsp;<\/em>Cinco Puntos Press (2015).<br>Diversos autores,&nbsp;<em>Carnaval de Mazatl\u00e1n<\/em>, Indice Editores\/\u00cdconos de Siempre, S.A. de C.V. (2015).&nbsp;<em>Durango 450<\/em>, \u00cdndice Editores\/ Iconos de Siempre, S.A. de C.V. (2014).<\/p>\n\n\n\n<p class=\"wp-block-paragraph\">Cynthia Weil,&nbsp;<em>Mi familia calaca\/My Skeleton Family,&nbsp;<\/em>Cinco Puntos Press (2013).<\/p>\n\n\n\n<p class=\"wp-block-paragraph\"><strong>Literatura Mtra. Cecilia Figueroa<\/strong><\/p>\n\n\n\n<p class=\"wp-block-paragraph\"><em>Un mundo mejor es posible<\/em><\/p>\n\n\n\n<p class=\"wp-block-paragraph\">El 14 de marzo de 2020, d\u00eda en que la Coordinadora Internacional de Mujeres en el Arte, ComuArte hac\u00eda la entrega del Premio Coatlicue, fue la \u00faltima vez que nos reunimos de manera presencial, d\u00edas despu\u00e9s, el gobierno federal anunci\u00f3 la Jornada nacional de sana distancia y, en la medida de nuestras posibilidades, nos resguardamos en casa mirando azoradas el comportamiento de la pandemia.<\/p>\n\n\n\n<p class=\"wp-block-paragraph\">Pasaban los d\u00edas y nuestro deseo de regresar a lo que conoc\u00edamos como normalidad, se hac\u00eda m\u00e1s lejano en tanto que el n\u00famero de v\u00edctimas por el virus nos alarmaba cada d\u00eda m\u00e1s, aqu\u00ed en M\u00e9xico y en el mundo.<\/p>\n\n\n\n<p class=\"wp-block-paragraph\">Y as\u00ed, en medio de desasosiego, incertidumbre, pena y tristeza, el Colectivo de Mujeres en el Arte emiti\u00f3 la convocatoria \u201cUn mundo mejor es posible\u201d, en la que invitaba a artistas en diferentes disciplinas a crear, desde el entendimiento de que es necesario y urgente construir un mundo diferente, un mundo mejor.<\/p>\n\n\n\n<p class=\"wp-block-paragraph\">Para el caso de literatura, el colectivo seleccion\u00f3 24 trabajos para conformar la Antolog\u00eda con el mismo t\u00edtulo de la convocatoria: Un mundo mejor es posible.<\/p>\n\n\n\n<p class=\"wp-block-paragraph\">En sus textos, las escritoras valoran que la vida humana posible est\u00e1 condicionada a la no repetici\u00f3n. Los poemas y narrativas reflejan las preocupaciones, inquietudes y, sobre todo, aspiraciones y anhelos de las escritoras que se unen al deseo supremo en el mundo: vencer la pandemia y detener la muerte.<\/p>\n\n\n\n<p class=\"wp-block-paragraph\">Las escritoras que conforman la Antolog\u00eda son: Leticia Armijo, Cecilia Figueroa, Noem\u00ed Luna, Elvira Hern\u00e1ndez Carballido, Asmara Pereyra, Mar\u00eda Elena Sol\u00f3rzano, Norma P\u00e9rez, Jacqueline Padilla Uribe, Ang\u00e9lica Santa Olaya, Laura Ch\u00e1vez Blanco, Mar\u00eda Teresa Ju\u00e1rez, Judith Arreola, Hitta\u00ed L\u00f3pez, Josefina Hern\u00e1ndez T\u00e9llez, Ana Marisol Res\u00e9ndiz, Ver\u00f3nica Terrones, Lorena Basave, Cynthia Burgos, Roc\u00edo D\u2019Ledezma, Alejandra S\u00e1enz, Estela Guerra Garnica. Vicenta Tamayo, Judith Ruiz y Susana Rosado.<\/p>\n\n\n\n<p class=\"wp-block-paragraph\">Esta Antolog\u00eda se presentar\u00e1, en ceremonia virtual, el pr\u00f3ximo viernes 12 de marzo, a las 18:00 hrs., a trav\u00e9s de la p\u00e1gina ComuArte Internacional, en Facebook y p\u00e1gina en internet.<\/p>\n\n\n\n<p class=\"wp-block-paragraph\"><a href=\"https:\/\/www.facebook.com\/search\/top?q=comuarte%20internacional\">https:\/\/www.facebook.com\/search\/top?q=comuarte%20internacional<\/a><\/p>\n\n\n\n<p class=\"wp-block-paragraph\">www.comuarte.org.<\/p>\n\n\n\n<p class=\"wp-block-paragraph\"><strong>Artes visuales Mtra. Irma Velarde<\/strong><\/p>\n\n\n\n<p class=\"wp-block-paragraph\">En el XXV Encuentro Internacional- XXl Iberoamericano de Mujeres en el Arte M\u00e9xico 2021, celebrado en el marco de actividades del D\u00eda Internacional de la mujer con la tem\u00e1tica:&nbsp;<em>Un mundo mejor es posible: la pandemia como obra arte, reflexi\u00f3n y vida<\/em>, se presentar\u00e1n 40 artistas pl\u00e1sticas cuyas obras ofrecen una rica variedad de formatos y t\u00e9cnicas, como la escultura en bronce, cer\u00e1mica; t\u00e9cnicas tradicionales y nuevas de grabado y fotograf\u00eda; instalaci\u00f3n; acr\u00edlico, acuarela, \u00f3leo, mixtas y Textil.<img decoding=\"async\" src=\"blob:https:\/\/redsemlac.com\/semmexico\/577f3f35-6aee-49a7-9770-d72f2c681053\" alt=\"page7image63539264\" width=\"330.000000\" height=\"0.480000\"><img decoding=\"async\" src=\"blob:https:\/\/redsemlac.com\/semmexico\/6de3d6b2-8b8f-4a40-ade7-479477fac6f0\" alt=\"page7image63539552\" width=\"95.520000\" height=\"0.480000\"><\/p>\n\n\n\n<p class=\"wp-block-paragraph\">Las obras describen la crisis de la pandemia provocada por la COVID 19, el confinamiento y sus consecuencias a nivel individual y colectivo y las pol\u00edticas p\u00fablicas dando testimonio de un mundo en constante transformaci\u00f3n.<\/p>\n\n\n\n<p class=\"wp-block-paragraph\">Participar\u00e1n artistas de M\u00e9xico, Brasil, Chile, Cuba, Espa\u00f1a y Polonia como Aide\u00e9 de Le\u00f3n, Alejandra Falc\u00f3n, Alejandrina Hern\u00e1ndez, Ana Julia Aguado, Blanca Charolet, Claudia M\u00e9ndez, Diana Medina, Dolores Gonz\u00e1lez Mendoza, Draya Madu, Elia del C Morales, Erika Morarte, Fernanda Qui\u00f1ones, Gabriela Abud, Gabriela Catal\u00e1n, Irma Velarde, Johana Herrera, Judith Ruiz, Leonor Misrrie, Lourdes Berbeyer, Luz Mar\u00eda Morales A, Jacqueline Padilla, Luz Mar\u00eda Piz\u00e1, Luz Mar\u00eda Solloa, Mar\u00eda Guadalupe Pimentel, Martha Ortiz , Patricia Luengas, Patricia Meza, Rita S\u00e1nchez, Rosalba Bustamante, Rosario Camus, Rossana Cervantes, Sandra D\u00edaz, Susana Mendoza, Susana Rosado, Ver\u00f3nica Reyes. (M\u00e9xico) Mar\u00eda Helena Leal Lucas. (Brasil) Jocelyne Rodr\u00edguez Droguett (Chile) Guadalupe Urrutia (Cuba), Mercedes Bautista (Espa\u00f1a) y Isabela Rostokwska (Polonia).<\/p>\n\n\n\n<p class=\"wp-block-paragraph\">Por el momento las exposiciones ser\u00e1n virtuales y esperamos que la contingencia sanitaria que nos aqueja termine para ser presentadas f\u00edsicamente en el Palacio de Bellas Artes, Museo de la Ciudad de M\u00e9xico, Teatro de la Danza Guillermina Bravo y Centro de Arte Bernardo Quintana, en Quer\u00e9taro.<\/p>\n\n\n\n<p class=\"wp-block-paragraph\"><strong>Danza Dra. Margarita Tortajada<\/strong><\/p>\n\n\n\n<p class=\"wp-block-paragraph\">En 2021 la danza contempor\u00e1nea estar\u00e1 presente a trav\u00e9s de las funciones realizadas en el Teatro de la Danza \u201cGuillermina Bravo\u201d del Instituto Nacional de Bellas Artes, en el mes de noviembre de 2020, mismas que ser\u00e1n transmitidas virtualmente el 4 de marzo de 2021 a las 20:00 hrs.<\/p>\n\n\n\n<p class=\"wp-block-paragraph\">La compa\u00f1\u00eda de danza contempor\u00e1nea&nbsp;Muhuvidanza (Mundo, Movimiento, Humanidad, Vida y Danza), dirigida por Rogelio Landa presentar\u00e1 las obras&nbsp;<em>Transmutaci\u00f3n<\/em>,&nbsp;<em>Breves instantes de un bailar\u00edn&nbsp;<\/em>y&nbsp;<em>La flor de mil p\u00e9talos<\/em>. Las dos primeras obras son solos interpretados por el mismo Rogelio Landa: Transmutaci\u00f3n con m\u00fasica de Gift by Savfk, Euproducciones Pop y Emocional Background, y&nbsp;<em>Breves instantes de un bailar\u00edn&nbsp;<\/em>con m\u00fasica de The Unforgiven-Apocalyptica The ninth Gate-Vocalise.<\/p>\n\n\n\n<p class=\"wp-block-paragraph\"><em>La flor de mil p\u00e9talos&nbsp;<\/em>es una obra de la core\u00f3grafa Evangelina Villal\u00f3n, integrante de Mujeres en la danza desde su fundaci\u00f3n, con m\u00fasica de Leticia Armijo. Fue creada en 2006 como homenaje p\u00f3stumo a la bailarina e investigadora espa\u00f1ola Estrella Casero. En 2009 la obra fue premiada por el Ministerio de Cultura y Educaci\u00f3n de Espa\u00f1a, adem\u00e1s de presentarse en el Museo de Arte Reina Sof\u00eda. La bailar\u00e1n Rogelio Landa y Lucelen Carvajal.<\/p>\n\n\n\n<p class=\"wp-block-paragraph\">Tambi\u00e9n se presentar\u00e1&nbsp;<em>Testimonio de sangre y fuego<\/em>, de Silvia Unzueta, quien ha participado antes con Mujeres en la Danza como core\u00f3grafa y en 2019 la reconoci\u00f3 con el Premio Coatlicue. La m\u00fasica de&nbsp;<em>Testimonio de sangre y fuego&nbsp;<\/em>es de Giovanni Sollima, Angus y Malcom Young y Queen. La int\u00e9rprete es Elisa Rodr\u00edguez. El dise\u00f1o de iluminaci\u00f3n de Sebasti\u00e1n Sol\u00f3rzano, la realizaci\u00f3n de vestuario de Joel Ruiz y la edici\u00f3n musical de Roc\u00edo Guti\u00e9rrez.<\/p>\n\n\n\n<p class=\"wp-block-paragraph\">Mujeres en el Arte, y en especial Mujeres en la Danza, agradecemos a las autoridades de la Coordinaci\u00f3n Nacional de Danza del INBAL, a los\/las trabajadores\/as del Teatro de la Danza y a los\/as artistas su participaci\u00f3n. Su apoyo permite celebrar una vez m\u00e1s el D\u00eda Internacional de la Mujer.<\/p>\n\n\n\n<p class=\"wp-block-paragraph\">&#8230;&#8230;&#8230;&#8230;.<\/p>\n\n\n\n<p class=\"wp-block-paragraph\">El Colectivo de Mujeres en la M\u00fasica A. C. y su filial Comu<em>A<\/em>rte, surgen en M\u00e9xico en el a\u00f1o de 1994 con el prop\u00f3sito de dar a conocer la obra art\u00edstica de las mujeres a trav\u00e9s de la realizaci\u00f3n<\/p>\n\n\n\n<p class=\"wp-block-paragraph\">De la ciudad de Le\u00f3n, Guanajuato, participar\u00e1 la compa\u00f1\u00eda de danza contempor\u00e1nea Vaiv\u00e9n,<img decoding=\"async\" src=\"blob:https:\/\/redsemlac.com\/semmexico\/d212a529-3011-4725-94e7-eb810a5160fe\" alt=\"page8image64076656\" width=\"444.720000\" height=\"12.000000\"><\/p>\n\n\n\n<p class=\"wp-block-paragraph\">Cuerpos en escena, de direcci\u00f3n colectiva. Presentar\u00e1n&nbsp;<em>D\u00eda Cero&nbsp;<\/em>del grupo en colaboraci\u00f3n con<img decoding=\"async\" src=\"blob:https:\/\/redsemlac.com\/semmexico\/51b62292-c876-46a3-a515-c337ffcb0091\" alt=\"page8image64087872\" width=\"458.880000\" height=\"12.000000\"><\/p>\n\n\n\n<p class=\"wp-block-paragraph\">Fernanda Mart\u00ednez, con m\u00fasica de varios autores (Allegro-Emmit Fenn, The Untold- Succesion<img decoding=\"async\" src=\"blob:https:\/\/redsemlac.com\/semmexico\/07abb192-a018-48b7-917f-e56fa574858b\" alt=\"page8image64098496\" width=\"459.600000\" height=\"12.000000\"><\/p>\n\n\n\n<p class=\"wp-block-paragraph\">Studios, Day One-Solo) y video del grupo.<img decoding=\"async\" src=\"blob:https:\/\/redsemlac.com\/semmexico\/07928da0-b4b3-4e47-ba56-89c81ecfca25\" alt=\"page8image64103968\" width=\"205.200000\" height=\"12.000000\"><\/p>\n\n\n\n<p class=\"wp-block-paragraph\">anual de encuentros internacionales que se celebran en el mes de marzo, en el marco de actividades del D\u00eda Internacional de la Mujer y el D\u00eda de la No violencia hacia las mujeres y las ni\u00f1as, creando con ello el&nbsp;foro m\u00e1s importante de mujeres en el arte en Latinoam\u00e9rica.<\/p>\n\n\n\n<p class=\"wp-block-paragraph\">A los largo de estos a\u00f1os hemos conquistado los principales foros de M\u00e9xico, Espa\u00f1a y Cuba como son el Palacio de Bellas Artes, el Centro Nacional de las Artes, el Palacio de Linares, Universidad de Alcal\u00e1 de Henares, Centro Cultural Conde Duque en Madrid, Teatro Municipal de Ag\u00fcimes en la Gran Canaria, Teatro Amadeo Rold\u00e1n e Instituto Superior de Arte en Cuba, Universidad de San Francisco en los E.U.A.<\/p>\n\n\n\n<p class=\"wp-block-paragraph\">Se han sumado a nuestra propuesta importantes grupos art\u00edsticos como son la Orquesta Sinf\u00f3nica Nacional, la Orquesta del Instituto Polit\u00e9cnico Nacional, la Orquesta Sinf\u00f3nica de Cuba; el Cuarteto Carlos Ch\u00e1vez y los concertistas de Bellas Artes, entre otros.<\/p>\n\n\n\n<p class=\"wp-block-paragraph\">Dentro de nuestros logros se encuentran:<br>La grabaci\u00f3n de la serie radiof\u00f3nica Murmullo de sirenas: un espacio para sentir y entender la creaci\u00f3n musical de las mujeres en colaboraci\u00f3n con Radio Educaci\u00f3n de M\u00e9xico, la cual registr\u00f3 36 programas en los que se grab\u00f3 la obra in\u00e9dita de compositoras, int\u00e9rpretes, directoras de orquesta y music\u00f3logas que hasta el momento eran desconocidas.<br>La creaci\u00f3n de un Centro de Investigaci\u00f3n, Documentaci\u00f3n e Informaci\u00f3n especializado.<br>La integraci\u00f3n de la obra de las creadoras en la vida cultural de M\u00e9xico, Cuba y Espa\u00f1a, a trav\u00e9s de los encuentros internacionales.<br>La edici\u00f3n, grabaci\u00f3n y difusi\u00f3n de su obra en colaboraci\u00f3n con la editorial canadiense ARLA Music Publishing Company, Punto F Ediciones Musicales, IRUNE Producciones musicales. Homenaje a destacadas artistas de la talla de la mexicana Isabel Mayagoitia quien fuera la primera directora de orquesta en el mundo graduada el Mozarteum de Salzburgo, a la bailarina espa\u00f1ola Estrella Casero quien cre\u00f3 los estudios de danza en la Universidad de Alcal\u00e1, a la fot\u00f3grafa norteamericana afincada en M\u00e9xico Mariana Yampolsky siendo el centro de su obra la cultura ind\u00edgena mexicana, o a la relevante escritora y periodista Elena Poniatowska por sus aportes a la justicia y paz sociales a trav\u00e9s de su literatura.<br>Presentaci\u00f3n de un pliego petitorio en la C\u00e1mara de Diputados y en el Parlamento de Mujeres de M\u00e9xico 2000, para cambiar y mejorar las condiciones de vida de las creadoras. Dicho pliego dio origen al actual Proyecto de Declaraci\u00f3n de los Derechos Humanos de las Mujeres en el Arte que present\u00f3 en la UNESCO de la ONU y la OEA.<br>Convenios de cooperaci\u00f3n nacional e internacional para hacer visible la obra art\u00edstica de las mujeres, como:<\/p>\n\n\n\n<p class=\"wp-block-paragraph\">Los Seminarios Internacionales de Estudios de G\u00e9nero en el Arte en colaboraci\u00f3n con la Universidad Nacional Aut\u00f3noma de M\u00e9xico y la Universidad Aut\u00f3noma de Madrid entre otras; el Convenio de colaboraci\u00f3n entre el Gobierno de M\u00e9xico y el de Espa\u00f1a para la realizaci\u00f3n de los encuentros iberoamericanos de mujeres en el Arte; el Convenio entre Comu<em>A<\/em>rte y el Instituto Canario de la Mujer para la celebraci\u00f3n del IX Encuentro Internacional de Mujeres en el Arte en las Islas Canarias en el 2005 y el Convenio de Comu<em>A<\/em>rte con el Consejo Nacional para la Cultura y las Artes para la celebraci\u00f3n anual de los Encuentros Internacionales de Mujeres en el Arte.<\/p>\n\n\n\n<ul class=\"wp-block-list\"><li>La creaci\u00f3n de la Editorial Internacional Comu<em>A<\/em>rte.<\/li><li>Creaci\u00f3n de la Revista Notas de sirena&#8230;<\/li><li>Creaci\u00f3n del sello discogr\u00e1fico Murmullo de sirenas<\/li><li>La creaci\u00f3n de la primera Sociedad Filarm\u00f3nica de Mujeres en la M\u00fasica \u201cIsabelMayagoitia\u201d, presidida por Consuelo Vel\u00e1zquez.<\/li><li>La creaci\u00f3n de Comu<em>A<\/em>rte en Espa\u00f1a, Cuba, Estados Unidos y Chile.<\/li><\/ul>\n\n\n\n<p class=\"wp-block-paragraph\">\u2022&nbsp;La creaci\u00f3n del Coro de Mujeres de los pueblos Ind\u00edgenas de M\u00e9xico, Yolotli.<\/p>\n\n\n\n<p class=\"wp-block-paragraph\">La Coordinadora Internacional de Mujeres en el Arte, es un grupo de destacadas e incansables artistas, investigadoras y gestoras que luchan por lograr el reconocimiento del arte de mujeres y hacerlo visible para honrar la labor de las mujeres que han dedicado su vida al arte consagrando con su obra la cultura universal.<\/p>\n\n\n\n<p class=\"wp-block-paragraph\">Equipo de producci\u00f3n:<br>Dra. Leticia Armijo, Directora general Mtra. Socorro Bastida \u2020, Danza<\/p>\n\n\n\n<p class=\"wp-block-paragraph\">Dra. Margarita Tortajada, Danza<br>Mtra. Cecilia Figueroa, Literatura<br>Mtra. Irma Velarde, Artes Visuales Mercedes Est\u00e9vez, ComuArte\/Cuba<br>Dra. Carmen Cecilia Pi\u00f1ero Gil, ComuArte\/Cuba Presidenta de la asociaci\u00f3n Murmullo de sirenas.<img decoding=\"async\" width=\"94.080000\" height=\"0.480000\" src=\"blob:https:\/\/redsemlac.com\/semmexico\/47f74be9-8cf0-4012-a147-858bf86c92d7\" alt=\"page10image64280128\"><img decoding=\"async\" width=\"92.640000\" height=\"0.480000\" src=\"blob:https:\/\/redsemlac.com\/semmexico\/a453a6ed-3e6d-4ec2-b382-bab0828482f9\" alt=\"page10image64280416\"><\/p>\n\n\n\n<p class=\"wp-block-paragraph\">info@comuarte.org www.comuarte.org<\/p>\n","protected":false},"excerpt":{"rendered":"<p>SemM\u00e9xico. Cd. de M\u00e9xico. 5 de marzo de 2021.- El Colectivo de Mujeres en la M\u00fasica A.C., la Coordinadora Internacional de Mujeres en el Arte, ComuArte y la Asociaci\u00f3n espa\u00f1ola Murmullo de sirenas: Arte de mujeres, en colaboraci\u00f3n con el Instituto Nacional de Bellas Artes y la Facultad de Ingenier\u00eda de la Universidad Aut\u00f3noma de [&hellip;]<\/p>\n","protected":false},"author":3,"featured_media":32695,"comment_status":"open","ping_status":"open","sticky":false,"template":"","format":"standard","meta":{"_monsterinsights_skip_tracking":false,"footnotes":""},"categories":[692,46],"tags":[],"class_list":["post-32694","post","type-post","status-publish","format-standard","has-post-thumbnail","category-692","category-cultura-cultura"],"_links":{"self":[{"href":"https:\/\/redsemlac.com\/semmexico\/wp-json\/wp\/v2\/posts\/32694","targetHints":{"allow":["GET"]}}],"collection":[{"href":"https:\/\/redsemlac.com\/semmexico\/wp-json\/wp\/v2\/posts"}],"about":[{"href":"https:\/\/redsemlac.com\/semmexico\/wp-json\/wp\/v2\/types\/post"}],"author":[{"embeddable":true,"href":"https:\/\/redsemlac.com\/semmexico\/wp-json\/wp\/v2\/users\/3"}],"replies":[{"embeddable":true,"href":"https:\/\/redsemlac.com\/semmexico\/wp-json\/wp\/v2\/comments?post=32694"}],"version-history":[{"count":0,"href":"https:\/\/redsemlac.com\/semmexico\/wp-json\/wp\/v2\/posts\/32694\/revisions"}],"wp:featuredmedia":[{"embeddable":true,"href":"https:\/\/redsemlac.com\/semmexico\/wp-json\/wp\/v2\/media\/32695"}],"wp:attachment":[{"href":"https:\/\/redsemlac.com\/semmexico\/wp-json\/wp\/v2\/media?parent=32694"}],"wp:term":[{"taxonomy":"category","embeddable":true,"href":"https:\/\/redsemlac.com\/semmexico\/wp-json\/wp\/v2\/categories?post=32694"},{"taxonomy":"post_tag","embeddable":true,"href":"https:\/\/redsemlac.com\/semmexico\/wp-json\/wp\/v2\/tags?post=32694"}],"curies":[{"name":"wp","href":"https:\/\/api.w.org\/{rel}","templated":true}]}}