{"id":32688,"date":"2021-03-05T17:41:13","date_gmt":"2021-03-05T17:41:13","guid":{"rendered":"https:\/\/redsemlac.com\/semmexico\/?p=32688"},"modified":"2023-07-21T16:51:17","modified_gmt":"2023-07-21T21:51:17","slug":"la-delegacion-del-gobierno-en-madrid-prohibe-las-concentraciones-del-8-m","status":"publish","type":"post","link":"https:\/\/redsemlac.com\/semmexico\/la-delegacion-del-gobierno-en-madrid-prohibe-las-concentraciones-del-8-m\/","title":{"rendered":"La Delegaci\u00f3n del Gobierno en Madrid proh\u00edbe las concentraciones del 8-M"},"content":{"rendered":"\n<p class=\"wp-block-paragraph\">Alude a \u201cmotivos de salud p\u00fablica\u00bb y pone el foco en los desplazamientos<\/p>\n\n\n\n<p class=\"wp-block-paragraph\">Redacci\u00f3n <\/p>\n\n\n\n<p class=\"wp-block-paragraph\">SemM\u00e9xico\/AmecoPress. Madrid, 05 mar. 21.-<em>La Delegaci\u00f3n del Gobierno en Madrid ha prohibido todas las concentraciones y manifestaciones para el 7 y 8 de marzo pr\u00f3ximos por \u201cmotivos de salud p\u00fablica\u201d. Seg\u00fan explica, la decisi\u00f3n ha sido tomada tras \u201cestudiar detalladamente\u201d cada una de las propuestas presentadas.<\/em><\/p>\n\n\n\n<p class=\"wp-block-paragraph\"><em>\u201cSe ha tomado la decisi\u00f3n firme de prohibir, por motivos de salud p\u00fablica, todas las manifestaciones y concentraciones convocadas, en un momento en el que la Comunidad de Madrid sigue siendo uno de los territorios de Espa\u00f1a con mayor \u00edndice de contagios as\u00ed como de personas hospitalizadas, por encima de la media nacional\u201d, ha indicado el delegado del Gobierno, Jos\u00e9 Manuel Franco.<\/em><\/p>\n\n\n\n<p class=\"wp-block-paragraph\"><a href=\"https:\/\/amecopress.net\/IMG\/jpg\/pancarta_general2-2.jpg\"><\/a><br>Seg\u00fan ha explicado en rueda de prensa, en la evaluaci\u00f3n se han analizado los recorridos establecidos, la previsi\u00f3n de asistencia, la duraci\u00f3n de las concentraciones y los lugares de celebraci\u00f3n. \u201cY teniendo en cuenta tambi\u00e9n, y esto ha sido decisivo, la posible confluencia de las distintas concentraciones multitudinarias en varias zonas de Madrid y en los distintos municipios de nuestra comunidad, as\u00ed como los desplazamientos que eventualmente se iban a ocasionar\u201d.<\/p>\n\n\n\n<p class=\"wp-block-paragraph\">El Ministerio de Sanidad ya hab\u00eda recomendado que no se celebraran manifestaciones el 8-M ante la situaci\u00f3n de pandemia. Pero el criterio que se ven\u00eda barajando era que estar\u00edan autorizadas concentraciones que no superaran las 500 personas. En ese sentido Jos\u00e9 Manuel Franco ha asegurado que no ha habido cambio de criterio: \u201cha habido un cambio en las condiciones: el problema no es num\u00e9rico, sino la gran acumulaci\u00f3n que se producir\u00eda y lo que esto lleva en el terreno de los desplazamientos. No son motivos sectarios ni ideol\u00f3gicos, son motivos objetivos y estamos preservando la salud de los madrile\u00f1os. No nos mueve un af\u00e1n de prohibir nada\u201d.<\/p>\n\n\n\n<p class=\"wp-block-paragraph\">Solo en la ciudad de Madrid se han convocado por parte del movimiento feminista cinco concentraciones en puntos c\u00e9ntricos de la ciudad para la tarde del lunes 8 de marzo (cuatro desde la Comisi\u00f3n 8M, que tradicionalmente se ocupa de la organizaci\u00f3n de la manifestaci\u00f3n y acto central y una desde otra plataforma denominada 8M Movimiento Feminista de Madrid). En todos los casos se ha previsto un n\u00famero m\u00e1ximo de participantes y medidas sanitarias para garantizar la salud y seguridad de todas.<\/p>\n\n\n\n<p class=\"wp-block-paragraph\">Adem\u00e1s, en numerosos barrios de la ciudad est\u00e1n previstas actividades en plazas y calles, siempre bajo los protocolos adecuados. El calendario de actos y concentraciones, en un a\u00f1o en el que se ha priorizado la descentralizaci\u00f3n, tambi\u00e9n es abultado en el caso de pueblos y ciudades de la Comunidad Aut\u00f3noma. En total, se pueden haber prohibido hasta 104 manifestaciones entre el 7 y 8 de marzo.<\/p>\n","protected":false},"excerpt":{"rendered":"<p>Alude a \u201cmotivos de salud p\u00fablica\u00bb y pone el foco en los desplazamientos Redacci\u00f3n SemM\u00e9xico\/AmecoPress. Madrid, 05 mar. 21.-La Delegaci\u00f3n del Gobierno en Madrid ha prohibido todas las concentraciones y manifestaciones para el 7 y 8 de marzo pr\u00f3ximos por \u201cmotivos de salud p\u00fablica\u201d. Seg\u00fan explica, la decisi\u00f3n ha sido tomada tras \u201cestudiar detalladamente\u201d cada [&hellip;]<\/p>\n","protected":false},"author":3,"featured_media":32689,"comment_status":"open","ping_status":"open","sticky":false,"template":"","format":"standard","meta":{"_monsterinsights_skip_tracking":false,"footnotes":""},"categories":[692,53],"tags":[],"class_list":["post-32688","post","type-post","status-publish","format-standard","has-post-thumbnail","category-692","category-internacional"],"_links":{"self":[{"href":"https:\/\/redsemlac.com\/semmexico\/wp-json\/wp\/v2\/posts\/32688","targetHints":{"allow":["GET"]}}],"collection":[{"href":"https:\/\/redsemlac.com\/semmexico\/wp-json\/wp\/v2\/posts"}],"about":[{"href":"https:\/\/redsemlac.com\/semmexico\/wp-json\/wp\/v2\/types\/post"}],"author":[{"embeddable":true,"href":"https:\/\/redsemlac.com\/semmexico\/wp-json\/wp\/v2\/users\/3"}],"replies":[{"embeddable":true,"href":"https:\/\/redsemlac.com\/semmexico\/wp-json\/wp\/v2\/comments?post=32688"}],"version-history":[{"count":0,"href":"https:\/\/redsemlac.com\/semmexico\/wp-json\/wp\/v2\/posts\/32688\/revisions"}],"wp:featuredmedia":[{"embeddable":true,"href":"https:\/\/redsemlac.com\/semmexico\/wp-json\/wp\/v2\/media\/32689"}],"wp:attachment":[{"href":"https:\/\/redsemlac.com\/semmexico\/wp-json\/wp\/v2\/media?parent=32688"}],"wp:term":[{"taxonomy":"category","embeddable":true,"href":"https:\/\/redsemlac.com\/semmexico\/wp-json\/wp\/v2\/categories?post=32688"},{"taxonomy":"post_tag","embeddable":true,"href":"https:\/\/redsemlac.com\/semmexico\/wp-json\/wp\/v2\/tags?post=32688"}],"curies":[{"name":"wp","href":"https:\/\/api.w.org\/{rel}","templated":true}]}}