{"id":32664,"date":"2021-03-05T00:30:06","date_gmt":"2021-03-05T00:30:06","guid":{"rendered":"https:\/\/redsemlac.com\/semmexico\/?p=32664"},"modified":"2023-07-21T16:51:18","modified_gmt":"2023-07-21T21:51:18","slug":"inaceptable-discurso-indolente-y-descalificador-discurso-de-amlo","status":"publish","type":"post","link":"https:\/\/redsemlac.com\/semmexico\/inaceptable-discurso-indolente-y-descalificador-discurso-de-amlo\/","title":{"rendered":"Inaceptable discurso indolente y descalificador  de AMLO"},"content":{"rendered":"\n<ul class=\"wp-block-list\"><li>Organizaciones dan a conocer posicionamiento por la justicia y los derechos humanos de todas las mujeres y ni\u00f1as en M\u00e9xico<\/li><li>No m\u00e1s silencio institucional, demandan<\/li><\/ul>\n\n\n\n<p class=\"wp-block-paragraph\">Redacci\u00f3n<\/p>\n\n\n\n<p class=\"wp-block-paragraph\">SemM\u00e9xico, Cd. de M\u00e9xico, 4 de marzo, 2021.- De inaceptable fue calificado el discurso indolente y descalificador, del presidente Andr\u00e9s Manuel L\u00f3pez Obrador, ante la violencia que cada d\u00eda se ejerce en M\u00e9xico, donde cada d\u00eda 10 mujeres y ni\u00f1as son asesinadas.<\/p>\n\n\n\n<p class=\"wp-block-paragraph\">As\u00ed lo refiere un pronunciamiento que la Red Nacional de Refugios,&nbsp;Las del Aquelarre Feminista, la Red Nacional de Refugios y las organizaciones, colectivas, feministas y ciudadanas dieron&nbsp;a&nbsp;&nbsp;dio a conocer hoy, en el que se\u00f1alan el Jefe de Estado confunda las denuncias de violencias de g\u00e9nero con campa\u00f1as partidistas negras o que deslegitime el movimiento feminista, que hist\u00f3ricamente ha exigido a todos los gobiernos justicia y respeto a nuestros derechos, etiquet\u00e1ndonos por levantar la voz de conservadoras.<br><br>\u201cAnte esas declaraciones vemos con urgencia la necesidad de se\u00f1alar y exigir que se act\u00fae sin dilaci\u00f3n para eliminar la violencia institucional, que se convierte en el instrumento m\u00e1s poderoso que atenta contra la dignidad y los cuerpos de mujeres, ni\u00f1as y adolescentes.<br><br>\u201cHoy, hacemos un en\u00e9rgico y contundente llamado al Presidente de M\u00e9xico, a las 32 entidades federativas y a todas las Instancias que integran el Sistema Nacional de Prevenci\u00f3n, Atenci\u00f3n, Sanci\u00f3n y Erradicaci\u00f3n de la Violencia contra las Mujeres a garantizar la dignidad y el derecho de todas las mujeres, ni\u00f1as y adolescentes a una vida libre de violencias, a trav\u00e9s de la coordinaci\u00f3n de esfuerzos, instrumentos, pol\u00edticas p\u00fablicas, servicios y acciones afirmativas e intersectoriales con perspectiva de g\u00e9nero, derechos humanos e interculturalidad\u201d.&nbsp;<br><\/p>\n\n\n\n<p class=\"wp-block-paragraph\">En el pronunciamiento solicita que instancias y comisiones encargadas de dar atenci\u00f3n a mujeres v\u00edctimas de violencias de g\u00e9nero (Comisi\u00f3n Ejecutiva de Atenci\u00f3n a V\u00edctimas, Secretar\u00eda de Gobernaci\u00f3n, Comisiones Estatales y Fiscal\u00edas, Centros de Justicia, entre otras) generen diagn\u00f3sticos e indicadores que permitan medir la calidad y eficiencia de la atenci\u00f3n, restituci\u00f3n de derechos, y el acceso a la justicia integral, a trav\u00e9s de datos estad\u00edsticos desagregados por g\u00e9nero, homologados y con perspectiva de g\u00e9nero.&nbsp;<br><br>Se pide la inmediata publicaci\u00f3n del Protocolo Nacional de Atenci\u00f3n Integral a Ni\u00f1as, Ni\u00f1os y Adolescentes en Condici\u00f3n de Orfandad por Feminicidio, que aunque ya fue presentado medi\u00e1ticamente, ya que continuamos sin poder conocer dicho documento.<br><br>Que las instancias encargadas de expedir \u00f3rdenes de protecci\u00f3n a mujeres v\u00edctimas de violencias implementen estrategias de seguimiento, a fin de corroborar que dichas medidas hayan salvaguardado la integridad f\u00edsica y psicol\u00f3gica de las v\u00edctimas.<br><br>Que las instituciones de gobierno act\u00faen con eficacia y eficiencia a favor de las mujeres y de las ni\u00f1as conforme a derecho, comprometi\u00e9ndose a cumplir sus obligaciones estipuladas en la LGAMVLV, debido a que, de acuerdo con la Auditor\u00eda Superior de la Federaci\u00f3n (ASF), en los \u00faltimos dos a\u00f1os, el 59% de las instancias gubernamentales NO cumplieron con sus responsabilidades en materia de g\u00e9nero.<br><br>Que todas las instituciones de gobierno estatales y municipales garanticen el derecho a la informaci\u00f3n, comunicando de forma clara, a trav\u00e9s de la Plataforma Nacional de Transparencia, las denuncias y sanciones aplicadas a personas funcionarias p\u00fablicas.&nbsp;<\/p>\n\n\n\n<p class=\"wp-block-paragraph\">Asimismo, con el objetivo de promover una ciudadan\u00eda informada, solicitamos la creaci\u00f3n de una \u00e1rea especializada a nivel nacional encargada de la investigaci\u00f3n de delitos cometidos por personas servidoras p\u00fablicas, con un enfoque de perspectiva de g\u00e9nero, derechos humanos e interculturalidad, en donde se informen las denuncias, sanciones administrativas y judicializadas, con datos desagregados por sexo y tipos de delito, entre ellos los que afecten la dignidad y derechos humanos de todas las mujeres y aquellos que obstruyan el acceso a la justicia de delitos de violencias de g\u00e9nero.&nbsp;<br><\/p>\n\n\n\n<p class=\"wp-block-paragraph\">Se garantice la reforma realizada el 13 de agosto de 2020 al art\u00edculo 73 de la Ley General de Transparencia para que juezas\/es y magistradas\/os publiquen todas sus sentencias, a fin de revisar y evaluar con perspectiva de g\u00e9nero el ejercicio de sus funciones, siempre en apego a los est\u00e1ndares internacionales de Derechos Humanos, porque cada sentencia, cada amparo y cada actuaci\u00f3n que realizan son claves en materia de justicia para las v\u00edctimas y sus familias o sobrevivientes.&nbsp;<br><br>Hoy como cada d\u00eda, levantamos la voz por las mujeres y ni\u00f1as asesinadas, por las madres y las familias v\u00edctimas de feminicidios y desapariciones, por las mujeres que a\u00fan se encuentran en peligro y no han sido escuchadas, por las mujeres y ni\u00f1as que permanecen en casa con sus agresores y no han podido ser rescatadas&#8230; \u00a1porque exigimos que paren de matarnos!&nbsp;<\/p>\n\n\n\n<p class=\"wp-block-paragraph\">Y terminan con la expresi\u00f3n:<br><br>\u00a1No queremos m\u00e1s feminicidios bajo el cobijo del silencio del Gobierno y el pacto patriarcal que se insiste en negar! \u00a1Ni una m\u00e1s!&nbsp;<br><br>#8M2021 #AnteLaIndolenciaDelEstadoNosotrasPrimero #EntreNosotrasNosOrganizamos #NoNosVanACallar&nbsp;<br><br>Link para firmar:&nbsp;<a href=\"https:\/\/docs.google.com\/forms\/d\/e\/1FAIpQLSeG46k4YpFtbIBVbfPfaeOheQAR97R7setEmQ2qYtuKVHUsQw\/viewform\" target=\"_blank\" rel=\"noreferrer noopener\">https:\/\/docs.google.com\/forms\/d\/e\/1FAIpQLSeG46k4YpFtbIBVbfPfaeOheQAR97R7setEmQ2qYtuKVHUsQw\/viewform<\/a><\/p>\n\n\n\n<p class=\"wp-block-paragraph\">SEM\/sj<\/p>\n","protected":false},"excerpt":{"rendered":"<p>Organizaciones dan a conocer posicionamiento por la justicia y los derechos humanos de todas las mujeres y ni\u00f1as en M\u00e9xico No m\u00e1s silencio institucional, demandan Redacci\u00f3n SemM\u00e9xico, Cd. de M\u00e9xico, 4 de marzo, 2021.- De inaceptable fue calificado el discurso indolente y descalificador, del presidente Andr\u00e9s Manuel L\u00f3pez Obrador, ante la violencia que cada d\u00eda [&hellip;]<\/p>\n","protected":false},"author":3,"featured_media":32665,"comment_status":"open","ping_status":"open","sticky":false,"template":"","format":"standard","meta":{"_monsterinsights_skip_tracking":false,"footnotes":""},"categories":[692,54],"tags":[],"class_list":["post-32664","post","type-post","status-publish","format-standard","has-post-thumbnail","category-692","category-mujeres"],"_links":{"self":[{"href":"https:\/\/redsemlac.com\/semmexico\/wp-json\/wp\/v2\/posts\/32664","targetHints":{"allow":["GET"]}}],"collection":[{"href":"https:\/\/redsemlac.com\/semmexico\/wp-json\/wp\/v2\/posts"}],"about":[{"href":"https:\/\/redsemlac.com\/semmexico\/wp-json\/wp\/v2\/types\/post"}],"author":[{"embeddable":true,"href":"https:\/\/redsemlac.com\/semmexico\/wp-json\/wp\/v2\/users\/3"}],"replies":[{"embeddable":true,"href":"https:\/\/redsemlac.com\/semmexico\/wp-json\/wp\/v2\/comments?post=32664"}],"version-history":[{"count":0,"href":"https:\/\/redsemlac.com\/semmexico\/wp-json\/wp\/v2\/posts\/32664\/revisions"}],"wp:featuredmedia":[{"embeddable":true,"href":"https:\/\/redsemlac.com\/semmexico\/wp-json\/wp\/v2\/media\/32665"}],"wp:attachment":[{"href":"https:\/\/redsemlac.com\/semmexico\/wp-json\/wp\/v2\/media?parent=32664"}],"wp:term":[{"taxonomy":"category","embeddable":true,"href":"https:\/\/redsemlac.com\/semmexico\/wp-json\/wp\/v2\/categories?post=32664"},{"taxonomy":"post_tag","embeddable":true,"href":"https:\/\/redsemlac.com\/semmexico\/wp-json\/wp\/v2\/tags?post=32664"}],"curies":[{"name":"wp","href":"https:\/\/api.w.org\/{rel}","templated":true}]}}