{"id":32661,"date":"2021-03-04T22:21:30","date_gmt":"2021-03-04T22:21:30","guid":{"rendered":"https:\/\/redsemlac.com\/semmexico\/?p=32661"},"modified":"2023-07-21T16:51:18","modified_gmt":"2023-07-21T21:51:18","slug":"sesion-solemne-por-el-dia-internacional-de-la-mujer-en-la-camara-de-diputados","status":"publish","type":"post","link":"https:\/\/redsemlac.com\/semmexico\/sesion-solemne-por-el-dia-internacional-de-la-mujer-en-la-camara-de-diputados\/","title":{"rendered":"Sesi\u00f3n Solemne por el D\u00eda Internacional de la Mujer en la C\u00e1mara de Diputados"},"content":{"rendered":"\n<ul class=\"wp-block-list\"><li>Ser\u00e1 este 8 de marzo en punto de las 13 horas<\/li><li>El acuerdo fue tomado por la Jucopo<\/li><\/ul>\n\n\n\n<p class=\"wp-block-paragraph\">Redacci\u00f3n<\/p>\n\n\n\n<p class=\"wp-block-paragraph\">SemM\u00e9xico, Cd. de M\u00e9xico, 4 de marzo, 2021.- La C\u00e1mara de Diputados aprob\u00f3 un acuerdo de la Junta de Coordinaci\u00f3n Pol\u00edtica, relativo a la celebraci\u00f3n de una sesi\u00f3n solemne el d\u00eda 8 de marzo, con motivo del D\u00eda Internacional de la Mujer.&nbsp;&nbsp;<\/p>\n\n\n\n<p class=\"wp-block-paragraph\">En la sesi\u00f3n semipresencial de este mi\u00e9rcoles, el acuerdo de la Jucopo se aval\u00f3 en votaci\u00f3n econ\u00f3mica.<\/p>\n\n\n\n<p class=\"wp-block-paragraph\">La sesi\u00f3n se realizar\u00e1 en punto de las 13 horas.<\/p>\n","protected":false},"excerpt":{"rendered":"<p>Ser\u00e1 este 8 de marzo en punto de las 13 horas El acuerdo fue tomado por la Jucopo Redacci\u00f3n SemM\u00e9xico, Cd. de M\u00e9xico, 4 de marzo, 2021.- La C\u00e1mara de Diputados aprob\u00f3 un acuerdo de la Junta de Coordinaci\u00f3n Pol\u00edtica, relativo a la celebraci\u00f3n de una sesi\u00f3n solemne el d\u00eda 8 de marzo, con motivo [&hellip;]<\/p>\n","protected":false},"author":3,"featured_media":32662,"comment_status":"open","ping_status":"open","sticky":false,"template":"","format":"standard","meta":{"_monsterinsights_skip_tracking":false,"footnotes":""},"categories":[692,50],"tags":[],"class_list":["post-32661","post","type-post","status-publish","format-standard","has-post-thumbnail","category-692","category-congreso"],"_links":{"self":[{"href":"https:\/\/redsemlac.com\/semmexico\/wp-json\/wp\/v2\/posts\/32661","targetHints":{"allow":["GET"]}}],"collection":[{"href":"https:\/\/redsemlac.com\/semmexico\/wp-json\/wp\/v2\/posts"}],"about":[{"href":"https:\/\/redsemlac.com\/semmexico\/wp-json\/wp\/v2\/types\/post"}],"author":[{"embeddable":true,"href":"https:\/\/redsemlac.com\/semmexico\/wp-json\/wp\/v2\/users\/3"}],"replies":[{"embeddable":true,"href":"https:\/\/redsemlac.com\/semmexico\/wp-json\/wp\/v2\/comments?post=32661"}],"version-history":[{"count":0,"href":"https:\/\/redsemlac.com\/semmexico\/wp-json\/wp\/v2\/posts\/32661\/revisions"}],"wp:featuredmedia":[{"embeddable":true,"href":"https:\/\/redsemlac.com\/semmexico\/wp-json\/wp\/v2\/media\/32662"}],"wp:attachment":[{"href":"https:\/\/redsemlac.com\/semmexico\/wp-json\/wp\/v2\/media?parent=32661"}],"wp:term":[{"taxonomy":"category","embeddable":true,"href":"https:\/\/redsemlac.com\/semmexico\/wp-json\/wp\/v2\/categories?post=32661"},{"taxonomy":"post_tag","embeddable":true,"href":"https:\/\/redsemlac.com\/semmexico\/wp-json\/wp\/v2\/tags?post=32661"}],"curies":[{"name":"wp","href":"https:\/\/api.w.org\/{rel}","templated":true}]}}