{"id":32658,"date":"2021-03-04T22:19:32","date_gmt":"2021-03-04T22:19:32","guid":{"rendered":"https:\/\/redsemlac.com\/semmexico\/?p=32658"},"modified":"2023-07-21T16:51:18","modified_gmt":"2023-07-21T21:51:18","slug":"separan-a-consul-mexicano-en-canada-tras-difusion-de-un-video-masturbandose","status":"publish","type":"post","link":"https:\/\/redsemlac.com\/semmexico\/separan-a-consul-mexicano-en-canada-tras-difusion-de-un-video-masturbandose\/","title":{"rendered":"Separan a C\u00f3nsul mexicano en Canad\u00e1 tras difusi\u00f3n de un video masturb\u00e1ndose"},"content":{"rendered":"\n<ul class=\"wp-block-list\"><li>El ahora ex c\u00f3nsul dice que se trata de una extorsi\u00f3n<\/li><li>La canciller\u00eda considera irrevocable la decisi\u00f3n porque los hechos ocurrieron en el consulado<\/li><\/ul>\n\n\n\n<p class=\"wp-block-paragraph\">Redacci\u00f3n<\/p>\n\n\n\n<p class=\"wp-block-paragraph\">SemM\u00e9xico, Cd. de M\u00e9xico, 4 de marzo, 2021.- La Secretar\u00eda de Relaciones Exteriores separ\u00f3 del cargo e inici\u00f3 una investigaci\u00f3n en contra del ahora ex c\u00f3nsul de M\u00e9xico en Canad\u00e1, Dar\u00edo Alberto Bernal Acero.<\/p>\n\n\n\n<p class=\"wp-block-paragraph\">Esto luego de haber sido difundido un video de Bernal Acero masturb\u00e1ndose en su oficina, el ex c\u00f3nsul dijo que el video fue tomado en 2019, sin su consentimiento y es usado para extorsionarlo, por lo que acudir\u00e1 a las instancias correspondientes, de acuerdo con diversos medios.<\/p>\n\n\n\n<p class=\"wp-block-paragraph\">En tanto la Canciller\u00eda dijo que los hechos ocurrieron en las oficinas del consulado, por lo que la decisi\u00f3n ser\u00eda irrevocable.<\/p>\n\n\n\n<p class=\"wp-block-paragraph\">SEM\/sj<\/p>\n","protected":false},"excerpt":{"rendered":"<p>El ahora ex c\u00f3nsul dice que se trata de una extorsi\u00f3n La canciller\u00eda considera irrevocable la decisi\u00f3n porque los hechos ocurrieron en el consulado Redacci\u00f3n SemM\u00e9xico, Cd. de M\u00e9xico, 4 de marzo, 2021.- La Secretar\u00eda de Relaciones Exteriores separ\u00f3 del cargo e inici\u00f3 una investigaci\u00f3n en contra del ahora ex c\u00f3nsul de M\u00e9xico en Canad\u00e1, [&hellip;]<\/p>\n","protected":false},"author":3,"featured_media":32659,"comment_status":"open","ping_status":"open","sticky":false,"template":"","format":"standard","meta":{"_monsterinsights_skip_tracking":false,"footnotes":""},"categories":[692,51],"tags":[],"class_list":["post-32658","post","type-post","status-publish","format-standard","has-post-thumbnail","category-692","category-ejecutivo"],"_links":{"self":[{"href":"https:\/\/redsemlac.com\/semmexico\/wp-json\/wp\/v2\/posts\/32658","targetHints":{"allow":["GET"]}}],"collection":[{"href":"https:\/\/redsemlac.com\/semmexico\/wp-json\/wp\/v2\/posts"}],"about":[{"href":"https:\/\/redsemlac.com\/semmexico\/wp-json\/wp\/v2\/types\/post"}],"author":[{"embeddable":true,"href":"https:\/\/redsemlac.com\/semmexico\/wp-json\/wp\/v2\/users\/3"}],"replies":[{"embeddable":true,"href":"https:\/\/redsemlac.com\/semmexico\/wp-json\/wp\/v2\/comments?post=32658"}],"version-history":[{"count":0,"href":"https:\/\/redsemlac.com\/semmexico\/wp-json\/wp\/v2\/posts\/32658\/revisions"}],"wp:featuredmedia":[{"embeddable":true,"href":"https:\/\/redsemlac.com\/semmexico\/wp-json\/wp\/v2\/media\/32659"}],"wp:attachment":[{"href":"https:\/\/redsemlac.com\/semmexico\/wp-json\/wp\/v2\/media?parent=32658"}],"wp:term":[{"taxonomy":"category","embeddable":true,"href":"https:\/\/redsemlac.com\/semmexico\/wp-json\/wp\/v2\/categories?post=32658"},{"taxonomy":"post_tag","embeddable":true,"href":"https:\/\/redsemlac.com\/semmexico\/wp-json\/wp\/v2\/tags?post=32658"}],"curies":[{"name":"wp","href":"https:\/\/api.w.org\/{rel}","templated":true}]}}