{"id":32655,"date":"2021-03-04T22:04:49","date_gmt":"2021-03-04T22:04:49","guid":{"rendered":"https:\/\/redsemlac.com\/semmexico\/?p=32655"},"modified":"2023-07-21T16:51:18","modified_gmt":"2023-07-21T21:51:18","slug":"una-faramalla-de-morena-lo-que-esta-haciendo-con-salgado-macedonio-mc","status":"publish","type":"post","link":"https:\/\/redsemlac.com\/semmexico\/una-faramalla-de-morena-lo-que-esta-haciendo-con-salgado-macedonio-mc\/","title":{"rendered":"Una faramalla de Morena lo que est\u00e1 haciendo con Salgado Macedonio: MC"},"content":{"rendered":"\n<ul class=\"wp-block-list\"><li>S\u00ed es designado candidato, el IEPC de Guerrero contribuir\u00e1 a ello<\/li><li>Movimiento Ciudadano no ser\u00e1 \u201ctapadera de nadie\u201d<\/li><\/ul>\n\n\n\n<p class=\"wp-block-paragraph\">Redacci\u00f3n<\/p>\n\n\n\n<p class=\"wp-block-paragraph\">SemM\u00e9xico, Cd. de M\u00e9xico, 4 de marzo, 2021.- El coordinador nacional de Movimiento Ciudadano, Clemente Casta\u00f1eda, calific\u00f3 como una simulaci\u00f3n de Morena la posible sustituci\u00f3n de la candidatura de F\u00e9lix Salgado Macedonio a la gubernatura de Guerrero, pero m\u00e1s all\u00e1 de eso, enfatiz\u00f3 que se manda un mensaje de impunidad y una ofensa a los grupos feministas y mujeres que denunciaron supuestos actos de violencia sexual.<\/p>\n\n\n\n<p class=\"wp-block-paragraph\">El lunes 1 de marzo pasado venci\u00f3 el plazo para que Morena registrara a su nueva o nuevo candidato a la gubernatura, y hoy, si Salgado Macedonio no es sustituido como candidato, el Consejo General del Instituto Electoral y de Participaci\u00f3n Ciudadana del Estado de Guerrero, validar\u00e1 su procedencia, se\u00f1ala en un comunicado.<\/p>\n\n\n\n<p class=\"wp-block-paragraph\">\u201cLo que Morena est\u00e1 haciendo con el caso de Salgado Macedonio es una faramalla, es una simulaci\u00f3n. La realidad es que Morena no tiene tiempo para hacer un cambio de candidato ante el Instituto Electoral\u201d, denunci\u00f3 el coordinador nacional.<\/p>\n\n\n\n<p class=\"wp-block-paragraph\">Casta\u00f1eda se\u00f1al\u00f3 que, ante la posibilidad que le brindan a F\u00e9lix Salgado de contender, Movimiento Ciudadano recurrir\u00e1 a procedimientos legales para tratar de impedir su candidatura; de ser electo, el cargo le brindar\u00eda impunidad seis a\u00f1os m\u00e1s.<\/p>\n\n\n\n<p class=\"wp-block-paragraph\">\u201cLo que ha hecho F\u00e9lix Salgado y muchos otros miembros de lo que llaman cuarta transformaci\u00f3n ha sido comprar fuero, comprar impunidad, eso es justamente lo que pretenden, es decir, si por alguna raz\u00f3n, F\u00e9lix Salgado es electo gobernador, tendr\u00edamos que esperar muchos a\u00f1os m\u00e1s para verlo frente a un juez, pagando por esos presuntos comportamientos deleznables\u201d, enfatiz\u00f3 Casta\u00f1eda.<\/p>\n\n\n\n<p class=\"wp-block-paragraph\">Clemente Casta\u00f1eda asegur\u00f3 que Movimiento Ciudadano no tendr\u00e1 candidatos con denuncias por temas de violencia. \u201cNosotros no vamos a ser tapaderas de nadie\u201d, sentenci\u00f3.<\/p>\n\n\n\n<p class=\"wp-block-paragraph\">&nbsp;Y pidi\u00f3 que si la gente tiene denuncias frente a alg\u00fan candidato que lo hagan saber a los \u00f3rganos internos de Movimiento Ciudadano, \u201choy es un tema que no podemos dejar suelto y lo debemos atender, nosotros tenemos ya en marcha un protocolo que atiende y da seguimiento a este tema\u201d, expres\u00f3.<\/p>\n\n\n\n<p class=\"wp-block-paragraph\">Record\u00f3 que, dentro del proceso interno de Movimiento Ciudadano para la elecci\u00f3n de candidatos, se cuenta con un protocolo para atender la violencia pol\u00edtica en raz\u00f3n de g\u00e9nero, la exigencia del 3 de 3, que piden se cumpla cabalmente, y otros filtros que sirven para identificar a presuntos violentadores y negarles la posibilidad de acceder a un cargo p\u00fablico. Casta\u00f1eda resalt\u00f3 que, en este proceso electoral, se pondr\u00e1 en evidencia el compromiso de los partidos en materia de paridad.<\/p>\n\n\n\n<p class=\"wp-block-paragraph\">\u201cTodos tenemos que plantear y cumplir el papel de la paridad. Es la \u00fanica manera de ir generando alternancia en las posiciones, esta agenda tiene que evolucionar y Movimiento Ciudadano lo acompa\u00f1ar\u00e1, sin duda alguna\u201d, sentenci\u00f3.<\/p>\n\n\n\n<p class=\"wp-block-paragraph\">SEM\/sj<\/p>\n","protected":false},"excerpt":{"rendered":"<p>S\u00ed es designado candidato, el IEPC de Guerrero contribuir\u00e1 a ello Movimiento Ciudadano no ser\u00e1 \u201ctapadera de nadie\u201d Redacci\u00f3n SemM\u00e9xico, Cd. de M\u00e9xico, 4 de marzo, 2021.- El coordinador nacional de Movimiento Ciudadano, Clemente Casta\u00f1eda, calific\u00f3 como una simulaci\u00f3n de Morena la posible sustituci\u00f3n de la candidatura de F\u00e9lix Salgado Macedonio a la gubernatura de [&hellip;]<\/p>\n","protected":false},"author":3,"featured_media":32656,"comment_status":"open","ping_status":"open","sticky":false,"template":"","format":"standard","meta":{"_monsterinsights_skip_tracking":false,"footnotes":""},"categories":[692,141],"tags":[],"class_list":["post-32655","post","type-post","status-publish","format-standard","has-post-thumbnail","category-692","category-elecciones-2020-2021"],"_links":{"self":[{"href":"https:\/\/redsemlac.com\/semmexico\/wp-json\/wp\/v2\/posts\/32655","targetHints":{"allow":["GET"]}}],"collection":[{"href":"https:\/\/redsemlac.com\/semmexico\/wp-json\/wp\/v2\/posts"}],"about":[{"href":"https:\/\/redsemlac.com\/semmexico\/wp-json\/wp\/v2\/types\/post"}],"author":[{"embeddable":true,"href":"https:\/\/redsemlac.com\/semmexico\/wp-json\/wp\/v2\/users\/3"}],"replies":[{"embeddable":true,"href":"https:\/\/redsemlac.com\/semmexico\/wp-json\/wp\/v2\/comments?post=32655"}],"version-history":[{"count":0,"href":"https:\/\/redsemlac.com\/semmexico\/wp-json\/wp\/v2\/posts\/32655\/revisions"}],"wp:featuredmedia":[{"embeddable":true,"href":"https:\/\/redsemlac.com\/semmexico\/wp-json\/wp\/v2\/media\/32656"}],"wp:attachment":[{"href":"https:\/\/redsemlac.com\/semmexico\/wp-json\/wp\/v2\/media?parent=32655"}],"wp:term":[{"taxonomy":"category","embeddable":true,"href":"https:\/\/redsemlac.com\/semmexico\/wp-json\/wp\/v2\/categories?post=32655"},{"taxonomy":"post_tag","embeddable":true,"href":"https:\/\/redsemlac.com\/semmexico\/wp-json\/wp\/v2\/tags?post=32655"}],"curies":[{"name":"wp","href":"https:\/\/api.w.org\/{rel}","templated":true}]}}