{"id":32649,"date":"2021-03-04T21:57:16","date_gmt":"2021-03-04T21:57:16","guid":{"rendered":"https:\/\/redsemlac.com\/semmexico\/?p=32649"},"modified":"2023-07-21T16:51:18","modified_gmt":"2023-07-21T21:51:18","slug":"piden-donacion-de-recursos-para-mujeres-que-enfrentan-violencia-de-genero","status":"publish","type":"post","link":"https:\/\/redsemlac.com\/semmexico\/piden-donacion-de-recursos-para-mujeres-que-enfrentan-violencia-de-genero\/","title":{"rendered":"Piden donaci\u00f3n de recursos para mujeres que enfrentan violencia de g\u00e9nero"},"content":{"rendered":"\n<ul class=\"wp-block-list\"><li>Fondo Semillas cre\u00f3 la campa\u00f1a&nbsp;Dona&nbsp;&amp; Suma, falta medio mill\u00f3n de pesos para llegar a la meta&nbsp;<\/li><li>Los recursos se destinan a organizaciones que favorecen la autonom\u00eda econ\u00f3mica y apoyo emocional<\/li><\/ul>\n\n\n\n<p class=\"wp-block-paragraph\">SemM\u00e9xico, Ciudad de M\u00e9xico, 4 de marzo, 2021.- El Fondo Semillas invita a donar para completar la meta de la campa\u00f1a Dona&nbsp;&amp; Suma, dinero que destinar\u00e1&nbsp;para financiar a organizaciones de mujeres que construyen alternativas de recuperaci\u00f3n comunitaria ante la crisis por Covid-19.&nbsp;<\/p>\n\n\n\n<p class=\"wp-block-paragraph\">En un comunicado, la organizaci\u00f3n feminista explica que la pandemia de Covid-19 ha agravado de manera alarmante la violencia contra las mujeres y ni\u00f1as en M\u00e9xico. De marzo a octubre del a\u00f1o pasado hubo un&nbsp;aumento del 55 por ciento&nbsp;de ni\u00f1as, mujeres y adolescentes atendidas por violencia de g\u00e9nero con respecto al mismo periodo del a\u00f1o pasado.&nbsp;<\/p>\n\n\n\n<p class=\"wp-block-paragraph\">Asimismo, la tasa de mujeres v\u00edctimas de asesinato en 2020 fue la m\u00e1s alta de los \u00faltimos a\u00f1os. Adem\u00e1s del aumento en la violencia, dos terceras partes de los trabajos perdidos durante la pandemia corresponden a mujeres, y las llamadas de auxilio de mujeres al 911 y L\u00ednea Mujeres se duplicaron con respecto al a\u00f1o pasado.<\/p>\n\n\n\n<p class=\"wp-block-paragraph\">Ante esta grave situaci\u00f3n y en el marco de las&nbsp;tres d\u00e9cadas de trabajo por la igualdad de g\u00e9nero, Fondo Semillas lanz\u00f3 en diciembre la campa\u00f1a&nbsp;Dona &amp; Suma.&nbsp;La finalidad de esta campa\u00f1a es recaudar&nbsp;$1,100,000 MXN&nbsp;para financiar a organizaciones de mujeres que construyen alternativas de recuperaci\u00f3n comunitaria ante la crisis por Covid-19.&nbsp;<\/p>\n\n\n\n<p class=\"wp-block-paragraph\">A febrero de 2021 y a pesar de las adversidades econ\u00f3micas, Fondo Semillas ha logrado recaudar m\u00e1s de medio mill\u00f3n de pesos. Ahora, la meta es lograr recaudar los 576 mil pesos restantes antes del 13 de marzo. Los fondos ser\u00e1n entregados a organizaciones de mujeres que ayudan a garantizar la protecci\u00f3n de los derechos humanos de miles de mujeres y ni\u00f1as mexicanas.<\/p>\n\n\n\n<p class=\"wp-block-paragraph\">En un contexto tan adverso, las organizaciones de mujeres han sido la mejor forma de resiliencia y empoderamiento social. En ese sentido, el trabajo de Fondo Semillas ha sido reconocido por figuras p\u00fablicas como&nbsp;Alondra de la Parra y Diego Luna&nbsp;que han sumado esfuerzos a la campa\u00f1a&nbsp;Dona &amp; Suma&nbsp;y, a su vez, han reiterado su llamado a que se siga donando a esta causa tan necesaria.<\/p>\n\n\n\n<p class=\"wp-block-paragraph\">Fondo Semillas apoya a&nbsp;Alianza C\u00edvica Pinotepa Nacional,&nbsp;Las Panas, Cohesi\u00f3n y Cocci\u00f3n&nbsp;y&nbsp;Nduva Ndandi,&nbsp;que trabajan en Oaxaca y Ciudad de M\u00e9xico con mujeres ind\u00edgenas, mestizas y afromexicanas para&nbsp;generar autonom\u00eda econ\u00f3mica y apoyo emocional. Lo recaudado por esta campa\u00f1a permitir\u00e1 apoyar a otras organizaciones con \u00e9stas.<\/p>\n\n\n\n<p class=\"wp-block-paragraph\">\u201cEn Fondo Semillas hemos aprendido que lo m\u00e1s efectivo para construir un pa\u00eds con oportunidades y libre de violencia para las mujeres y las ni\u00f1as es&nbsp;apoyar a las organizaciones locales&nbsp;que llevan mucho tiempo trabajando directamente con ellas. Desde la realidad de sus comunidades, con una gran capacidad de resiliencia, ellas juntas generan sus propias soluciones a los problemas que enfrentan. Estos grupos tambi\u00e9n crean&nbsp;redes de apoyo entre mujeres&nbsp;y esa doble funci\u00f3n es fundamental para transformar su realidad de manera positiva\u201d, se\u00f1al\u00f3&nbsp;Tania Turner, directora de Fondo Semillas.<\/p>\n\n\n\n<p class=\"wp-block-paragraph\">Es por ello que&nbsp;Fondo Semillas convoca&nbsp;a personas de todo el pa\u00eds a unirse a esta causa y&nbsp;mejorar la vida de mujeres y ni\u00f1as&nbsp;afectadas econ\u00f3mica y emocionalmente por la pandemia, donando en:&nbsp;<a href=\"https:\/\/semillas.org.mx\/donaysuma\/\" target=\"_blank\" rel=\"noreferrer noopener\">https:\/\/semillas.org.mx\/donaysuma\/<\/a><a href=\"https:\/\/semillas.org.mx\/donaysuma\/\" target=\"_blank\" rel=\"noreferrer noopener\">.<\/a><\/p>\n\n\n\n<p class=\"wp-block-paragraph\">Con la intenci\u00f3n de generar participaci\u00f3n,&nbsp;Fondo Semillas realizar\u00e1 tambi\u00e9n rifas&nbsp;de tres&nbsp;ilustraciones realizadas por artistas feministas mexicanas&nbsp;para apoyar la campa\u00f1a #DonaYSuma.&nbsp;Todas las personas que donen a partir de $500 pesos participar\u00e1n en las rifas semanas de acuerdo con las siguientes bases:&nbsp;<a href=\"https:\/\/www.semillas.org.mx\/pdf\/rifa_ilustradoras.pdf\" target=\"_blank\" rel=\"noreferrer noopener\">https:\/\/www.semillas.org.mx\/pdf\/rifa_ilustradoras.pdf<\/a>. Fondo Semillas agradece a las artistas Viridiana Montiel, Natalia Solano y Emilia Schettino por haber donado su trabajo a esta causa e invita a la sociedad a participar en este gran esfuerzo por las mujeres y las ni\u00f1as.<\/p>\n\n\n\n<p class=\"wp-block-paragraph\">SEM\/sj<\/p>\n","protected":false},"excerpt":{"rendered":"<p>Fondo Semillas cre\u00f3 la campa\u00f1a&nbsp;Dona&nbsp;&amp; Suma, falta medio mill\u00f3n de pesos para llegar a la meta&nbsp; Los recursos se destinan a organizaciones que favorecen la autonom\u00eda econ\u00f3mica y apoyo emocional SemM\u00e9xico, Ciudad de M\u00e9xico, 4 de marzo, 2021.- El Fondo Semillas invita a donar para completar la meta de la campa\u00f1a Dona&nbsp;&amp; Suma, dinero que [&hellip;]<\/p>\n","protected":false},"author":3,"featured_media":32650,"comment_status":"open","ping_status":"open","sticky":false,"template":"","format":"standard","meta":{"_monsterinsights_skip_tracking":false,"footnotes":""},"categories":[692,54],"tags":[],"class_list":["post-32649","post","type-post","status-publish","format-standard","has-post-thumbnail","category-692","category-mujeres"],"_links":{"self":[{"href":"https:\/\/redsemlac.com\/semmexico\/wp-json\/wp\/v2\/posts\/32649","targetHints":{"allow":["GET"]}}],"collection":[{"href":"https:\/\/redsemlac.com\/semmexico\/wp-json\/wp\/v2\/posts"}],"about":[{"href":"https:\/\/redsemlac.com\/semmexico\/wp-json\/wp\/v2\/types\/post"}],"author":[{"embeddable":true,"href":"https:\/\/redsemlac.com\/semmexico\/wp-json\/wp\/v2\/users\/3"}],"replies":[{"embeddable":true,"href":"https:\/\/redsemlac.com\/semmexico\/wp-json\/wp\/v2\/comments?post=32649"}],"version-history":[{"count":0,"href":"https:\/\/redsemlac.com\/semmexico\/wp-json\/wp\/v2\/posts\/32649\/revisions"}],"wp:featuredmedia":[{"embeddable":true,"href":"https:\/\/redsemlac.com\/semmexico\/wp-json\/wp\/v2\/media\/32650"}],"wp:attachment":[{"href":"https:\/\/redsemlac.com\/semmexico\/wp-json\/wp\/v2\/media?parent=32649"}],"wp:term":[{"taxonomy":"category","embeddable":true,"href":"https:\/\/redsemlac.com\/semmexico\/wp-json\/wp\/v2\/categories?post=32649"},{"taxonomy":"post_tag","embeddable":true,"href":"https:\/\/redsemlac.com\/semmexico\/wp-json\/wp\/v2\/tags?post=32649"}],"curies":[{"name":"wp","href":"https:\/\/api.w.org\/{rel}","templated":true}]}}