{"id":32644,"date":"2021-03-04T21:48:02","date_gmt":"2021-03-04T21:48:02","guid":{"rendered":"https:\/\/redsemlac.com\/semmexico\/?p=32644"},"modified":"2023-07-21T16:51:19","modified_gmt":"2023-07-21T21:51:19","slug":"y-si-fuera-su-hija-su-madre-o-su-hermana","status":"publish","type":"post","link":"https:\/\/redsemlac.com\/semmexico\/y-si-fuera-su-hija-su-madre-o-su-hermana\/","title":{"rendered":"\u00bfY si fuera su hija, su madre o su hermana?"},"content":{"rendered":"\n<p class=\"wp-block-paragraph\">Soledad Jarqu\u00edn Edgar<\/p>\n\n\n\n<p class=\"wp-block-paragraph\">SemM\u00e9xico, 4 de marzo, 2021.- \u00bfY si fueran sus hijas? \u00bfSus madres o sus hermanas? \u00bfLes har\u00edan caso? Esa pregunta me la he hecho desde hace tiempo y la retomo ahora para cuestionar a tres personajes fundamentales: 1) al presidente Andr\u00e9s Manuel L\u00f3pez Obrador, 2) al dirigente nacional de Morena, Mario Delgado Carrillo y 3) al senador con licencia F\u00e9lix Salgado Macedonio.<\/p>\n\n\n\n<p class=\"wp-block-paragraph\">En espec\u00edfico veo que la c\u00fapula morenista, porque no toda la militancia est\u00e1 de acuerdo con sostener contra viento y marea la posibilidad de Salgado Macedonio como candidato a la gubernatura de Guerrero, como lo muestran los manifiestos que mujeres de ese partido han presentado, pero tambi\u00e9n de muchos hombres que no est\u00e1n dispuestos a permitir esa arbitrariedad.<\/p>\n\n\n\n<p class=\"wp-block-paragraph\">El gobierno de la 4T que lleg\u00f3 al poder gracias a la insistencia de L\u00f3pez Obrador pero, no hay que olvidar jam\u00e1s, que m\u00e1s que todo obtuvo los votos que le permitieron ganar gracias al hartazgo \u2013por actos de corrupci\u00f3n, el saqueo, el enriquecimiento il\u00edcito e impunidad al cien-, con la que actuaron los otros dos partidos que han gobernado, por cierto hoy aliados con el desfondado PRD en lo que sin duda es y ser\u00e1 un batidillo pol\u00edtico.<\/p>\n\n\n\n<p class=\"wp-block-paragraph\">La propuesta fundamental de Andr\u00e9s Manuel L\u00f3pez Obrador es y ha sido el combate a la corrupci\u00f3n, en sus m\u00e1s de 600 ma\u00f1aneras, no hay d\u00eda en que no haga ese planteamiento de forma directa o indirecta. A m\u00e1s de dos a\u00f1os de ejercicio del poder sigue record\u00e1ndonos los da\u00f1os irreparables que provocaron los corruptos y voraces gobiernos del PRI y del PAN, algo que no est\u00e1 por dem\u00e1s pero que muchas familias vivimos en el cada d\u00eda.<\/p>\n\n\n\n<p class=\"wp-block-paragraph\">S\u00e9 que el presidente mexicano no tiene hijas. Eso lo salva de pensar en esa terrible posibilidad que planteo, pero insisto \u00bfY si fuera su hija una de las v\u00edctimas de un macho empoderado pol\u00edticamente? \u00bfHabr\u00eda actuado diferente? \u00bfDejar\u00eda de pensar en la posibilidad de que se trata de un \u201ccompl\u00f3\u201d electorero? S\u00ed, es una l\u00e1stima, empiezo a dudar de la respuesta.&nbsp;<\/p>\n\n\n\n<p class=\"wp-block-paragraph\">El delito cometido contra Basilia y otras v\u00edctimas del \u201cimpresentable\u201d (como ha sido ya nombrado) Salgado Macedonio est\u00e1 cuajado gracias a otros lamentables hechos de CORRUPCI\u00d3N, eso que tanto denuncia el presidente mexicano, que en una l\u00f3gica simple, tendr\u00eda que causarle el mismo efecto indignante que cuando anuncia las triqui\u00f1uelas de Felipe Calder\u00f3n o Enrique Pe\u00f1a Nieto, y sus respectivos 40 ladrones.<\/p>\n\n\n\n<p class=\"wp-block-paragraph\">\u00bfAcaso no es corrupci\u00f3n que una denuncia se archive por mandato de un gobernador y que H\u00e9ctor Astudillo siga intocado? \u00bfEs una prueba de su lealtad y amistad? \u00bfNo es corrupci\u00f3n negar un hecho tan aberrante como es una violaci\u00f3n sexual? Cito un lugar com\u00fan: cuando el r\u00edo suena es porque agua lleva, dice el \u201cpueblo bueno\u201d ese que hoy el presidente mexicano no escucha y es que no es Basilia la \u00fanica v\u00edctima, hay otras. \u00bfNo es corrupci\u00f3n se\u00f1alar que detr\u00e1s de una v\u00edctima est\u00e1 el ex procurador Xavier Olea Pel\u00e1ez? A qui\u00e9n por cierto habr\u00eda que fincarle responsabilidad por inacci\u00f3n.<\/p>\n\n\n\n<p class=\"wp-block-paragraph\">La cabeza visible de Morena, Mario Delgado Carillo, juega al buen aprendiz, hoy hace lo mismo que en 1996 realiz\u00f3 el presidente de M\u00e9xico, L\u00f3pez Obrador, cuando una militante del PRD, entonces partido que dirig\u00eda, present\u00f3 una denuncia \u00bfadivinen contra qui\u00e9n? \u00a1Exacto! Contra el impresentable F\u00e9lix Salgado Macedonio y como sucede ahora, pero en Morena, el \u201cconsejo deshonor e injusticia\u201d se burla de la v\u00edctima y concluye que nada hay que hacer en contra del \u201chonorable\u201d personaje\u201d. Repitieron la historia. De este hecho dar\u00e1 cuenta m\u00e1s adelante la periodista Sara Lovera.<\/p>\n\n\n\n<p class=\"wp-block-paragraph\">Podemos concluir que, al impresentable personaje, que puede ser candidato al gobierno de Guerrero, en un hecho repudiable de IMPUNIDAD versus CORRUPCI\u00d3N, ha sido protegido pol\u00edtico del presidente mexicano, de gobernadores de Guerrero, como el actual H\u00e9ctor Astudillo, de dirigentes de los partidos en los que ha militado y, sobre todo, de aquellas personas que hoy guardan herm\u00e9tico silencio para no comprometer su futuro pol\u00edtico.<\/p>\n\n\n\n<p class=\"wp-block-paragraph\">Y termino con una pregunta \u00bfA qui\u00e9n mataron justos? Bueno sabemos que, en este caso de Guerrero, ese estado lastimado por lo que m\u00e1s combate AMLO: la eterna corrupci\u00f3n, hay mar de fondo y que apunta hacia la llamada delincuencia organizada (organizada con el gobierno, claro). Basta leer para entender, el pueblo es bueno no tonto.<\/p>\n\n\n\n<p class=\"wp-block-paragraph\">La verdad que en este pa\u00eds que tenemos, uno donde la violencia contra las mujeres vive, y seguir\u00e1 viviendo, ante acciones claras, concretas y espec\u00edficas, solapados por el poder pol\u00edtico masculino, patriarcal y machista, a veces porque establecen pactos de sangre como el que tenemos frente a nuestros ojos, se protegen unos a otros, sean del partido que sean, y en otros casos, miles porque simple y sencillamente su postura pol\u00edtica no les permite mirar la gravedad de la violencia contra las mujeres, dicho de otra forma, no les importa. Y los veremos en estos d\u00edas lanzando loas por las mujeres.<\/p>\n\n\n\n<p class=\"wp-block-paragraph\">A prop\u00f3sito del D\u00eda Internacional de la Mujer que se conmemora el 8 de marzo, las mujeres saldremos a protestar, pero no esperen de ninguna manera que sean protestas pac\u00edficas, como se atrevi\u00f3 a pedir L\u00f3pez Obrador.&nbsp;<\/p>\n","protected":false},"excerpt":{"rendered":"<p>Soledad Jarqu\u00edn Edgar SemM\u00e9xico, 4 de marzo, 2021.- \u00bfY si fueran sus hijas? \u00bfSus madres o sus hermanas? \u00bfLes har\u00edan caso? Esa pregunta me la he hecho desde hace tiempo y la retomo ahora para cuestionar a tres personajes fundamentales: 1) al presidente Andr\u00e9s Manuel L\u00f3pez Obrador, 2) al dirigente nacional de Morena, Mario Delgado [&hellip;]<\/p>\n","protected":false},"author":3,"featured_media":8460,"comment_status":"open","ping_status":"open","sticky":false,"template":"","format":"standard","meta":{"_monsterinsights_skip_tracking":false,"footnotes":""},"categories":[692,96,35,75],"tags":[],"class_list":["post-32644","post","type-post","status-publish","format-standard","has-post-thumbnail","category-692","category-mujeres-y-politica","category-opinion","category-soledad-jarquin-edgar"],"_links":{"self":[{"href":"https:\/\/redsemlac.com\/semmexico\/wp-json\/wp\/v2\/posts\/32644","targetHints":{"allow":["GET"]}}],"collection":[{"href":"https:\/\/redsemlac.com\/semmexico\/wp-json\/wp\/v2\/posts"}],"about":[{"href":"https:\/\/redsemlac.com\/semmexico\/wp-json\/wp\/v2\/types\/post"}],"author":[{"embeddable":true,"href":"https:\/\/redsemlac.com\/semmexico\/wp-json\/wp\/v2\/users\/3"}],"replies":[{"embeddable":true,"href":"https:\/\/redsemlac.com\/semmexico\/wp-json\/wp\/v2\/comments?post=32644"}],"version-history":[{"count":0,"href":"https:\/\/redsemlac.com\/semmexico\/wp-json\/wp\/v2\/posts\/32644\/revisions"}],"wp:featuredmedia":[{"embeddable":true,"href":"https:\/\/redsemlac.com\/semmexico\/wp-json\/wp\/v2\/media\/8460"}],"wp:attachment":[{"href":"https:\/\/redsemlac.com\/semmexico\/wp-json\/wp\/v2\/media?parent=32644"}],"wp:term":[{"taxonomy":"category","embeddable":true,"href":"https:\/\/redsemlac.com\/semmexico\/wp-json\/wp\/v2\/categories?post=32644"},{"taxonomy":"post_tag","embeddable":true,"href":"https:\/\/redsemlac.com\/semmexico\/wp-json\/wp\/v2\/tags?post=32644"}],"curies":[{"name":"wp","href":"https:\/\/api.w.org\/{rel}","templated":true}]}}