{"id":32636,"date":"2021-03-04T18:26:12","date_gmt":"2021-03-04T18:26:12","guid":{"rendered":"https:\/\/redsemlac.com\/semmexico\/?p=32636"},"modified":"2023-07-21T16:51:19","modified_gmt":"2023-07-21T21:51:19","slug":"todas-a-la-huelga-global-del-8m-2021-llaman-transfronterizas-de-espana","status":"publish","type":"post","link":"https:\/\/redsemlac.com\/semmexico\/todas-a-la-huelga-global-del-8m-2021-llaman-transfronterizas-de-espana\/","title":{"rendered":"\u00a1Todas a la Huelga global del 8M 2021!, llaman transfronterizas de Espa\u00f1a"},"content":{"rendered":"\n<ul class=\"wp-block-list\"><li>Se identifica como Revoluci\u00f3n feminista contra de todas las violencias<\/li><li>La pandemia intensifico la violencia, pero fortaleci\u00f3 la lucha feminista a nivel mundial<\/li><\/ul>\n\n\n\n<p class=\"wp-block-paragraph\">Elda Montiel&nbsp;<\/p>\n\n\n\n<p class=\"wp-block-paragraph\">SemM\u00e9xico. Cd. de M\u00e9xico, 4 de marzo, 2021.- Las feministas transfronterizas de Espa\u00f1a hacen un llamado a la huelga este 8 de marzo a todas y todes, mujeres, lesbianas, trasvestis, trans, intersex, migrantes, ind\u00edgenas, negras y afrodescendientes para conectar todas las luchas feministas, transfeministas y antipatriarcales que se han dado en el mundo, en los \u00faltimos meses, en el \u201cManifiesto hacia la Huelga del 8M 2021\u201d.<\/p>\n\n\n\n<p class=\"wp-block-paragraph\">Identificadas como la \u201cRevoluci\u00f3n feminista transfronterizas en contra de todas las violencias\u201d hacen el llamado a la huelga global, \u201cen un momento hist\u00f3rico en el que nuestro trabajo productivo y reproductivo es m\u00e1s intenso, explotado y devaluado que nunca, y en el que la violencia patriarcal, de g\u00e9nero, capitalista y racista nos ataca con mayor fuerza\u201d.<\/p>\n\n\n\n<p class=\"wp-block-paragraph\">Destacan la necesidad de que se entienda esta huelga como un proceso colectivo de articulaci\u00f3n, de politizaci\u00f3n, de gran convergencia, de expansi\u00f3n, de intervenci\u00f3n de la normalidad opresora.&nbsp;&nbsp;<\/p>\n\n\n\n<p class=\"wp-block-paragraph\">Resaltan, que en estos \u00faltimos a\u00f1os se ha creado un movimiento feminista global, capaz de volver trasversal en todos los movimientos sociales la perspectiva feminista. \u201cEn lugar de rendirnos a la criminalizaci\u00f3n de nuestras luchas perpetradas por nuestros gobiernos, hemos reforzado nuestra interconexi\u00f3n global\u201d.<\/p>\n\n\n\n<p class=\"wp-block-paragraph\">En el manifiesto detallan el aumento de la violencia dom\u00e9stica, la machista y de g\u00e9nero en contra de las mujeres, las que han enfrentado, pero sin dejar de luchar y denunciar y, para enfrentarla han creado redes de apoyo, solidaridad y defensa.&nbsp;<\/p>\n\n\n\n<p class=\"wp-block-paragraph\">Se hace \u00e9nfasis de la participaci\u00f3n de las mujeres en la primera l\u00ednea en hospitales, escuelas, f\u00e1bricas, servicios de limpiezas, como en las labores dom\u00e9sticas y de cuidado en los hogares y al mismo tiempo no han parado el proceso de huelga feminista.&nbsp;&nbsp;<\/p>\n\n\n\n<p class=\"wp-block-paragraph\">Sin dejar de trabajar para asegurar la cadena alimentaria y los servicios de cuidados en cambio de un salario m\u00edsero, no han parado de denunciar el racismo institucional y de reclamar a gran voz un permiso de residencia que pueda permitirnos vivir una vida digna.&nbsp;<\/p>\n\n\n\n<p class=\"wp-block-paragraph\">Mientras que en las comunidades ind\u00edgenas \u201chemos garantizado la reproducci\u00f3n de la vida a trav\u00e9s de tramas colectivas para enfrentar la pandemia, no hemos parado de defender los territorios del ataque extractivista y de la militarizaci\u00f3n. Mientras hay frentes de guerra y conflictos como el kurdo y el palestino.&nbsp;<\/p>\n\n\n\n<p class=\"wp-block-paragraph\">Solidarias, no hemos detenido nuestra revoluci\u00f3n feminista y antimperialista y de reclamar libertad para todas y todos las\/os presas\/os pol\u00edticos\u201d.&nbsp;<\/p>\n\n\n\n<p class=\"wp-block-paragraph\">Mientras que la salud ha sido gestionada de manera individual y empresarial, no hemos parado de evidenciar las diferencias de condiciones sociales y materiales de sexo, clase y raza de acceso a la salud, de profundizar formas feministas, aut\u00f3nomas de salud colectiva y comunitaria y de luchar por un aborto libre, seguro y gratuito.<\/p>\n\n\n\n<p class=\"wp-block-paragraph\">Se ha ampliado a\u00fan m\u00e1s la lucha feminista y no se ha soltado como la victoria de las hermanas argentinas para la legalizaci\u00f3n del aborto, y el fortalecimiento de este espacio de Feministas Transfronterizas que en su primera asamblea publica del 7 de febrero se extendi\u00f3 y potenci\u00f3 mayormente.<\/p>\n\n\n\n<p class=\"wp-block-paragraph\">Como ejemplo de la interconexi\u00f3n global de las luchas feministas citan las luchas de Black Lives Matters en EE.UU., las de #EndSars en contra de la brutalidad policial en Nigeria, y las que est\u00e1n haciendo temblar los gobiernos fascistas y conservadores en todo el mundo a partir del sur, como lo han hecho en Bolivia, Per\u00fa y Chile.&nbsp;<\/p>\n\n\n\n<p class=\"wp-block-paragraph\">La organizaci\u00f3n del 35\u00b0 Encuentro Plurinacional de mujeres y disidencias en Am\u00e9rica Latina, la creaci\u00f3n de la red E.A.S.T. (Essential Autonomous Struggles Transnational) en Europa y m\u00e1s all\u00e1 para conectar las luchas en contra de la devaluaci\u00f3n del trabajo productivo y reproductivo de las mujeres y migrantes, la solidaridad transnacional a la huelga de las mujeres polacas.<\/p>\n\n\n\n<p class=\"wp-block-paragraph\">SEM\/em\/sj<\/p>\n","protected":false},"excerpt":{"rendered":"<p>Se identifica como Revoluci\u00f3n feminista contra de todas las violencias La pandemia intensifico la violencia, pero fortaleci\u00f3 la lucha feminista a nivel mundial Elda Montiel&nbsp; SemM\u00e9xico. Cd. de M\u00e9xico, 4 de marzo, 2021.- Las feministas transfronterizas de Espa\u00f1a hacen un llamado a la huelga este 8 de marzo a todas y todes, mujeres, lesbianas, trasvestis, [&hellip;]<\/p>\n","protected":false},"author":3,"featured_media":32637,"comment_status":"open","ping_status":"open","sticky":false,"template":"","format":"standard","meta":{"_monsterinsights_skip_tracking":false,"footnotes":""},"categories":[692,54],"tags":[],"class_list":["post-32636","post","type-post","status-publish","format-standard","has-post-thumbnail","category-692","category-mujeres"],"_links":{"self":[{"href":"https:\/\/redsemlac.com\/semmexico\/wp-json\/wp\/v2\/posts\/32636","targetHints":{"allow":["GET"]}}],"collection":[{"href":"https:\/\/redsemlac.com\/semmexico\/wp-json\/wp\/v2\/posts"}],"about":[{"href":"https:\/\/redsemlac.com\/semmexico\/wp-json\/wp\/v2\/types\/post"}],"author":[{"embeddable":true,"href":"https:\/\/redsemlac.com\/semmexico\/wp-json\/wp\/v2\/users\/3"}],"replies":[{"embeddable":true,"href":"https:\/\/redsemlac.com\/semmexico\/wp-json\/wp\/v2\/comments?post=32636"}],"version-history":[{"count":0,"href":"https:\/\/redsemlac.com\/semmexico\/wp-json\/wp\/v2\/posts\/32636\/revisions"}],"wp:featuredmedia":[{"embeddable":true,"href":"https:\/\/redsemlac.com\/semmexico\/wp-json\/wp\/v2\/media\/32637"}],"wp:attachment":[{"href":"https:\/\/redsemlac.com\/semmexico\/wp-json\/wp\/v2\/media?parent=32636"}],"wp:term":[{"taxonomy":"category","embeddable":true,"href":"https:\/\/redsemlac.com\/semmexico\/wp-json\/wp\/v2\/categories?post=32636"},{"taxonomy":"post_tag","embeddable":true,"href":"https:\/\/redsemlac.com\/semmexico\/wp-json\/wp\/v2\/tags?post=32636"}],"curies":[{"name":"wp","href":"https:\/\/api.w.org\/{rel}","templated":true}]}}