{"id":32632,"date":"2021-03-04T18:19:48","date_gmt":"2021-03-04T18:19:48","guid":{"rendered":"https:\/\/redsemlac.com\/semmexico\/?p=32632"},"modified":"2023-07-21T16:51:19","modified_gmt":"2023-07-21T21:51:19","slug":"nancy-zamher-lanza-su-primer-sencillo-julia-de-noche","status":"publish","type":"post","link":"https:\/\/redsemlac.com\/semmexico\/nancy-zamher-lanza-su-primer-sencillo-julia-de-noche\/","title":{"rendered":"Nancy Zamher lanza su primer sencillo \u201cJulia de noche\u201d"},"content":{"rendered":"\n<ul class=\"wp-block-list\"><li>Aborda los feminicidios en M\u00e9xico y a partir de ma\u00f1ana estar\u00e1 disponible en plataformas digitales<\/li><li>Esta canci\u00f3n obtuvo el primer lugar en el Certamen Internacional Cantautoras en Alerta realizado en SLP&nbsp;<\/li><\/ul>\n\n\n\n<p class=\"wp-block-paragraph\">SemM\u00e9xico, Ciudad de M\u00e9xico, 4 de marzo, 2021. La cantante y compositora mexicana Nancy Zamher lanzar\u00e1 su sencillo&nbsp;<em>Julia de noche<\/em>&nbsp;en el marco del D\u00eda Internacional de la Mujer (8 de marzo), una canci\u00f3n que aborda el tema de los feminicidios en M\u00e9xico, la expresi\u00f3n m\u00e1s extrema de la violencia de g\u00e9nero en el mundo.&nbsp;<\/p>\n\n\n\n<p class=\"wp-block-paragraph\">\u201cEs una canci\u00f3n que escrib\u00ed como una manera de desahogo porque la violencia contra las mujeres no para, los casos, las cifras y las b\u00fasquedas aumentan, y los familiares de las v\u00edctimas siguen viviendo un infierno busc\u00e1ndolas y exigiendo justicia\u201d, asegur\u00f3.&nbsp;<\/p>\n\n\n\n<p class=\"wp-block-paragraph\">La tambi\u00e9n periodista coment\u00f3 que se trata de dos historias inspiradas en hechos reales que escribi\u00f3 en 2019, a ra\u00edz de su labor en el \u00e1rea de comunicaci\u00f3n en un laboratorio de humanidades en la UNAM, donde trabajaba temas sobre g\u00e9nero, justicia, diversidades y derechos humanos.&nbsp;<\/p>\n\n\n\n<p class=\"wp-block-paragraph\">\u201cEn ese entonces empezaron a suceder secuestros a mujeres en el metro de la Ciudad de M\u00e9xico, fue algo que me constern\u00f3 porque cada vez se empezaban a escuchar m\u00e1s casos y a una amiga la intentaron secuestrar. Nos daba miedo tomar el metro solas y llegamos a sospechar de cualquier persona, era como una especie de histeria colectiva\u201d, indic\u00f3 la cantautora.&nbsp;<\/p>\n\n\n\n<p class=\"wp-block-paragraph\">Con ritmo de son y algunos versos en rap, Nancy Zamher quiso reflejar el folclor de la Ciudad M\u00e9xico en su canci\u00f3n. \u201cMe interesaba que se sintiera el ritmo cotidiano de una ciudad que nunca para, donde siempre hay movimiento y la m\u00fasica est\u00e1 presente en la calle: desde un son, una salsa, una cumbia, hasta una guaracha; ritmos muy arraigados a nuestra identidad mexicana\u201d.&nbsp;<\/p>\n\n\n\n<p class=\"wp-block-paragraph\">Nancy quer\u00eda que la gente se pusiera en los zapatos de Julia (la protagonista de su canci\u00f3n), en la que se pueden escuchar muchas voces: las de todas las mujeres mexicanas cantando al un\u00edsono, en una misma voz. \u201cTodas las mujeres hemos sido violentadas de alguna manera y corremos el riesgo de no volver a nuestras casas, con ese miedo vivimos en este pa\u00eds\u201d, asegur\u00f3 la cantante.&nbsp;<\/p>\n\n\n\n<p class=\"wp-block-paragraph\">Con esta canci\u00f3n, cuyos arreglos, direcci\u00f3n y producci\u00f3n musical corren a cargo de Jorge Garc\u00eda Montemayor, Nancy Zamher obtuvo el primer lugar en el Certamen Internacional Cantautoras en Alerta del Instituto de las Mujeres del estado de San Luis Potos\u00ed en diciembre de 2020. Las diez canciones finalistas de este concurso formar\u00e1n parte de una playlist en Spotify que se dar\u00e1 a conocer el 8 de marzo, as\u00ed como de un disco que se distribuir\u00e1 en toda la Rep\u00fablica Mexicana.<\/p>\n\n\n\n<figure class=\"wp-block-image size-large\"><a href=\"https:\/\/redsemlac.com\/semmexico\/wp-content\/uploads\/2021\/03\/Portada_Nancy-Zamher-Julia-de-noche_Cantautoras-en-alerta-scaled.jpg\"><img decoding=\"async\" src=\"https:\/\/redsemlac.com\/semmexico\/wp-content\/uploads\/2021\/03\/Portada_Nancy-Zamher-Julia-de-noche_Cantautoras-en-alerta-1024x1024.jpg\" alt=\"\" class=\"wp-image-32633\"\/><\/a><\/figure>\n","protected":false},"excerpt":{"rendered":"<p>Aborda los feminicidios en M\u00e9xico y a partir de ma\u00f1ana estar\u00e1 disponible en plataformas digitales Esta canci\u00f3n obtuvo el primer lugar en el Certamen Internacional Cantautoras en Alerta realizado en SLP&nbsp; SemM\u00e9xico, Ciudad de M\u00e9xico, 4 de marzo, 2021. La cantante y compositora mexicana Nancy Zamher lanzar\u00e1 su sencillo&nbsp;Julia de noche&nbsp;en el marco del D\u00eda [&hellip;]<\/p>\n","protected":false},"author":3,"featured_media":32634,"comment_status":"open","ping_status":"open","sticky":false,"template":"","format":"standard","meta":{"_monsterinsights_skip_tracking":false,"footnotes":""},"categories":[692,54],"tags":[],"class_list":["post-32632","post","type-post","status-publish","format-standard","has-post-thumbnail","category-692","category-mujeres"],"_links":{"self":[{"href":"https:\/\/redsemlac.com\/semmexico\/wp-json\/wp\/v2\/posts\/32632","targetHints":{"allow":["GET"]}}],"collection":[{"href":"https:\/\/redsemlac.com\/semmexico\/wp-json\/wp\/v2\/posts"}],"about":[{"href":"https:\/\/redsemlac.com\/semmexico\/wp-json\/wp\/v2\/types\/post"}],"author":[{"embeddable":true,"href":"https:\/\/redsemlac.com\/semmexico\/wp-json\/wp\/v2\/users\/3"}],"replies":[{"embeddable":true,"href":"https:\/\/redsemlac.com\/semmexico\/wp-json\/wp\/v2\/comments?post=32632"}],"version-history":[{"count":0,"href":"https:\/\/redsemlac.com\/semmexico\/wp-json\/wp\/v2\/posts\/32632\/revisions"}],"wp:featuredmedia":[{"embeddable":true,"href":"https:\/\/redsemlac.com\/semmexico\/wp-json\/wp\/v2\/media\/32634"}],"wp:attachment":[{"href":"https:\/\/redsemlac.com\/semmexico\/wp-json\/wp\/v2\/media?parent=32632"}],"wp:term":[{"taxonomy":"category","embeddable":true,"href":"https:\/\/redsemlac.com\/semmexico\/wp-json\/wp\/v2\/categories?post=32632"},{"taxonomy":"post_tag","embeddable":true,"href":"https:\/\/redsemlac.com\/semmexico\/wp-json\/wp\/v2\/tags?post=32632"}],"curies":[{"name":"wp","href":"https:\/\/api.w.org\/{rel}","templated":true}]}}