{"id":32624,"date":"2021-03-04T18:11:59","date_gmt":"2021-03-04T18:11:59","guid":{"rendered":"https:\/\/redsemlac.com\/semmexico\/?p=32624"},"modified":"2023-07-21T16:51:19","modified_gmt":"2023-07-21T21:51:19","slug":"medio-corruptos-y-opacos","status":"publish","type":"post","link":"https:\/\/redsemlac.com\/semmexico\/medio-corruptos-y-opacos\/","title":{"rendered":"\u00bfMedio corruptos y opacos?"},"content":{"rendered":"\n<p class=\"wp-block-paragraph\">Mois\u00e9s S\u00e1nchez Lim\u00f3n<\/p>\n\n\n\n<p class=\"wp-block-paragraph\">SemM\u00e9xico, 4 de marzo, 2021.- La corrupci\u00f3n es como los embarazos: no se puede estar medio embarazada ni ser medio corrupto.<\/p>\n\n\n\n<p class=\"wp-block-paragraph\">A menos que se quiera incurrir en la c\u00ednica l\u00f3gica de ser poquito corrupto, como se asumi\u00f3 en su momento el ex alcalde Hilario \u201cLay\u00edn\u201d Ram\u00edrez Villanueva, quien declar\u00f3 que al municipio de San Blas, Nayarit, \u201cs\u00ed le rob\u00e9, s\u00ed le rob\u00e9 pero poquito porque est\u00e1 (el municipio) bien pobre\u201d.<\/p>\n\n\n\n<p class=\"wp-block-paragraph\">En ese tenor vale preguntar qu\u00e9 ganamos los mexicanos si renuncia el auditor Superior de la Federaci\u00f3n, David Colmenares P\u00e1ramo. \u00bfUn gobierno transparente y honesto porque medio minti\u00f3 en los informes individuales y el informe General Ejecutivo de la Cuenta P\u00fablica de 2019?<\/p>\n\n\n\n<p class=\"wp-block-paragraph\">Lograr que el gasto p\u00fablico sea transparente y se aplique como lo mandata la C\u00e1mara de Diputados en la aprobaci\u00f3n del Presupuesto de Egresos de la Federaci\u00f3n, acorde con la Ley de Ingresos,&nbsp;es un sue\u00f1o decimon\u00f3nico: en la Constituci\u00f3n de 1812 se aprob\u00f3 la Contadur\u00eda Mayor de Cuentas, luego convertida, en la Constituci\u00f3n de 1824, en Contadur\u00eda Mayor de Hacienda, que se mantuvo hasta 1999 cuando se crea la Auditor\u00eda Superior de la Federaci\u00f3n.<\/p>\n\n\n\n<p class=\"wp-block-paragraph\">Se pretendi\u00f3 concretar a la ASF como \u00f3rgano t\u00e9cnico dependiente de la C\u00e1mara de Diputados, que acompa\u00f1ar\u00eda al gobierno de la sedicente transici\u00f3n, el de Vicente Fox Quesada, que le cambiar\u00eda hasta el modo de andar al ejercicio de los dineros p\u00fablicos.&nbsp;<\/p>\n\n\n\n<p class=\"wp-block-paragraph\">Pero. En esos tiempos el esc\u00e1ndalo del Fobaproa fue factor pol\u00edtico que, incluso, utiliz\u00f3 el entonces dirigente nacional del PRD, Andr\u00e9s Manuel L\u00f3pez Obrador, para llevar agua a su molino. Hasta un libro hab\u00eda escrito y publicitado en 1999. \u00bfLe suena familiar? Bueno, Ernesto Zedillo Ponce de Le\u00f3n le puso el cascabel al gato y convirti\u00f3 una deuda privada en deuda p\u00fablica.<\/p>\n\n\n\n<p class=\"wp-block-paragraph\">\u00bfTransparentes y honestos?<\/p>\n\n\n\n<p class=\"wp-block-paragraph\">Cada auditor Superior de la Federaci\u00f3n ha sido centro de sospechas respecto de la independencia de su trabajo.&nbsp;Gregorio Guerrero Pozas, \u00faltimo titular de la Contadur\u00eda Mayor de Hacienda y primer auditor Superior de la Federaci\u00f3n del 30 de diciembre del a\u00f1o 2000 y hasta el 31 de diciembre de 2001, insisti\u00f3 en reelegirse en el cargo e incluso interpuso un amparo. \u00bfPor qu\u00e9 el inter\u00e9s de mantenerse en el cargo? Dir\u00e1n que don Goyo le tom\u00f3 cari\u00f1o a la oficina.<\/p>\n\n\n\n<p class=\"wp-block-paragraph\">Luego Arturo Gonz\u00e1lez de Arag\u00f3n, auditor Superior de la Federaci\u00f3n del 1 de enero de 2002 hasta el 31 de diciembre de 2009, fue centro de discusi\u00f3n por haber trabajado para Carlos Salinas de Gortari, luego enfrent\u00f3 el esc\u00e1ndalo de los 45 mil millones de pesos que fueron perdonados a banqueros que, seg\u00fan dijo, devolvieron esos dineros, aunque nunca mostr\u00f3 el cheque o pagar\u00e9 que amparara ese monto supuestamente ingresado a la Tesorer\u00eda de la Federaci\u00f3n.<\/p>\n\n\n\n<p class=\"wp-block-paragraph\">Vino Juan Manuel Portal Mart\u00ednez, auditor del 1 de enero de 2010 al 31 de diciembre de 2017, con quien casualmente aumentaron las auditor\u00edas, pero disminuyeron las sanciones. Portal, de plano dej\u00f3 el cargo en la fecha prevista y, con car\u00e1cter de auditor interino, Juan Javier P\u00e9rez Saavedra atendi\u00f3 la oficina del 1 de enero al 15 de marzo de 2018, fecha en la que David Colmenares P\u00e1ramo, hoy considerado auditor inc\u00f3modo, asumi\u00f3 el cargo del que lo quieren defenestrar dizque porque pretendi\u00f3 meter en un conflicto al licenciado L\u00f3pez Obrador.<\/p>\n\n\n\n<p class=\"wp-block-paragraph\">Lo cierto es que se diluye el esc\u00e1ndalo que indign\u00f3 al licenciado L\u00f3pez Obrador, porque el costo de cancelar la construcci\u00f3n del Nuevo Aeropuerto Internacional en terrenos del ex vaso de Texcoco no fue de m\u00e1s de 300 mil millones de pesos, sino apenas un poco m\u00e1s de 100 mil millones de pesos. \u00bfMedio corruptos? Se perdieron miles de millones de pesos, pero poquitos.<\/p>\n\n\n\n<p class=\"wp-block-paragraph\">\u00bfEs casual este affaire salpicado de suspicacias y c\u00ednicas explicaciones no pedidas?<\/p>\n\n\n\n<p class=\"wp-block-paragraph\">El simplismo de la ecuaci\u00f3n pol\u00edtica de la 4T implicar\u00eda que la administraci\u00f3n del licenciado Andr\u00e9s Manuel L\u00f3pez Obrador fue v\u00edctima de perversa politiquer\u00eda electorera que pretendi\u00f3 manchar su albo plumaje de pr\u00edstina honestidad. No, este tongo entra\u00f1a la tarea de desprestigiar a uno de los organismos independientes que son contrapeso del poder m\u00e1ximo: el del Presidente de la Rep\u00fablica.<\/p>\n\n\n\n<p class=\"wp-block-paragraph\">El esc\u00e1ndalo que se cocin\u00f3 entre el s\u00e1bado 20 y el lunes 22 de febrero pasado, indudablemente forma parte de la estrategia propagandista de la que Andr\u00e9s Manuel es principal operador. \u00c9l sabe c\u00f3mo hacerlo, Ernesto Zedillo Ponce de Le\u00f3n dixit.&nbsp;<\/p>\n\n\n\n<p class=\"wp-block-paragraph\">En efecto, Vicente Fox tuvo un severo desencuentro con el auditor Arturo Gonz\u00e1lez de Arag\u00f3n, cuando en mayo de 2005 la ASF descubri\u00f3&nbsp;perjuicio al erario por 45 mil 324.6 millones de pesos, ocurrido en 2003&nbsp;en el rescate de Banamex, Banorte, Bital, Bancomer y Banca Promex.&nbsp;<\/p>\n\n\n\n<p class=\"wp-block-paragraph\">Pero, mire usted, t\u00f3melo como premonici\u00f3n de lo que hoy ocurre con la burda embestida contra ASF y el INAI am\u00e9n del INE y otros entes aut\u00f3nomos, porque Gonz\u00e1lez de Arag\u00f3n public\u00f3 el 8 de febrero de 2016 el art\u00edculo \u201c\u00d3rganos Aut\u00f3nomos: malas pr\u00e1cticas\u201d \u2013la hemeroteca lo cita&#8211;.<\/p>\n\n\n\n<p class=\"wp-block-paragraph\">Y pareciera, solo pareciera, que el licenciado L\u00f3pez Obrador se fusil\u00f3 el planteamiento b\u00e1sico del art\u00edculo de Gonz\u00e1lez Arag\u00f3n, que aludi\u00f3 espec\u00edficamente a los vicios que arrastran instituciones como el Banco de M\u00e9xico &#8211;\u00bfpor eso la Ley Banxico?\u2014, la Comisi\u00f3n Nacional de los Derechos Humanos, a la que se pretende cambiarle hasta la denominaci\u00f3n; el INEGI, el INAI, el IFETEL y hasta el INE, por citar a los que el inquilino de Palacio ha acusado como organismos cuyos funcionarios son machuchones que tienen carrazos y salarios escandalosos.<\/p>\n\n\n\n<p class=\"wp-block-paragraph\">Y c\u00f3mo, \u00a1caray!, no han entendido que no puede haber gobierno rico y pueblo pobre. Bueno, bueno, \u00e9l tiene que viajar en avi\u00f3n, aunque se exponga a las mentadas de madre. Pero esa es peccata minuta, porque ya le perdi\u00f3 el miedo a volar.<\/p>\n\n\n\n<p class=\"wp-block-paragraph\">Y s\u00ed, \u00a1vaya coincidencia! El objetivo de descalificar a los organismos independientes camina y el licenciado L\u00f3pez Obrador insiste recurrentemente en restarles credibilidad. \u00bfAlguien apostar\u00e1 por la honestidad en las auditor\u00edas de la ASF? \u00bfManga ancha en el gasto p\u00fablico porque el auditor es un mentiroso?<\/p>\n\n\n\n<p class=\"wp-block-paragraph\">A la prensa la estigmatiz\u00f3. \u00bfY todos creen que cada reportero que ejerce el oficio del periodismo en M\u00e9xico se apellida Aguilar Cam\u00edn o Krauze, o\u2026? Escritores de respetable opini\u00f3n y trayectoria, pero no representativos del gremio period\u00edstico. Pero el pr\u00f3cer generaliz\u00f3. Hoy toca a los auditores. \u00bfQui\u00e9n, qui\u00e9nes siguen? A Morena le importa un pito el INE y se pitorrea del Tribunal Electoral del Poder Judicial de la Federaci\u00f3n.<\/p>\n\n\n\n<p class=\"wp-block-paragraph\">\u00a1Ah!, \u00bfhay irregularidades en el gasto p\u00fablico en las secretar\u00edas de Agricultura y la Funci\u00f3n P\u00fablica y de Bienestar y en la Conade y en Energ\u00eda y en el Instituto para devolver al pueblo lo robado? \u00a1Miente la ASF! Bueno, poquitas irregularidades, han robado, pero poquito. \u00bfMedio corruptos? Digo.<\/p>\n\n\n\n<p class=\"wp-block-paragraph\"><a href=\"mailto:sanchezlim%C3%B3n@gmail.com\">sanchezlim\u00f3n@gmail.com<\/a><\/p>\n\n\n\n<p class=\"wp-block-paragraph\"><a href=\"http:\/\/www.entresemana.mx\/\">www.entresemana.mx<\/a><\/p>\n\n\n\n<p class=\"wp-block-paragraph\">@msanchezlimon @msanchezlimon1<\/p>\n","protected":false},"excerpt":{"rendered":"<p>Mois\u00e9s S\u00e1nchez Lim\u00f3n SemM\u00e9xico, 4 de marzo, 2021.- La corrupci\u00f3n es como los embarazos: no se puede estar medio embarazada ni ser medio corrupto. A menos que se quiera incurrir en la c\u00ednica l\u00f3gica de ser poquito corrupto, como se asumi\u00f3 en su momento el ex alcalde Hilario \u201cLay\u00edn\u201d Ram\u00edrez Villanueva, quien declar\u00f3 que al [&hellip;]<\/p>\n","protected":false},"author":3,"featured_media":15805,"comment_status":"open","ping_status":"open","sticky":false,"template":"","format":"standard","meta":{"_monsterinsights_skip_tracking":false,"footnotes":""},"categories":[692,105,83,35],"tags":[],"class_list":["post-32624","post","type-post","status-publish","format-standard","has-post-thumbnail","category-692","category-entresemana","category-moises-sanchez-limon","category-opinion"],"_links":{"self":[{"href":"https:\/\/redsemlac.com\/semmexico\/wp-json\/wp\/v2\/posts\/32624","targetHints":{"allow":["GET"]}}],"collection":[{"href":"https:\/\/redsemlac.com\/semmexico\/wp-json\/wp\/v2\/posts"}],"about":[{"href":"https:\/\/redsemlac.com\/semmexico\/wp-json\/wp\/v2\/types\/post"}],"author":[{"embeddable":true,"href":"https:\/\/redsemlac.com\/semmexico\/wp-json\/wp\/v2\/users\/3"}],"replies":[{"embeddable":true,"href":"https:\/\/redsemlac.com\/semmexico\/wp-json\/wp\/v2\/comments?post=32624"}],"version-history":[{"count":0,"href":"https:\/\/redsemlac.com\/semmexico\/wp-json\/wp\/v2\/posts\/32624\/revisions"}],"wp:featuredmedia":[{"embeddable":true,"href":"https:\/\/redsemlac.com\/semmexico\/wp-json\/wp\/v2\/media\/15805"}],"wp:attachment":[{"href":"https:\/\/redsemlac.com\/semmexico\/wp-json\/wp\/v2\/media?parent=32624"}],"wp:term":[{"taxonomy":"category","embeddable":true,"href":"https:\/\/redsemlac.com\/semmexico\/wp-json\/wp\/v2\/categories?post=32624"},{"taxonomy":"post_tag","embeddable":true,"href":"https:\/\/redsemlac.com\/semmexico\/wp-json\/wp\/v2\/tags?post=32624"}],"curies":[{"name":"wp","href":"https:\/\/api.w.org\/{rel}","templated":true}]}}