{"id":3258,"date":"2019-04-17T06:44:42","date_gmt":"2019-04-17T06:44:42","guid":{"rendered":"https:\/\/redsemlac.com\/semmexico\/?p=3258"},"modified":"2023-07-21T14:48:09","modified_gmt":"2023-07-21T19:48:09","slug":"padre-gana-batalla-al-imss","status":"publish","type":"post","link":"https:\/\/redsemlac.com\/semmexico\/padre-gana-batalla-al-imss\/","title":{"rendered":"Padre gana batalla al IMSS"},"content":{"rendered":"\n<p class=\"wp-block-paragraph\">\u2022 Logra amparo de la Corte para inscribir a su hijo en guarder\u00eda<\/p>\n\n\n\n<figure class=\"wp-block-image\"><img loading=\"lazy\" decoding=\"async\" width=\"960\" height=\"500\" src=\"https:\/\/redsemlac.com\/semmexico\/wp-content\/uploads\/2019\/04\/4917_1.jpg\" alt=\"\" class=\"wp-image-3245\"\/><\/figure>\n\n\n\n<h5 class=\"wp-block-heading\">\u2022 Los roles del cuidado y desarrollo del menor no son tarea exclusiva de las mujeres<\/h5>\n\n\n\n<p class=\"wp-block-paragraph\">Semmexico\/Gire, Cd. de M\u00e9xico, 25 mayo 2018.- El amparo fue solicitado por un hombre a quien el IMSS le neg\u00f3 el servicio de guarder\u00eda porque la ley contempla que ese derecho solo corresponde a mujeres trabajadoras, viudos o divorciados que tengan la custodia de sus hijos. <\/p>\n\n\n\n<p class=\"wp-block-paragraph\"><\/p>\n\n\n\n<p class=\"wp-block-paragraph\">Mediante un amparo otorgado a un trabajador para que inscriba a su hijo en una guarder\u00eda del IMSS, la Suprema Corte de Justicia de la Naci\u00f3n (SCJN) aval\u00f3 el argumento de que actualmente el cuidado y desarrollo del menor no son roles exclusivos para la mujer. <\/p>\n\n\n\n<p class=\"wp-block-paragraph\"><\/p>\n\n\n\n<p class=\"wp-block-paragraph\">La Corte resolvi\u00f3 que negar acceso a estancias infantiles a hijos de hombres derechohabientes del IMSS es discriminatorio, refuerza estereotipos de g\u00e9nero e impide una igual corresponsabilidad en el cuidado de los hijos e hijas. <\/p>\n\n\n\n<p class=\"wp-block-paragraph\"><\/p>\n\n\n\n<p class=\"wp-block-paragraph\">El amparo fue solicitado por un hombre a quien el IMSS le neg\u00f3 el servicio de guarder\u00eda porque la ley contempla que ese derecho s\u00f3lo corresponde a mujeres trabajadoras, viudos o divorciados que tengan la custodia judicial de sus hijos, siempre que no se hayan casado de nuevo o vivan con alguien.<\/p>\n\n\n\n<p class=\"wp-block-paragraph\"><\/p>\n\n\n\n<p class=\"wp-block-paragraph\"> <\/p>\n\n\n\n<p class=\"wp-block-paragraph\"><\/p>\n\n\n\n<p class=\"wp-block-paragraph\">Este es el tercer caso que se resuelve a favor con el acompa\u00f1amiento del Grupo de Informaci\u00f3n en Reproducci\u00f3n Elegida (GIRE). <\/p>\n\n\n\n<p class=\"wp-block-paragraph\"><\/p>\n\n\n\n<p class=\"wp-block-paragraph\">Se necesitan en total cinco resoluciones a favor (faltan dos), para que se considere jurisprudencia y un padre pueda inscribir a un hijo a la guarder\u00eda del IMSS sin necesidad de un juicio de por medio. <\/p>\n\n\n\n<p class=\"wp-block-paragraph\"><\/p>\n\n\n\n<p class=\"wp-block-paragraph\">De acuerdo con la ley, las resoluciones constituir\u00e1n jurisprudencia, siempre que lo resuelto en ellas se sustenten en cinco sentencias ejecutorias ininterrumpidas por otra en contra.  <\/p>\n\n\n\n<p class=\"wp-block-paragraph\"><\/p>\n\n\n\n<p class=\"wp-block-paragraph\">Este 16 de mayo, la 2nda sala de la @SCJN resolvi\u00f3 que negar estancias infantiles de @Tu_IMSS a hombres es discriminatorio, refuerza estereotipos de g\u00e9nero e impide una igual corresponsabilidad en el cuidado de hijos e hijas. Nuestro tercer caso ganado en este tema. <\/p>\n\n\n\n<p class=\"wp-block-paragraph\"><\/p>\n\n\n\n<p class=\"wp-block-paragraph\">La ley del IMSS se\u00f1ala que quienes gozar\u00e1n del servicio de guarder\u00eda ser\u00e1n \u201cla mujer trabajadora, el trabajador viudo o divorciado o de aquel al que judicialmente se le hubiera confiado la custodia de sus hijos\u201d, seg\u00fan los art\u00edculos 201 y 205 de la Ley del Seguro Social. <\/p>\n\n\n\n<p class=\"wp-block-paragraph\"><\/p>\n\n\n\n<p class=\"wp-block-paragraph\">Aunque el servicio de guarder\u00eda fue integrado a la Ley del Seguro Social para que la mujer pudiera acceder con facilidad a la vida econ\u00f3mica y laboral, en la actualidad, los roles del cuidado y desarrollo del menor no son tarea exclusiva de las \u00e9stas, por lo cual la negativa de servicio a los padres, viola el derecho a la seguridad social y los derechos del ni\u00f1o e inter\u00e9s superior de \u00e9ste. <\/p>\n\n\n\n<p class=\"wp-block-paragraph\"><\/p>\n\n\n\n<p class=\"wp-block-paragraph\">El primer amparo que se otorg\u00f3 fue para Antonio Baca, quien fue precedente para que m\u00e1s padres puedan solicitar ese derecho ante el IMSS. <\/p>\n\n\n\n<p class=\"wp-block-paragraph\"><\/p>\n\n\n\n<p class=\"wp-block-paragraph\">SEM\/GIRE <\/p>\n","protected":false},"excerpt":{"rendered":"<p>\u2022 Logra amparo de la Corte para inscribir a su hijo en guarder\u00eda \u2022 Los roles del cuidado y desarrollo del menor no son tarea exclusiva de las mujeres Semmexico\/Gire, Cd. de M\u00e9xico, 25 mayo 2018.- El amparo fue solicitado por un hombre a quien el IMSS le neg\u00f3 el servicio de guarder\u00eda porque la [&hellip;]<\/p>\n","protected":false},"author":3,"featured_media":3245,"comment_status":"open","ping_status":"open","sticky":false,"template":"","format":"standard","meta":{"_monsterinsights_skip_tracking":false,"footnotes":""},"categories":[690,40,67],"tags":[],"class_list":["post-3258","post","type-post","status-publish","format-standard","has-post-thumbnail","category-690","category-especial-padres","category-especial-padres-2"],"_links":{"self":[{"href":"https:\/\/redsemlac.com\/semmexico\/wp-json\/wp\/v2\/posts\/3258","targetHints":{"allow":["GET"]}}],"collection":[{"href":"https:\/\/redsemlac.com\/semmexico\/wp-json\/wp\/v2\/posts"}],"about":[{"href":"https:\/\/redsemlac.com\/semmexico\/wp-json\/wp\/v2\/types\/post"}],"author":[{"embeddable":true,"href":"https:\/\/redsemlac.com\/semmexico\/wp-json\/wp\/v2\/users\/3"}],"replies":[{"embeddable":true,"href":"https:\/\/redsemlac.com\/semmexico\/wp-json\/wp\/v2\/comments?post=3258"}],"version-history":[{"count":0,"href":"https:\/\/redsemlac.com\/semmexico\/wp-json\/wp\/v2\/posts\/3258\/revisions"}],"wp:featuredmedia":[{"embeddable":true,"href":"https:\/\/redsemlac.com\/semmexico\/wp-json\/wp\/v2\/media\/3245"}],"wp:attachment":[{"href":"https:\/\/redsemlac.com\/semmexico\/wp-json\/wp\/v2\/media?parent=3258"}],"wp:term":[{"taxonomy":"category","embeddable":true,"href":"https:\/\/redsemlac.com\/semmexico\/wp-json\/wp\/v2\/categories?post=3258"},{"taxonomy":"post_tag","embeddable":true,"href":"https:\/\/redsemlac.com\/semmexico\/wp-json\/wp\/v2\/tags?post=3258"}],"curies":[{"name":"wp","href":"https:\/\/api.w.org\/{rel}","templated":true}]}}