{"id":32543,"date":"2021-03-02T23:46:43","date_gmt":"2021-03-02T23:46:43","guid":{"rendered":"https:\/\/redsemlac.com\/semmexico\/?p=32543"},"modified":"2023-07-21T16:51:21","modified_gmt":"2023-07-21T21:51:21","slug":"mas-de-11-mil-mujeres-con-sus-hijas-e-hijos-fueron-atendidas-por-violencia-en-los-ultimos-seis-meses-informo-la-red-nacional-de-refugios","status":"publish","type":"post","link":"https:\/\/redsemlac.com\/semmexico\/mas-de-11-mil-mujeres-con-sus-hijas-e-hijos-fueron-atendidas-por-violencia-en-los-ultimos-seis-meses-informo-la-red-nacional-de-refugios\/","title":{"rendered":"M\u00e1s de 11 mil mujeres con sus hijas e hijos fueron atendidas por violencia en los \u00faltimos seis meses, inform\u00f3 la Red Nacional de Refugios"},"content":{"rendered":"\n<ul class=\"wp-block-list\"><li><strong>Muchas fueron in\u00fatilmente a las instituciones&nbsp; de los gobiernos, donde no hubo ni escucha ni ayuda<\/strong><\/li><\/ul>\n\n\n\n<ul class=\"wp-block-list\"><li><strong>&nbsp;4 de cada 100 con intento de feminicidio, el 14 por ciento de los agresores ten\u00edan v\u00ednculos militares o pol\u00edticos<\/strong><strong>&nbsp;<\/strong><\/li><\/ul>\n\n\n\n<p class=\"wp-block-paragraph\"><strong>Elda Montiel<\/strong><\/p>\n\n\n\n<p class=\"wp-block-paragraph\">SemM\u00e9xico. Cd. de M\u00e9xico. 2 de marzo 2021.- La Red Nacional de Refugios, a trav\u00e9s de sus m\u00e1s de 75 espacios de protecci\u00f3n, redes sociales y l\u00edneas telef\u00f3nicas, atendi\u00f3 a 11 mil 132 mujerescon sus hijas e hijos, en donde el 75 por ciento &nbsp;de las v\u00edctimas fueron agredidas por sus parejas o ex parejas, de septiembre del 2020 al 28 de febrero de este a\u00f1o, durante la campa\u00f1a #DistanciaSeguraySinViolencias<\/p>\n\n\n\n<p class=\"wp-block-paragraph\">Como reflejo de la impunidad, el machismo y falta de acceso a la justicia, el 27 por ciento de los agresores de las mujeres que solicitaron apoyo a la RNR ten\u00edan antecedentes penales, 29 por ciento usaban armas de fuego y el 14 por ciento contaba con v\u00ednculos militares o pol\u00edticos. Muchas acudieron a instituciones oficiales, donde hasta el 36 por ciento no recibi\u00f3 ni escucha, ni ayuda&nbsp;&nbsp;<\/p>\n\n\n\n<p class=\"wp-block-paragraph\">En los \u00faltimos dos meses de 2020, cada hora una mujer se comunic\u00f3 a la RNR para pedir apoyo ante una situaci\u00f3n de violencias y riesgo, de las cuales 4 de cada 100 mujeres reportaron intentos de feminicidio.<\/p>\n\n\n\n<p class=\"wp-block-paragraph\">El incremento de las violencias de g\u00e9nero en los hogares tambi\u00e9n es una problem\u00e1tica que afecta a la infancia, en los espacios de protecci\u00f3n de la RNR se detect\u00f3 que las hijas e hijos de mujeres v\u00edctimas de violencias familiares tambi\u00e9n hab\u00edan sufrido diversos tipos de agresiones entre ellas:f\u00edsica con un 27.94 por ciento, psicol\u00f3gica con 28.36 por ciento, patrimonial con 21.24 por ciento, trata&nbsp; con 16.50% y sexual con 5.65 por ciento.<\/p>\n\n\n\n<p class=\"wp-block-paragraph\">A la atenci\u00f3n de la RNR se suma el acompa\u00f1amiento a 530 mujeres, ni\u00f1as y adolescentes v\u00edctimas de violencias a trav\u00e9s de asesor\u00edas gratuitas v\u00eda telef\u00f3nica por el Observatorio Ciudadano Nacional del Feminicidio (OCNF) y cat\u00f3licas por el Derecho a Decidir como resultado de la campa\u00f1a #DistanciaSeguraySinViolencias\u00a1Por una nueva normalidad sin violencias!<\/p>\n\n\n\n<p class=\"wp-block-paragraph\">Las violencias psicol\u00f3gicas, sexuales, f\u00edsicas o econ\u00f3micas fueron perpetradas en primer lugar por la pareja y familiares, tambi\u00e9n por personas desconocidas, personal escolar y servidoras y servidores p\u00fablicos. Tanto en el \u00e1mbito familiar como laboral. &nbsp;&nbsp;<\/p>\n\n\n\n<p class=\"wp-block-paragraph\">Tambi\u00e9n se atendieron diversos casos de desaparici\u00f3n de mujeres, ni\u00f1as y adolescentes, as\u00ed como casos de feminicidio por desconocidos, lo que evidencia que la violencia comunitaria prevalece a pesar de la pandemia por Covid19.<\/p>\n\n\n\n<p class=\"wp-block-paragraph\">Las edades de las mujeres, ni\u00f1as y adolescentes que fueron acompa\u00f1adas oscilaron entre 1 a\u00f1o y los 76 a\u00f1os de edad, lo que da cuenta de que las violencias ocurren en todos los momentos del ciclo de vida de las mujeres. Aun as\u00ed, la mayor parte de la poblaci\u00f3n atendida se encuentra en el rango de los 30 a los 40 a\u00f1os de edad.&nbsp;<\/p>\n\n\n\n<p class=\"wp-block-paragraph\">De las 530 mujeres, ni\u00f1as y adolescentes asesoradas, el 11 por ciento se identifica como perteneciente a un pueblo originario y 7.74% habla alguna lengua ind\u00edgena.<\/p>\n\n\n\n<p class=\"wp-block-paragraph\">Jalisco, Chiapas y Aguascalientes fueron los estados en donde se atendieron a m\u00e1s mujeres.&nbsp;Aunque tambi\u00e9n se reportaron casos en 22 entidades como son s, Baja California, Baja California Sur, Campeche, Chiapas, Ciudad de M\u00e9xico, Colima, Estado de M\u00e9xico, Guanajuato, Guerrero, Hidalgo, Jalisco, Morelos, Oaxaca, Puebla, Quer\u00e9taro, Quintana Roo, Sonora, Tabasco, Tlaxcala, Veracruz y Yucat\u00e1n.<\/p>\n\n\n\n<p class=\"wp-block-paragraph\">De acuerdo a las estad\u00edsticas se atendieron la mayor\u00eda en poblaciones urbanas, unos 3 mil 755 casos, 85 casos eran en zonas semiurbanas y 70 casos en zonas rurales.<\/p>\n\n\n\n<p class=\"wp-block-paragraph\">De las mujeres acompa\u00f1adas 24.29 por ciento se dedican a las actividades del hogar; 22.22 por&nbsp; ciento con actividades profesionales; 19.96 por ciento al comercio; 14.88 por ciento &nbsp;son estudiantes; 0.38 por ciento a &nbsp;la agricultura, entre otras actividades.<\/p>\n\n\n\n<p class=\"wp-block-paragraph\">De acuerdo con los registros de atenci\u00f3n, 211 mujeres refirieron haber acudido a otras instancias o instituciones, donde el 57.79 por ciento de ellas, fueron escuchadas, pero no se dio soluci\u00f3n, en tanto que el 33.67 por ciento no fue escuchada ni atendida, y s\u00f3lo el 8.54 por ciento estim\u00f3 que fue escuchada y la situaci\u00f3n se resolvi\u00f3 satisfactoriamente.<\/p>\n\n\n\n<p class=\"wp-block-paragraph\">Las organizaciones, informaron que la campa\u00f1a fue realizada con el apoyo del Fondo Canad\u00e1 para Iniciativas Locales y la Uni\u00f3n Europea, y reiteraron su compromiso para continuar con su labor en defensa de los derechos humanos y por la erradicaci\u00f3n de la violencia contra las mujeres, ni\u00f1as y adolescentes en M\u00e9xico.<\/p>\n\n\n\n<p class=\"wp-block-paragraph\">Estos hallazgos generan informaci\u00f3n valiosa para que las autoridades impulsen de manera urgente y coordinada, acciones que puedan inhibir la prevalencia de la violencia de g\u00e9nero, promoviendo pol\u00edticas p\u00fablicas intersectoriales con perspectiva de g\u00e9nero, derechos humanos e interculturalidad.<br><\/p>\n","protected":false},"excerpt":{"rendered":"<p>Muchas fueron in\u00fatilmente a las instituciones  de los gobiernos, donde no hubo ni escucha ni ayuda<\/p>\n","protected":false},"author":3,"featured_media":32544,"comment_status":"open","ping_status":"open","sticky":false,"template":"","format":"standard","meta":{"_monsterinsights_skip_tracking":false,"footnotes":""},"categories":[692,54],"tags":[],"class_list":["post-32543","post","type-post","status-publish","format-standard","has-post-thumbnail","category-692","category-mujeres"],"_links":{"self":[{"href":"https:\/\/redsemlac.com\/semmexico\/wp-json\/wp\/v2\/posts\/32543","targetHints":{"allow":["GET"]}}],"collection":[{"href":"https:\/\/redsemlac.com\/semmexico\/wp-json\/wp\/v2\/posts"}],"about":[{"href":"https:\/\/redsemlac.com\/semmexico\/wp-json\/wp\/v2\/types\/post"}],"author":[{"embeddable":true,"href":"https:\/\/redsemlac.com\/semmexico\/wp-json\/wp\/v2\/users\/3"}],"replies":[{"embeddable":true,"href":"https:\/\/redsemlac.com\/semmexico\/wp-json\/wp\/v2\/comments?post=32543"}],"version-history":[{"count":0,"href":"https:\/\/redsemlac.com\/semmexico\/wp-json\/wp\/v2\/posts\/32543\/revisions"}],"wp:featuredmedia":[{"embeddable":true,"href":"https:\/\/redsemlac.com\/semmexico\/wp-json\/wp\/v2\/media\/32544"}],"wp:attachment":[{"href":"https:\/\/redsemlac.com\/semmexico\/wp-json\/wp\/v2\/media?parent=32543"}],"wp:term":[{"taxonomy":"category","embeddable":true,"href":"https:\/\/redsemlac.com\/semmexico\/wp-json\/wp\/v2\/categories?post=32543"},{"taxonomy":"post_tag","embeddable":true,"href":"https:\/\/redsemlac.com\/semmexico\/wp-json\/wp\/v2\/tags?post=32543"}],"curies":[{"name":"wp","href":"https:\/\/api.w.org\/{rel}","templated":true}]}}