{"id":32411,"date":"2021-03-01T16:40:37","date_gmt":"2021-03-01T16:40:37","guid":{"rendered":"https:\/\/redsemlac.com\/semmexico\/?p=32411"},"modified":"2023-07-21T16:51:24","modified_gmt":"2023-07-21T21:51:24","slug":"hablemos-de-denuncias-y-del-buey-de-felix-salgado-macedonio","status":"publish","type":"post","link":"https:\/\/redsemlac.com\/semmexico\/hablemos-de-denuncias-y-del-buey-de-felix-salgado-macedonio\/","title":{"rendered":"Hablemos de denuncias y del buey de F\u00e9lix Salgado Macedonio"},"content":{"rendered":"\n<h2 class=\"wp-block-heading\"><strong>Desobediencia<\/strong><\/h2>\n\n\n\n<p class=\"wp-block-paragraph\"><strong>Olimpia Flores Ortiz<\/strong><\/p>\n\n\n\n<p class=\"wp-block-paragraph\">SemM\u00e9xico, Oaxaca, Oax., 1\u00ba. de marzo, 2021.- El respetable se pregunta \u00bfPor qu\u00e9 las mujeres no denuncian violaci\u00f3n? O \u00bfPor qu\u00e9 se tardan tanto? O \u00bfPor qu\u00e9 las mujeres no denuncian violencia? O \u00bfPor qu\u00e9 las mujeres que denuncian se desisten y no sostienen la acusaci\u00f3n? <\/p>\n\n\n\n<p class=\"wp-block-paragraph\">La respuesta a estas preguntas, no las encontramos en el plano de la voluntad. Se requiere de un proceso profundo que les permita con todo su ser establecer su l\u00edmite, porque han sido agraviadas en la integridad de su ser.<\/p>\n\n\n\n<p class=\"wp-block-paragraph\">El discurso de la violencia lo llevamos esculpido en el cuerpo y sellado en la psique: es la violencia del sometimiento y la minusval\u00eda. Es el gran mandato divino del mito de la pasividad de las mujeres y su silencio, el legado de Mar\u00eda: las mujeres decimos que s\u00ed y aguantamos; aguantar es la consigna, porque eso es lo que se espera de nosotras, seres instrumentales y sin autonom\u00eda.<\/p>\n\n\n\n<p class=\"wp-block-paragraph\">Somos responsables del cuidado de los otros, de la funcionalidad del hogar, de la estabilidad familiar. La sociedad se sostiene sobre el estoicismo de las mujeres, porque despu\u00e9s de todo, \u201clos hombres son as\u00ed.\u201d<\/p>\n\n\n\n<p class=\"wp-block-paragraph\">El resquebrajamiento del orden familiar incide en nuestra subjetividad condicionada al sometimiento y al deber y va m\u00e1s all\u00e1 de la voluntad. &nbsp;Nuestro valor est\u00e1 no en denunciar que somos v\u00edctimas, sino en soportarlo. Ninguna queremos decir que hemos fracasado en el mandato; ninguna queremos aparecer a los ojos del mundo como v\u00edctimas. Ninguna queremos la mirada de la conmiseraci\u00f3n. &nbsp;Menos en una sociedad que deposita toda la virtud en la vulva de las mujeres. El tesoro ultrajado es patrimonio social. Nosotras hemos fracasado, nosotras somos culpables. Pero tambi\u00e9n cobramos; la deuda se traslada a los hijos o al fulano mismo en sutiles formas de violencia y de chantaje que nos permite vivir en el c\u00edrculo vicioso de las v\u00edctimas y victimarios, en el que ninguna de las partes es totalmente inocente, ni tampoco totalmente culpable.<\/p>\n\n\n\n<p class=\"wp-block-paragraph\">Preferimos atenernos a la duda hist\u00e9rica que nos haga prevalecer en el papel social asignado: ahora s\u00ed caer\u00e1 en la cuenta de su mal proceder; ahora s\u00ed me va a valorar, ahora s\u00ed va a cambiar.&nbsp; En realidad, estoy dudando de m\u00ed, es mi neurosis la que me ancla: quiero ser objeto de amor, de deseo y de aprobaci\u00f3n.<\/p>\n\n\n\n<p class=\"wp-block-paragraph\">Podemos incluso erotizar masoquistamente el lugar del dolor para dotar la vida de sentido: si me pega es porque le importo; es porque en el fondo me ama.&nbsp; Por encima de mi dignidad y de mi integridad, le quiero creer al otro; y adem\u00e1s no veo rutas de salida, me siento impotente: no puedo sola, a d\u00f3nde voy. \u00bfPor qu\u00e9 no hay horizonte? Estoy atrapada. Y por eso la emprendemos de diversas formas contra nosotras mismas por medio por ejemplo de alguna adicci\u00f3n; o contra las hijas e hijos, con represalias y chantajes, despu\u00e9s de todo es por ellos que somos capaces de soportarlo todo.&nbsp;<\/p>\n\n\n\n<p class=\"wp-block-paragraph\">El patr\u00f3n es repetible al infinito, es el patr\u00f3n del c\u00edrculo de la violencia.<\/p>\n\n\n\n<p class=\"wp-block-paragraph\">Hasta que puedas, que un d\u00eda llorando te pida perd\u00f3n (sinceramente) y te prometa cambiar y que t\u00fa le respondas: s\u00ed, pero a m\u00ed ya no me interesa.<\/p>\n\n\n\n<p class=\"wp-block-paragraph\">Aunque por supuesto, caso por caso y su respectiva singularidad.<\/p>\n\n\n\n<p class=\"wp-block-paragraph\">Por su lado, una violaci\u00f3n es una devastaci\u00f3n total, una desestructuraci\u00f3n que me descoloca subjetivamente mi estar conmigo y con otros, mi ser social. Nos perdemos de nosotras mismas y volver requiere tiempo, es un proceso de reintegraci\u00f3n propia, que entre tanto comprende la decisi\u00f3n de denunciar, pero puede no ser inmediato a los hechos; puede tardar, sobre todo cuando adem\u00e1s la decisi\u00f3n implica confrontar al culpable en condiciones asim\u00e9tricas porque -como en el caso de<strong> F\u00e9lix Salgado Macedonio<\/strong>&#8211; es un hombre sin escr\u00fapulos, con poder y con dinero.<\/p>\n\n\n\n<p class=\"wp-block-paragraph\"><strong>\u00a1QUE QUEDE CLARO EL ARDID DE MORENA!<\/strong><\/p>\n\n\n\n<p class=\"wp-block-paragraph\">Morena, -o mejor dicho L\u00f3pez Obrador, el miserable con astucia-, por medio del ardid que instrument\u00f3 esta semana, pretende desmovilizar al movimiento feminista hacia el 8 de marzo, la \u00fanica oposici\u00f3n que lo desquicia y lo deja sin palabras. No puede, confrontarnos, el feminismo lo supera, no le cabemos en sus trilladas categor\u00edas: corruptos\/conservadores.&nbsp; Pong\u00e1moslo en jaque el D\u00eda Internacional de las Mujeres. \u00a1Arremetamos!<\/p>\n\n\n\n<p class=\"wp-block-paragraph\">Ha sido un ardid el anuncio de la Comisi\u00f3n Nacional de Honor y Justicia de Morena de que se repondr\u00e1 el procedimiento para revalorar el perfil de Salgado Macedonio declarando a la vez que considera infundados los agravios interpuestos haci\u00e9ndonos saber que su candidatura est\u00e1 vigente y sus derechos pol\u00edticos est\u00e1n a salvo. Mayor burla\u2026<\/p>\n\n\n\n<p class=\"wp-block-paragraph\">Sustentar la mala fama p\u00fablica, para argumentar la descalificaci\u00f3n del sujeto, es muy ambiguo. \u00bfC\u00f3mo se cuantifican los m\u00e9ritos? No por periodicazos que es lo que las declaraciones de Morena minimizan.<\/p>\n\n\n\n<p class=\"wp-block-paragraph\">Pero notemos por favor que estamos poniendo en conflicto dos derechos: el de la justicia para v\u00edctimas de violaci\u00f3n y el de la presunci\u00f3n de inocencia.&nbsp; Estamos bordando en una frontera borrosa. Esto es un debate, en un pa\u00eds de impunidad generalizada y en el que las mujeres no tienen acceso a la justicia, porque \u00e9sta es hostil, lenta y tortuosa y sus denuncias prescriben, porque todo obra en su contra; pero un pa\u00eds en el que cualquiera en cualquier momento puede tener la necesidad de reclamar para s\u00ed la presunci\u00f3n de inocencia.<\/p>\n\n\n\n<p class=\"wp-block-paragraph\">La candidatura de F\u00e9lix Salgado Macedonio es una afrenta a las mujeres, pero L\u00f3pez Obrador es un personaje atrabiliario y mis\u00f3gino al que no le importan en lo absoluto la justicia y menos ser pol\u00edticamente correcto. De otro modo este violador nunca hubiera sido su prospecto a la gubernatura de Guerrero.<\/p>\n\n\n\n<p class=\"wp-block-paragraph\">Promete F\u00e9lix dirigi\u00e9ndose a sus seguidores: \u201chay toro\u201d.&nbsp; Lleg\u00f3 el momento de demostrarle que es un buey.<a href=\"#_ftn1\">[1]<\/a><\/p>\n\n\n\n<p class=\"wp-block-paragraph\"><a href=\"https:\/\/www.facebook.com\/OlimpiaFloresMirabilia\">https:\/\/www.facebook.com\/OlimpiaFloresMirabilia<\/a><\/p>\n\n\n\n<p class=\"wp-block-paragraph\">Twitter: @euphrasina (gusto por la elocuencia)<\/p>\n\n\n\n<hr class=\"wp-block-separator\"\/>\n\n\n\n<p class=\"wp-block-paragraph\"><a href=\"#_ftnref1\">[1]<\/a> Buey es la versi\u00f3n castrada del toro. Es linda la muletilla nacional<\/p>\n","protected":false},"excerpt":{"rendered":"<p>El respetable se pregunta \u00bfPor qu\u00e9 las mujeres no denuncian violaci\u00f3n? O \u00bfPor qu\u00e9 se tardan tanto? O \u00bfPor qu\u00e9 las mujeres no denuncian violencia? O \u00bfPor qu\u00e9 las mujeres que denuncian se desisten y no sostienen la acusaci\u00f3n?<\/p>\n","protected":false},"author":3,"featured_media":18201,"comment_status":"open","ping_status":"open","sticky":false,"template":"","format":"standard","meta":{"_monsterinsights_skip_tracking":false,"footnotes":""},"categories":[692,133,134,35],"tags":[],"class_list":["post-32411","post","type-post","status-publish","format-standard","has-post-thumbnail","category-692","category-desobediencia","category-olimpia-flores-ortiz","category-opinion"],"_links":{"self":[{"href":"https:\/\/redsemlac.com\/semmexico\/wp-json\/wp\/v2\/posts\/32411","targetHints":{"allow":["GET"]}}],"collection":[{"href":"https:\/\/redsemlac.com\/semmexico\/wp-json\/wp\/v2\/posts"}],"about":[{"href":"https:\/\/redsemlac.com\/semmexico\/wp-json\/wp\/v2\/types\/post"}],"author":[{"embeddable":true,"href":"https:\/\/redsemlac.com\/semmexico\/wp-json\/wp\/v2\/users\/3"}],"replies":[{"embeddable":true,"href":"https:\/\/redsemlac.com\/semmexico\/wp-json\/wp\/v2\/comments?post=32411"}],"version-history":[{"count":0,"href":"https:\/\/redsemlac.com\/semmexico\/wp-json\/wp\/v2\/posts\/32411\/revisions"}],"wp:featuredmedia":[{"embeddable":true,"href":"https:\/\/redsemlac.com\/semmexico\/wp-json\/wp\/v2\/media\/18201"}],"wp:attachment":[{"href":"https:\/\/redsemlac.com\/semmexico\/wp-json\/wp\/v2\/media?parent=32411"}],"wp:term":[{"taxonomy":"category","embeddable":true,"href":"https:\/\/redsemlac.com\/semmexico\/wp-json\/wp\/v2\/categories?post=32411"},{"taxonomy":"post_tag","embeddable":true,"href":"https:\/\/redsemlac.com\/semmexico\/wp-json\/wp\/v2\/tags?post=32411"}],"curies":[{"name":"wp","href":"https:\/\/api.w.org\/{rel}","templated":true}]}}