{"id":32409,"date":"2021-03-01T16:38:10","date_gmt":"2021-03-01T16:38:10","guid":{"rendered":"https:\/\/redsemlac.com\/semmexico\/?p=32409"},"modified":"2023-07-21T16:51:24","modified_gmt":"2023-07-21T21:51:24","slug":"producto-mexicano-de-exportacion","status":"publish","type":"post","link":"https:\/\/redsemlac.com\/semmexico\/producto-mexicano-de-exportacion\/","title":{"rendered":"Producto mexicano de exportaci\u00f3n"},"content":{"rendered":"\n<h2 class=\"wp-block-heading\">Botella al Mar<\/h2>\n\n\n\n<p class=\"wp-block-paragraph\"><strong>Martha Canseco Gonz\u00e1lez<\/strong><\/p>\n\n\n\n<p class=\"wp-block-paragraph\">SemM\u00e9xico, Pachuca, Hidalgo,&nbsp; 1\u00ba. de marzo, 2021.-Bueno, es que Andr\u00e9s Manuel L\u00f3pez Obrador queriendo explicar lo inexplicable le da motivo a esta columna, quiero pasar a otros temas, pero, es el presidente el que est\u00e1 diciendo barbaridad y media, no puedo dejarlo pasar.<\/p>\n\n\n\n<p class=\"wp-block-paragraph\">Empiezo con una an\u00e9cdota. En el 2006, por primera ocasi\u00f3n tom\u00e9 el diplomado de g\u00e9nero y periodismo en el Instituto Internacional de Periodismo \u201cJos\u00e9 Mart\u00ed\u201d en La Habana, Cuba. Ah\u00ed conoc\u00ed a la Doctora Isabel Moya Richard, titular de la c\u00e1tedra \u201cMirta Aguirre\u201d sobre g\u00e9nero en la Universidad de la Habana, Coordinadora General del Diplomado y una de las feministas m\u00e1s reconocidas de la isla.<\/p>\n\n\n\n<p class=\"wp-block-paragraph\">Ella le tuvo que entrar a los estudios de g\u00e9nero, cuando la fundadora de la Federaci\u00f3n de Mujeres Cubanas, (la mayor ONG del mundo), Vilma Esp\u00edn, la design\u00f3 c\u00f3mo la representante de Cuba ante la Cumbre de Beijing.<\/p>\n\n\n\n<p class=\"wp-block-paragraph\">Esa peque\u00f1a mujer que se mov\u00eda en ese momento con ayuda de bastones, ten\u00eda una discapacidad de nacimiento, frente a su familia y luego de haber entablado una estrecha amistad que se dio con s\u00f3lo cruzar nuestras miradas me dijo; \u201c\u00a1me dan tanta envidia las mexicanas!\u201d.<\/p>\n\n\n\n<p class=\"wp-block-paragraph\">\u00bfPor qu\u00e9? Le pregunt\u00e9: porque ustedes tienen tantas te\u00f3ricas del feminismo que \u00a1ya las quisi\u00e9ramos tener en Cuba! Fue en ese momento qu\u00e9 tom\u00e9 conciencia de lo que el feminismo mexicano ha aportado al mundo.<\/p>\n\n\n\n<p class=\"wp-block-paragraph\">Las feministas mexicanas han entendido muy bien lo que nuestras feministas ancestrales quisieron decir en su \u00e9poca con otras palabras, para hacerlas m\u00e1s efectivas, m\u00e1s profundas, m\u00e1s actuales. \u00bfQui\u00e9n le va a poner el cascabel al gato, y har\u00e1 ahora una historia, del feminismo en M\u00e9xico?<\/p>\n\n\n\n<p class=\"wp-block-paragraph\">Es que no se trata de la diatriba masculina de qu\u00e9 las mujeres somos las peores enemigas de las mujeres, es que el patriarcado nos ha negado durante siglos el reconocimiento de lo que hemos aportado a la humanidad, que no estamos tranquilas. \u00a1S\u00ed, somos seres sedientos de reconocimiento!, \u00a1Porque nunca lo hemos recibido! y esa es una m\u00e1s de las crueldades del sistema.<\/p>\n\n\n\n<p class=\"wp-block-paragraph\">Por eso, escuchar en voz del presidente mexicano decir que el concepto de \u201c\u00a1rompe el pacto!\u201d es importado, me da rabia, no s\u00f3lo por su ignorancia, sino tambi\u00e9n por su liviandad.<\/p>\n\n\n\n<p class=\"wp-block-paragraph\">\u00a1Por favor, por favor, AMLO, lee, prep\u00e1rate, ent\u00e9rate de lo que el feminismo mexicano ha aportado a la humanidad! \u00bfqu\u00e9 te parecen los conceptos de sororidad y feminicidio, s\u00f3lo para empezar? Es decir, exportamos t\u00e9rminos y teor\u00edas<\/p>\n\n\n\n<p class=\"wp-block-paragraph\">No, no se trata s\u00f3lo de respetar a las mujeres, en lo que t\u00fa pobre concepto de derechos humanos para las mujeres se refiere. \u00a1Lo que necesitamos no es qu\u00e9 los agresores machistas nos respeten, lo que necesitamos es que dejen de violarnos, matarnos y hacernos cachitos! \u00bfpor qu\u00e9 eres tan b\u00e1sico?<\/p>\n\n\n\n<p class=\"wp-block-paragraph\">Yo, no quiero dejar el destino de las mujeres de M\u00e9xico en una sola mujer, no es su responsabilidad, pero por favor Beatriz, expl\u00edcale, ya le explicaste lo del pacto patriarcal y a \u00bfqu\u00e9 se refiere?, ahora dile todo lo dem\u00e1s, \u00a1por favor! Es que es incre\u00edble que un hombre que se dice luchador social, no se haya interesado jam\u00e1s por la lucha feminista, claro el machismo va de por medio.<\/p>\n\n\n\n<p class=\"wp-block-paragraph\">MORENA anunci\u00f3 que baj\u00f3 la candidatura de F\u00e9lix Salgado Macedonio al gobierno de Guerrero, eso no le impide postularse nuevamente tanto en ese partido como en otro, hay que seguir muy de cerca los acontecimientos.<\/p>\n\n\n\n<p class=\"wp-block-paragraph\">El pr\u00f3ximo 4 de marzo har\u00e1 tres a\u00f1os que Isabel Moya Richard, ya no est\u00e1 con nosotras, mi obligaci\u00f3n como feminista es traerla a la memoria, \u00a1Isa te extra\u00f1o!<\/p>\n\n\n\n<p class=\"wp-block-paragraph\">botellalmar2017@gmail.com<\/p>\n","protected":false},"excerpt":{"rendered":"<p>Bueno, es que Andr\u00e9s Manuel L\u00f3pez Obrador queriendo explicar lo inexplicable le da motivo a esta columna<\/p>\n","protected":false},"author":3,"featured_media":9095,"comment_status":"open","ping_status":"open","sticky":false,"template":"","format":"standard","meta":{"_monsterinsights_skip_tracking":false,"footnotes":""},"categories":[692,98,84,35],"tags":[],"class_list":["post-32409","post","type-post","status-publish","format-standard","has-post-thumbnail","category-692","category-botella-al-mar","category-martha-canseco","category-opinion"],"_links":{"self":[{"href":"https:\/\/redsemlac.com\/semmexico\/wp-json\/wp\/v2\/posts\/32409","targetHints":{"allow":["GET"]}}],"collection":[{"href":"https:\/\/redsemlac.com\/semmexico\/wp-json\/wp\/v2\/posts"}],"about":[{"href":"https:\/\/redsemlac.com\/semmexico\/wp-json\/wp\/v2\/types\/post"}],"author":[{"embeddable":true,"href":"https:\/\/redsemlac.com\/semmexico\/wp-json\/wp\/v2\/users\/3"}],"replies":[{"embeddable":true,"href":"https:\/\/redsemlac.com\/semmexico\/wp-json\/wp\/v2\/comments?post=32409"}],"version-history":[{"count":0,"href":"https:\/\/redsemlac.com\/semmexico\/wp-json\/wp\/v2\/posts\/32409\/revisions"}],"wp:featuredmedia":[{"embeddable":true,"href":"https:\/\/redsemlac.com\/semmexico\/wp-json\/wp\/v2\/media\/9095"}],"wp:attachment":[{"href":"https:\/\/redsemlac.com\/semmexico\/wp-json\/wp\/v2\/media?parent=32409"}],"wp:term":[{"taxonomy":"category","embeddable":true,"href":"https:\/\/redsemlac.com\/semmexico\/wp-json\/wp\/v2\/categories?post=32409"},{"taxonomy":"post_tag","embeddable":true,"href":"https:\/\/redsemlac.com\/semmexico\/wp-json\/wp\/v2\/tags?post=32409"}],"curies":[{"name":"wp","href":"https:\/\/api.w.org\/{rel}","templated":true}]}}