{"id":32403,"date":"2021-02-28T19:39:26","date_gmt":"2021-02-28T19:39:26","guid":{"rendered":"https:\/\/redsemlac.com\/semmexico\/?p=32403"},"modified":"2023-07-21T16:51:24","modified_gmt":"2023-07-21T21:51:24","slug":"andanzas-de-una-policia-asignada-a-los-delitos-de-violencia-feminicida-si-actuas-puedes-evitar-un-asesinato","status":"publish","type":"post","link":"https:\/\/redsemlac.com\/semmexico\/andanzas-de-una-policia-asignada-a-los-delitos-de-violencia-feminicida-si-actuas-puedes-evitar-un-asesinato\/","title":{"rendered":"Andanzas de una polic\u00eda asignada a los delitos de violencia feminicida: si act\u00faas puedes evitar un asesinato"},"content":{"rendered":"\n<h1 class=\"wp-block-heading\">Especial<\/h1>\n\n\n\n<ul class=\"wp-block-list\"><li><strong>Margarita se queja: en Oaxaca no hay&nbsp; protocolo municipal para atender la violencia contra las mujeres<\/strong><\/li><li><strong>Narra asorada: el incremento de las llamadas de auxilio fue de&nbsp; 80 por ciento el \u00faltimo a\u00f1o de Covid<\/strong><\/li><\/ul>\n\n\n\n<p class=\"wp-block-paragraph\"><strong>Patricia Brise\u00f1o\/ corresponsal<\/strong><\/p>\n\n\n\n<p class=\"wp-block-paragraph\">SemM\u00e9xico, Oaxaca, Oax., 28 de febrero, 2020.- \u201cMe acuerdo que la golpearon, y quemaron con cigarrillos. El grito de auxilio alert\u00f3 a los vecinos, toda vez, que en esta ocasi\u00f3n la mujer suplic\u00f3 ayuda desde el interior de su vivienda, en la colonia El Para\u00edso, por lo que alguien urgi\u00f3 la intervenci\u00f3n de la Polic\u00eda Municipal de Santa Cruz Xoxocotl\u00e1n\u201d, coment\u00f3 Margarita Ju\u00e1rez, oficial preventiva de esta corporaci\u00f3n de la zona metropolitana de Oaxaca.<\/p>\n\n\n\n<p class=\"wp-block-paragraph\">&nbsp;\u201cFue muy impresionante encontrarla, inerme, con los signos vitales d\u00e9biles. En ese momento actuamos r\u00e1pido. Al ser el primer respondiente, entonces, requerimos a los param\u00e9dicos, una ambulancia y revisamos el \u00e1rea; intervenimos en la crisis, fungimos como una especie de contenci\u00f3n, pues somos el primer contacto con la v\u00edctima\u201d, record\u00f3.<\/p>\n\n\n\n<figure class=\"wp-block-image size-large\"><a href=\"https:\/\/redsemlac.com\/semmexico\/wp-content\/uploads\/2021\/02\/WhatsApp-Image-2021-02-28-at-12.56.08-PM.jpeg\"><img decoding=\"async\" src=\"https:\/\/redsemlac.com\/semmexico\/wp-content\/uploads\/2021\/02\/WhatsApp-Image-2021-02-28-at-12.56.08-PM-768x1024.jpeg\" alt=\"\" class=\"wp-image-32404\"\/><\/a><\/figure>\n\n\n\n<p class=\"wp-block-paragraph\">Con ocho a\u00f1os de experiencia, Margarita (nombre ficticio para salvaguardar su integridad) no s\u00f3lo es una apasionada de su trabajo, sino tambi\u00e9n una de las integrantes de la Unidad Especializada para Atender Violencia de G\u00e9nero de la corporaci\u00f3n, reconocida por participar en los talleres para atender este flagelo que atenta contra las mujeres de este municipio de desigualdades econ\u00f3micas.<\/p>\n\n\n\n<p class=\"wp-block-paragraph\">\u201cLamentablemente, durante el \u00faltimo a\u00f1o probablemente por la pandemia del Covid-19, hay un notable aumento en el n\u00famero de casos de violencia contra la mujer, que se han denunciado a trav\u00e9s de las diversas l\u00edneas telef\u00f3nicas de auxilio a la poblaci\u00f3n civil\u201d, expuso la oficial, una de las nueve polic\u00edas adscritas a la Unidad contra la violencia de g\u00e9nero.<\/p>\n\n\n\n<p class=\"wp-block-paragraph\">\u201cMe preocupan los casos de violencia en donde los mismos familiares acosan a las v\u00edctimas y no se hacen las denuncias\u201d, dijo.<\/p>\n\n\n\n<p class=\"wp-block-paragraph\">No obstante, tambi\u00e9n reconoci\u00f3, carecen de un protocolo municipal para atender la violencia contra las mujeres, y por a\u00f1os tomaron como base el federal, que cumple con los requisitos necesarios para el actuar policial, pero no empata con la realidad de las comunidades oaxaque\u00f1as.<\/p>\n\n\n\n<p class=\"wp-block-paragraph\">Dado el incremento de la violencia, que en este municipio ha incremento en un 80 por ciento las llamadas y mensajes para solicitar ayuda por violencia por raz\u00f3n de g\u00e9nero que pudieron haber terminado en feminicidio, elementos policiacos, aceptaron ser capacitados en materia de violencia de g\u00e9nero, durante un periodo de seis meses.<\/p>\n\n\n\n<p class=\"wp-block-paragraph\">Seg\u00fan Margarita, en \u00e9poca de pandemia, las medidas cautelares ordenadas por un juez a la corporaci\u00f3n municipal, para resguardar a las v\u00edctimas de violencia de g\u00e9nero, pas\u00f3 de 30 a 80, por mes. Las y los oficiales adem\u00e1s del trabajo del preventivo, y operativos extraordinarios, deben de estar pendientes de las beneficiaras.<\/p>\n\n\n\n<p class=\"wp-block-paragraph\">\u201cCr\u00e9eme, yo proporciono mi n\u00famero personal para que me puedan contactar, esto para brindar seguridad, confianza y rapidez a la llamada de auxilio, a cualquier hora del d\u00eda\u201d, dijo.<\/p>\n\n\n\n<h3 class=\"wp-block-heading\"><strong>CAPACITACI\u00d3N A \u201cLOS PRIMEROS EN LLEGAR<\/strong>\u201d<\/h3>\n\n\n\n<p class=\"wp-block-paragraph\">Eduardo Liendro Zingoni, coordinador del colectivo Diversidades y No Discriminaci\u00f3n, asociaci\u00f3n civil promotora de la equidad de g\u00e9nero, el reconocimiento y el respeto de la diversidad cultural, \u00e9tnica, nacional, sexual y de edad, ofrece capacitaci\u00f3n a los elementos polic\u00edacos, y partir de sus inquietudes y experiencia del d\u00eda a d\u00eda, crear un diagn\u00f3stico y protocolo para los efectivos municipales.<\/p>\n\n\n\n<p class=\"wp-block-paragraph\">\u201cDesde el a\u00f1o 2007, como parte de la sociedad civil organizada tenemos como \u00e1rea prioritaria de acci\u00f3n a las regiones y pueblos del sureste de M\u00e9xico que por su gran diversidad, riqueza cultural y desigualdad econ\u00f3mica representan importantes desaf\u00edos en materia de equidad y no-discriminaci\u00f3n\u201d.<\/p>\n\n\n\n<p class=\"wp-block-paragraph\">El tambi\u00e9n experto en nuevas masculinidades explic\u00f3 que para crear formas de convivencias justas, equitativas e igualitarias; \u201cconsideramos fundamental erradicar todas las formas violencia, como la de g\u00e9nero\u201d.<\/p>\n\n\n\n<p class=\"wp-block-paragraph\">\u201cDespu\u00e9s de varios a\u00f1os de trabajo, considero, la violencia contra las mujeres sucede de forma continua en tiempos de \u2018paz\u2019 y en tiempos de guerra o conflicto, y en tiempos de pandemia, como el covid-19\u201d.<\/p>\n\n\n\n<p class=\"wp-block-paragraph\">En entrevista, detall\u00f3 que nos interesamos por trabajar con los polic\u00edas por la importancia de ser los \u2018primeros intervinientes\u2019, es decir son los primeros en intervenir en caso de violencia contra las mujeres.<\/p>\n\n\n\n<p class=\"wp-block-paragraph\">El municipio de Santa Cruz Xoxocotl\u00e1n, perif\u00e9rico a la capital del estado, abri\u00f3 sus puertas para que su polic\u00eda recibiera la capacitaci\u00f3n y tengan herramientas para una mejor atenci\u00f3n en casos de violencia, por raz\u00f3n de g\u00e9nero.<\/p>\n\n\n\n<p class=\"wp-block-paragraph\">Por ser uno de los municipios conurbados a la ciudad de Oaxaca &#8211;m\u00e1s de 90 mil habitantes con 240 polic\u00edas, esto es, un polic\u00eda para 388 personas&#8211;el actuar de la Polic\u00eda ante la violencia de g\u00e9nero nos parece de primera importancia. Con el apoyo del Fondo Canad\u00e1 para Iniciativas Locales, como organizaci\u00f3n no gubernamental, conseguimos recursos para cumplir esta meta.<\/p>\n\n\n\n<h3 class=\"wp-block-heading\"><strong>EL SINUOSO CAMINO DE CAMBIO DE \u201cCHIP\u201d<\/strong><\/h3>\n\n\n\n<p class=\"wp-block-paragraph\">A su vez, Claudia Ram\u00edrez Iz\u00facar, investigadora en Pol\u00edticas P\u00fablicas con Perspectiva de G\u00e9nero e integrante del mismo colectivo a\u00f1adi\u00f3 que las y los polic\u00edas coincidieron que no es suficiente pintar dos o tres patrullas de rosa y designar personal que se dediquen exclusivamente a atender las denuncias y casos de violencia de g\u00e9nero, sino que \u201ctoda la corporaci\u00f3n (incluyendo mandos medios y cabildo) deber\u00edan de estar capacitados y sensibilizados a la atenci\u00f3n de estos delitos\u201d.<\/p>\n\n\n\n<p class=\"wp-block-paragraph\">Resalt\u00f3 que a pesar de sus m\u00faltiples tareas en las calles donde se dedican a prevenir el delito y garantizar la seguridad a su comunidad, el cuerpo polic\u00edaco (186 hombres y 54 mujeres) estuvieron de acuerdo en capacitarse en temas importantes en la actuaci\u00f3n policial, por ejemplo, intervenci\u00f3n en crisis, perspectiva de g\u00e9nero, mediaci\u00f3n y negociaci\u00f3n.<\/p>\n\n\n\n<p class=\"wp-block-paragraph\">Durante las sesiones presenciales de trabajo, las y los polic\u00edas reconocieron yerros y aportaron su experiencia para elaborar el protocolo propio de la actuaci\u00f3n de la polic\u00eda municipal en atenci\u00f3n y protecci\u00f3n de las mujeres v\u00edctimas de violencia de g\u00e9nero, as\u00ed como la prevenci\u00f3n de violencia feminicida.<\/p>\n\n\n\n<p class=\"wp-block-paragraph\">Incluso, el cuerpo policiaco solicit\u00f3 un directorio para apoyarse de otras instancias locales y federales, como refugios, encargadas del seguimiento de violencia de g\u00e9nero, \u201clo que incorpora la empat\u00eda de las polic\u00edas para quien lo padece\u201d.<\/p>\n\n\n\n<p class=\"wp-block-paragraph\">Tras seis meses de capacitaci\u00f3n pr\u00e1ctica, la oficial Margarita dijo que ella est\u00e1 satisfecha por empezar a cambiar \u2018el chip\u2019, es decir, \u201crespetar a la v\u00edctima y evitar juicios de valor sobre la mujer, incluso cuando defiende a su agresor, a partir de un protocolo apegado a los derechos humanos y acorde a la realidad de Oaxaca\u201d.<\/p>\n\n\n\n<p class=\"wp-block-paragraph\"><strong>DATO:<\/strong><\/p>\n\n\n\n<p class=\"wp-block-paragraph\">El gobierno de Canad\u00e1 es de los pocos en el mundo que ofrecen apoyo a las ciudadanas canadienses v\u00edctimas de violencia en el extranjero.<\/p>\n","protected":false},"excerpt":{"rendered":"<p>Margarita se queja: en Oaxaca no hay  protocolo municipal para atender la violencia contra las mujeres<\/p>\n","protected":false},"author":3,"featured_media":32405,"comment_status":"open","ping_status":"open","sticky":false,"template":"","format":"standard","meta":{"_monsterinsights_skip_tracking":false,"footnotes":""},"categories":[692,54],"tags":[],"class_list":["post-32403","post","type-post","status-publish","format-standard","has-post-thumbnail","category-692","category-mujeres"],"_links":{"self":[{"href":"https:\/\/redsemlac.com\/semmexico\/wp-json\/wp\/v2\/posts\/32403","targetHints":{"allow":["GET"]}}],"collection":[{"href":"https:\/\/redsemlac.com\/semmexico\/wp-json\/wp\/v2\/posts"}],"about":[{"href":"https:\/\/redsemlac.com\/semmexico\/wp-json\/wp\/v2\/types\/post"}],"author":[{"embeddable":true,"href":"https:\/\/redsemlac.com\/semmexico\/wp-json\/wp\/v2\/users\/3"}],"replies":[{"embeddable":true,"href":"https:\/\/redsemlac.com\/semmexico\/wp-json\/wp\/v2\/comments?post=32403"}],"version-history":[{"count":0,"href":"https:\/\/redsemlac.com\/semmexico\/wp-json\/wp\/v2\/posts\/32403\/revisions"}],"wp:featuredmedia":[{"embeddable":true,"href":"https:\/\/redsemlac.com\/semmexico\/wp-json\/wp\/v2\/media\/32405"}],"wp:attachment":[{"href":"https:\/\/redsemlac.com\/semmexico\/wp-json\/wp\/v2\/media?parent=32403"}],"wp:term":[{"taxonomy":"category","embeddable":true,"href":"https:\/\/redsemlac.com\/semmexico\/wp-json\/wp\/v2\/categories?post=32403"},{"taxonomy":"post_tag","embeddable":true,"href":"https:\/\/redsemlac.com\/semmexico\/wp-json\/wp\/v2\/tags?post=32403"}],"curies":[{"name":"wp","href":"https:\/\/api.w.org\/{rel}","templated":true}]}}