{"id":32389,"date":"2021-02-27T16:51:25","date_gmt":"2021-02-27T16:51:25","guid":{"rendered":"https:\/\/redsemlac.com\/semmexico\/?p=32389"},"modified":"2023-07-21T16:51:25","modified_gmt":"2023-07-21T21:51:25","slug":"ruth-zavaleta-sera-la-candidata-de-mc-a-la-gubernatura","status":"publish","type":"post","link":"https:\/\/redsemlac.com\/semmexico\/ruth-zavaleta-sera-la-candidata-de-mc-a-la-gubernatura\/","title":{"rendered":"Ruth Zavaleta ser\u00e1 la candidata de MC  a la gubernatura"},"content":{"rendered":"\n<p class=\"wp-block-paragraph\"><strong>Por Agencia CEPROVYSA.COM<\/strong><\/p>\n\n\n\n<p class=\"wp-block-paragraph\">SemM\u00e9xico\/Ceprovysa. Chilpancingo, Guerrero. 27 de febrero 2021.- \u00c9ste d\u00eda la asamblea electiva del Partido Movimiento Ciudadano, ratificar\u00e1 como su Candidata a la gubernatura de Guerrero, a Ruth Zavaleta.<\/p>\n\n\n\n<p class=\"wp-block-paragraph\">El Dirigente Estatal del Partido Movimiento Ciudadano, Adri\u00e1n Wences Carrasco, dio a conocer el nombre de la abanderada de su partido y agreg\u00f3 que tras la ratificaci\u00f3n, Ruth Zavaleta ser\u00e1 registrada ante el IEPC-GRO.<\/p>\n\n\n\n<p class=\"wp-block-paragraph\">Ruth Zavaleta naci\u00f3 en Tepecoacuilco de Trujano. Fue Asamble\u00edstas de la Asamblea Legislativa del Distrito Federal. Despu\u00e9s fue Diputada Federal, donde ocup\u00f3 la Vicepresidencia y despu\u00e9s la Presidencia de la Mesa Directiva.<\/p>\n\n\n\n<p class=\"wp-block-paragraph\">Es Analista y ha sido asesora en distintas ocasiones.<\/p>\n","protected":false},"excerpt":{"rendered":"<p>El Dirigente Estatal del Partido Movimiento Ciudadano, Adri\u00e1n Wences Carrasco, dio a conocer el nombre de la abanderada de su partido y agreg\u00f3 que tras la ratificaci\u00f3n, Ruth Zavaleta ser\u00e1 registrada ante el IEPC-GRO.<\/p>\n","protected":false},"author":3,"featured_media":32390,"comment_status":"open","ping_status":"open","sticky":false,"template":"","format":"standard","meta":{"_monsterinsights_skip_tracking":false,"footnotes":""},"categories":[692,141],"tags":[],"class_list":["post-32389","post","type-post","status-publish","format-standard","has-post-thumbnail","category-692","category-elecciones-2020-2021"],"_links":{"self":[{"href":"https:\/\/redsemlac.com\/semmexico\/wp-json\/wp\/v2\/posts\/32389","targetHints":{"allow":["GET"]}}],"collection":[{"href":"https:\/\/redsemlac.com\/semmexico\/wp-json\/wp\/v2\/posts"}],"about":[{"href":"https:\/\/redsemlac.com\/semmexico\/wp-json\/wp\/v2\/types\/post"}],"author":[{"embeddable":true,"href":"https:\/\/redsemlac.com\/semmexico\/wp-json\/wp\/v2\/users\/3"}],"replies":[{"embeddable":true,"href":"https:\/\/redsemlac.com\/semmexico\/wp-json\/wp\/v2\/comments?post=32389"}],"version-history":[{"count":0,"href":"https:\/\/redsemlac.com\/semmexico\/wp-json\/wp\/v2\/posts\/32389\/revisions"}],"wp:featuredmedia":[{"embeddable":true,"href":"https:\/\/redsemlac.com\/semmexico\/wp-json\/wp\/v2\/media\/32390"}],"wp:attachment":[{"href":"https:\/\/redsemlac.com\/semmexico\/wp-json\/wp\/v2\/media?parent=32389"}],"wp:term":[{"taxonomy":"category","embeddable":true,"href":"https:\/\/redsemlac.com\/semmexico\/wp-json\/wp\/v2\/categories?post=32389"},{"taxonomy":"post_tag","embeddable":true,"href":"https:\/\/redsemlac.com\/semmexico\/wp-json\/wp\/v2\/tags?post=32389"}],"curies":[{"name":"wp","href":"https:\/\/api.w.org\/{rel}","templated":true}]}}