{"id":32386,"date":"2021-02-27T16:47:08","date_gmt":"2021-02-27T16:47:08","guid":{"rendered":"https:\/\/redsemlac.com\/semmexico\/?p=32386"},"modified":"2023-07-21T16:51:25","modified_gmt":"2023-07-21T21:51:25","slug":"designa-el-pan-a-irma-lilia-garzon-bernal-como-su-candidata-a-la-gubernatura-de-guerrero","status":"publish","type":"post","link":"https:\/\/redsemlac.com\/semmexico\/designa-el-pan-a-irma-lilia-garzon-bernal-como-su-candidata-a-la-gubernatura-de-guerrero\/","title":{"rendered":"Designa el PAN a Irma Lilia Garz\u00f3n Bernal como su candidata a la gubernatura de Guerrero"},"content":{"rendered":"\n<p class=\"wp-block-paragraph\"><strong>Por Agencia CEPROVYSA.COM<\/strong><\/p>\n\n\n\n<p class=\"wp-block-paragraph\">SemM\u00e9xico\/Ceprovysa. Chilpancingo, Guerrero. 27 de febrero 2021.- Irma Lilia Garz\u00f3n Bernal, fue designada como la Candidata del PAN a la gubernatura de Guerrero, dio a conocer, el Presidente del Comit\u00e9 Directivo Estatal del PAN Eloy Salmer\u00f3n D\u00edaz.<\/p>\n\n\n\n<p class=\"wp-block-paragraph\">El Presidente del CDE del PAN coment\u00f3 que el lunes ser\u00e1 el registro de su Candidatura ante el Instituto Electoral y de Participaci\u00f3n Ciudadana de Guerrero.<\/p>\n\n\n\n<p class=\"wp-block-paragraph\">Irma Lilia Garz\u00f3n Bernal fue Diputada local, fue la primera mujer en ser Presidenta de la Mesa Directiva del Congreso de Guerrero. Fue Regidora de Desarrollo Social en el Municipio de Chilpancingo, es Consejera del CDE del PAN, ha participado en movimientos para ampliar la Participaci\u00f3n pol\u00edtica de las Mujeres.<\/p>\n","protected":false},"excerpt":{"rendered":"<p>El Presidente del CDE del PAN coment\u00f3 que el lunes ser\u00e1 el registro de su Candidatura ante el Instituto Electoral y de Participaci\u00f3n Ciudadana de Guerrero.<\/p>\n","protected":false},"author":3,"featured_media":32387,"comment_status":"open","ping_status":"open","sticky":false,"template":"","format":"standard","meta":{"_monsterinsights_skip_tracking":false,"footnotes":""},"categories":[692,141],"tags":[],"class_list":["post-32386","post","type-post","status-publish","format-standard","has-post-thumbnail","category-692","category-elecciones-2020-2021"],"_links":{"self":[{"href":"https:\/\/redsemlac.com\/semmexico\/wp-json\/wp\/v2\/posts\/32386","targetHints":{"allow":["GET"]}}],"collection":[{"href":"https:\/\/redsemlac.com\/semmexico\/wp-json\/wp\/v2\/posts"}],"about":[{"href":"https:\/\/redsemlac.com\/semmexico\/wp-json\/wp\/v2\/types\/post"}],"author":[{"embeddable":true,"href":"https:\/\/redsemlac.com\/semmexico\/wp-json\/wp\/v2\/users\/3"}],"replies":[{"embeddable":true,"href":"https:\/\/redsemlac.com\/semmexico\/wp-json\/wp\/v2\/comments?post=32386"}],"version-history":[{"count":0,"href":"https:\/\/redsemlac.com\/semmexico\/wp-json\/wp\/v2\/posts\/32386\/revisions"}],"wp:featuredmedia":[{"embeddable":true,"href":"https:\/\/redsemlac.com\/semmexico\/wp-json\/wp\/v2\/media\/32387"}],"wp:attachment":[{"href":"https:\/\/redsemlac.com\/semmexico\/wp-json\/wp\/v2\/media?parent=32386"}],"wp:term":[{"taxonomy":"category","embeddable":true,"href":"https:\/\/redsemlac.com\/semmexico\/wp-json\/wp\/v2\/categories?post=32386"},{"taxonomy":"post_tag","embeddable":true,"href":"https:\/\/redsemlac.com\/semmexico\/wp-json\/wp\/v2\/tags?post=32386"}],"curies":[{"name":"wp","href":"https:\/\/api.w.org\/{rel}","templated":true}]}}