{"id":32369,"date":"2021-02-26T22:27:11","date_gmt":"2021-02-26T22:27:11","guid":{"rendered":"https:\/\/redsemlac.com\/semmexico\/?p=32369"},"modified":"2023-07-21T16:50:48","modified_gmt":"2023-07-21T21:50:48","slug":"llama-florencio-salazar-a-los-guerrerenses-a-participar-responsablemente-en-la-proxima-eleccion","status":"publish","type":"post","link":"https:\/\/redsemlac.com\/semmexico\/llama-florencio-salazar-a-los-guerrerenses-a-participar-responsablemente-en-la-proxima-eleccion\/","title":{"rendered":"Llama Florencio Salazar a los guerrerenses a participar responsablemente en la pr\u00f3xima  elecci\u00f3n"},"content":{"rendered":"\n<p class=\"wp-block-paragraph\">*EL  Secretario General de Gobierno de Guerrero particip\u00f3 en una conferencia a distancia&nbsp;&nbsp;para la Universidad Americana de Acapulco.<\/p>\n\n\n\n<p class=\"wp-block-paragraph\">Redacci\u00f3n <\/p>\n\n\n\n<p class=\"wp-block-paragraph\">SemM\u00e9xico. Guerrero. 26 de febrero de 2021.- Guerrero no puede seguir en la ruta pol\u00edtica de caudillos y caciques, debe\u00a0recupera\u00a0\u00a0las instituciones y evitar la anarqu\u00eda; contener la violencia y fomentar la ciudadan\u00eda con empleos y desarrollo econ\u00f3mico. Sobre todo no rendirse. As\u00ed dijo esta tarde Florencio Salazar Adame, Secretario General de Gobierno en una conferencia a distancia\u00a0\u00a0para la Universidad Americana de Acapulco.<\/p>\n\n\n\n<p class=\"wp-block-paragraph\">Pidi\u00f3 a las y los guerrerenses votar con la cabeza y no con el est\u00f3mago, porque se trata de  acceder a un mejor futuro.&nbsp;<\/p>\n\n\n\n<p class=\"wp-block-paragraph\">Pidi\u00f3\u00a0\u00a0mirar ese futuro, desde el presente. Propuso que pensar en qu\u00e9 conviene para el pr\u00f3ximo gobierno;\u00a0\u00a0en\u00a0\u00a0qu\u00e9 va a pasar con\u00a0\u00a0los guerrerenses, miles de 15 a 35 a\u00f1os, que necesitan acceder a una actividad l\u00edcita y no a la delincuencia.<\/p>\n\n\n\n<p class=\"wp-block-paragraph\">Urge\u00a0\u00a0pensar en la paz, el desarrollo y la estabilidad. Cerrar el paso a la violencia, dando a los j\u00f3venes alternativas de empleo y desarrollo y al mismo tiempo\u00a0\u00a0reconvertirse aprovechando sus vocaciones, para\u00a0incorporarse a la econom\u00eda nacional.<\/p>\n\n\n\n<p class=\"wp-block-paragraph\">Tambi\u00e9n dijo que es necesario reconocer que&nbsp;&nbsp;esta entidad,&nbsp;&nbsp;&nbsp;ya no tiene oportunidad de incorporarse a la&nbsp;&nbsp;inteligencia artificial, pero s\u00ed a una nueva sociedad de servicios. Esta entidad, es adem\u00e1s, agreg\u00f3, estrat\u00e9gica para la seguridad nacional, siempre lo ha sido, desde la independencia hasta la Rep\u00fablica a nuestros d\u00edas. Propuso privilegiar a la educaci\u00f3n de calidad, como&nbsp;&nbsp;la principal palanca del desarrollo, pero como una educaci\u00f3n de calidad acorde a los recursos y experiencia de los guerrerenses. No so\u00f1ar, con obras imposibles.<\/p>\n\n\n\n<p class=\"wp-block-paragraph\">Desarroll\u00f3 una charla directa y sencilla, y luego de explicar brevemente c\u00f3mo se form\u00f3 este estado, insisti\u00f3 en que hay que ver a\u00a0Guerrero\u00a0\u00a0como una entidad clave para la\u00a0\u00a0seguridad nacional, por ello, quienes votar\u00e1n el 6 de junio, o participar\u00e1n en partidos y campa\u00f1as, tienen que asumir su atraso hist\u00f3rico, su geograf\u00eda, sus rezagos y su gente, hombres y mujeres.<\/p>\n\n\n\n<p class=\"wp-block-paragraph\">Vislumbrar la posibilidad de su desarrollo, tras un largo olvido. Dijo varias veces, un\u00a0\u00a0desarrollo fundado en el empleo y alternativas econ\u00f3micas viables, con  un proyecto que recupere su vocaci\u00f3n econ\u00f3mica real; de servicios y creatividad, porque ya no podr\u00e1 incorporarse a la inteligencia artificial.\u00a0\u00a0\u00a0\u00a0<\/p>\n\n\n\n<p class=\"wp-block-paragraph\">Pensar en quienes los van a gobernar, propuso,\u00a0\u00a0conocer qu\u00e9 proponen las y los candidatos; qu\u00e9 ofrecen para hacer avanzar a Guerrero, porque se trata del tercer estado\u00a0\u00a0m\u00e1s atrasado del pa\u00eds. Pensar en quienes realmente\u00a0\u00a0ofrezcan mejorar la econom\u00eda, fomentar la ciudadan\u00eda como algo fundamental, donde desaparezca esa costumbre de que todo lo tiene que solucionar el gobierno.. Es decir analizar qu\u00e9 partido elegir; c\u00f3mo participar, pensar qu\u00e9 tipo de gobierno se necesita, en esta entidad con tanta historia y enormes\u00a0\u00a0capacidades, no reconocidas.\u00a0<\/p>\n\n\n\n<p class=\"wp-block-paragraph\">Llam\u00f3 a los guerrerenses a participar responsablemente en la pr\u00f3xima\u00a0\u00a0elecci\u00f3n. En futuros gobernantes que garanticen mejorar los problemas fundamentales como \u00a0\u00a0contener la violencia, disminuir la pobreza\u00a0\u00a0y la desigualdad y c\u00f3mo\u00a0\u00a0incorporarse al desarrollo.\u00a0<\/p>\n\n\n\n<p class=\"wp-block-paragraph\">Pidi\u00f3 no olvidar su historia de\u00a0\u00a0guerrillas y\u00a0\u00a0violencia\u00a0\u00a0que lo han marcado desde su fundaci\u00f3n hasta nuestros d\u00edas. Por ello hay que preguntarse a fondo qu\u00e9  se ofrecer\u00e1 a m\u00e1s de un mill\u00f3n de j\u00f3venes. Mirar o pensar en programas de gobierno que planeen con lo que se tiene, y ah\u00ed describi\u00f3 c\u00f3mo las y los guerrerenses son reconocidos en todo el mundo por su calidad y conocimientos tur\u00edsticos; sus artesan\u00edas reconocidas en internacionalmente, como las de Olinal\u00e1 que se exportan, poner en el centro la calidad de la educaci\u00f3n, ya no como un mecanismo de ascenso social, sino en concordancia con las necesidades de empresas y las del campo.<\/p>\n\n\n\n<p class=\"wp-block-paragraph\">\u00a0Explic\u00f3 c\u00f3mo, en un Estado Centralista, &#8211; como fue por mucho tiempo el nuestro-\u00a0\u00a0no se aprovech\u00f3 su cercan\u00eda con la capital; no se aprovecharon sus productos y su historia. Propuso mirar a la entidad, de poco m\u00e1s de 3 millones 600 mil habitantes, 52 por ciento mujeres y 48 por ciento hombres, para sacarlos de esa eterna\u00a0\u00a0pobreza y desigualdad. Pensar cu\u00e1les son los mercados futuros, modernizando lo que si tiene guerrero\u00a0\u00a0y qu\u00e9 hacer para que prospere.<\/p>\n\n\n\n<p class=\"wp-block-paragraph\">Llam\u00f3 a reflexionar las decisiones electorales, porque se trata de una entidad con recursos, reales, por lo que ser\u00e1 necesario rescatar la riqueza maderera,&nbsp;&nbsp;por ejemplo&nbsp;&nbsp;en producir muebles  de dise\u00f1o que ganan concursos internacionales; olvidarse&nbsp;&nbsp;de la rob\u00f3tica \u201cah\u00ed ya llegamos tarde\u201d, es urgente adem\u00e1s un plan tur\u00edstico, parecido a los desarrollados en las zonas hist\u00f3ricas de Europa.<\/p>\n\n\n\n<p class=\"wp-block-paragraph\">\u00a0Crear rutas tur\u00edsticas,\u00a0\u00a0con museos de sitio, promover la gastronom\u00eda, identificar lo que se hered\u00f3 de lo que fue el Acapulco de Oro;\u00a0\u00a0hacer rutas tur\u00edsticas\/hist\u00f3ricas, lo que permitir\u00eda mejorar ciudades, limpias, atractivas.\u00a0\u00a0Pensar desde esa realidad. La recuperaci\u00f3n de\u00a0\u00a0sitios tur\u00edsticos, junto a la explotaci\u00f3n de la miner\u00eda con profesionales o t\u00e9cnicos propios, que deber\u00e1 formar la universidad. Lo mismo es el caso de la riqueza forestal.<\/p>\n\n\n\n<p class=\"wp-block-paragraph\">\u00a0Diagnostic\u00f3 que Guerrero es el tercer estado m\u00e1s atrasado de la Rep\u00fablica, con una fr\u00e1gil institucionalidad, inseguridad y violencia, que urge revertir en los pr\u00f3ximos a\u00f1os, entre otras cosas fomentando la verdadera ciudadan\u00eda. Una responsable de su vida diaria y h\u00e1bitos distintos. Crear actividades\u00a0\u00a0y servicios, en una \u00e9poca de grandes cambios. La mayor parte de las actividades\u00a0\u00a0se har\u00e1n, eso ya no se puede evitar, a trav\u00e9s del\u00a0\u00a0teletrabajo y las redes. Eso tiene tambi\u00e9n una oportunidad.<\/p>\n\n\n\n<p class=\"wp-block-paragraph\">Ejemplific\u00f3 y dijo que Guerrero tiene como&nbsp;&nbsp;uno de&nbsp;&nbsp;desaf\u00edos sustantivos, la atenci\u00f3n a la juventud,&nbsp;&nbsp;requerir\u00e1 dotar&nbsp;&nbsp;m\u00e1s de un mill\u00f3n empleos en los pr\u00f3ximo 3 o 4 a\u00f1os,&nbsp;&nbsp;evitar as\u00ed que los j\u00f3venes&nbsp;&nbsp;se vayan a la delincuencia organizada, hacerlo&nbsp;&nbsp;no con d\u00e1divas y becas, sino con herramientas para su ocupaci\u00f3n y desarrollo,&nbsp;&nbsp;hacer coincidir los planes de la Educaci\u00f3n Superior, con esas vocaciones.<\/p>\n\n\n\n<p class=\"wp-block-paragraph\">Empez\u00f3 por analizar la historia impactante de\u00a0\u00a0Guerrero en las zagas de M\u00e9xico y sin embargo, siempre, por su complicada geograf\u00eda, le impidi\u00f3 su desarrollo y los guerrerenses no encontraron las rutas del desarrollo: record\u00f3 su inestabilidad, desde la Revoluci\u00f3n, se\u00f1al\u00f3 que\u00a0\u00a0los gobernadores\u00a0\u00a0actuaron en situaciones de inestabilidad, dijo que desde la Revoluci\u00f3n los gobierno duraron\u00a0\u00a02 a\u00f1os y medio; reflexionar ese pasado, puede dar un camino para lo que sigue. Y no se puede pensar en seguir por la ruta del cacicazgo y el caudillismo, lo\u00a0\u00a0que se combate con la palanca de la educaci\u00f3n, una educaci\u00f3n de calidad. Es necesario pensar c\u00f3mo armonizar los intereses de la sociedad. La formaci\u00f3n ciudadana, es fundamental, que deben participar en su vida comunitaria, de manera responsable\u00a0\u00a0y olvidarse que es el gobierno el que tiene que ocuparse de todo. Cada persona tiene que recuperar h\u00e1bitos, que no son nost\u00e1lgicos, sino necesarios.<\/p>\n\n\n\n<p class=\"wp-block-paragraph\">Invit\u00f3 a pensar en futuros gobernantes o gobernantas que reconozcan esta situaci\u00f3n, lo que es Guerrero, lo que tiene, lo que se&nbsp;&nbsp;puede desarrollar, y c\u00f3mo fomentar la organizaci\u00f3n ciudadana, no es asunto menor, construir ciudadan\u00eda, disciplinada y cooperante, que&nbsp;&nbsp;no s\u00f3lo&nbsp;&nbsp;crea que es el gobierno el que debe resolver todo s\u00f3lo.<\/p>\n\n\n\n<p class=\"wp-block-paragraph\">Fomentar, por ejemplo, la solidaridad. El gobierno debe atender la seguridad, la salud, la educaci\u00f3n y desarrollo, pero la vida comunitaria, la solidaridad, la empat\u00eda, est\u00e1 en manos de una ciudadan\u00eda responsable. Evitar la dependencia. Le preocupa s\u00ed la pobreza, pero principalmente la desigualdad. Contener la pobreza y la desigualdad al mismo tiempo. Como ruta a una sociedad que avance. Propuso no \u201cquedarse en el pasado\u201d; insisti\u00f3 en aprovechar las vocaciones econ\u00f3micas, para generar un desarrollo con empleos remunerados, mecanismos\u00a0\u00a0que pueden dar idea de c\u00f3mo elegir a las y los futuros gobernantes, de las alcald\u00edas, el Congreso y la gubernatura, de esta forma, se puede pensar que Guerrero superar\u00e1 su atraso econ\u00f3mico y\u00a0\u00a0social, como\u00a0\u00a0la pobreza y la\u00a0\u00a0desigualdad. La charla se llam\u00f3\u00a0\u00a0Guerrero los Desaf\u00edos del Futuro.<\/p>\n","protected":false},"excerpt":{"rendered":"<p>*EL Secretario General de Gobierno de Guerrero particip\u00f3 en una conferencia a distancia&nbsp;&nbsp;para la Universidad Americana de Acapulco. Redacci\u00f3n SemM\u00e9xico. Guerrero. 26 de febrero de 2021.- Guerrero no puede seguir en la ruta pol\u00edtica de caudillos y caciques, debe\u00a0recupera\u00a0\u00a0las instituciones y evitar la anarqu\u00eda; contener la violencia y fomentar la ciudadan\u00eda con empleos y desarrollo [&hellip;]<\/p>\n","protected":false},"author":3,"featured_media":32370,"comment_status":"open","ping_status":"open","sticky":false,"template":"","format":"standard","meta":{"_monsterinsights_skip_tracking":false,"footnotes":""},"categories":[692,52],"tags":[],"class_list":["post-32369","post","type-post","status-publish","format-standard","has-post-thumbnail","category-692","category-hombres"],"_links":{"self":[{"href":"https:\/\/redsemlac.com\/semmexico\/wp-json\/wp\/v2\/posts\/32369","targetHints":{"allow":["GET"]}}],"collection":[{"href":"https:\/\/redsemlac.com\/semmexico\/wp-json\/wp\/v2\/posts"}],"about":[{"href":"https:\/\/redsemlac.com\/semmexico\/wp-json\/wp\/v2\/types\/post"}],"author":[{"embeddable":true,"href":"https:\/\/redsemlac.com\/semmexico\/wp-json\/wp\/v2\/users\/3"}],"replies":[{"embeddable":true,"href":"https:\/\/redsemlac.com\/semmexico\/wp-json\/wp\/v2\/comments?post=32369"}],"version-history":[{"count":0,"href":"https:\/\/redsemlac.com\/semmexico\/wp-json\/wp\/v2\/posts\/32369\/revisions"}],"wp:featuredmedia":[{"embeddable":true,"href":"https:\/\/redsemlac.com\/semmexico\/wp-json\/wp\/v2\/media\/32370"}],"wp:attachment":[{"href":"https:\/\/redsemlac.com\/semmexico\/wp-json\/wp\/v2\/media?parent=32369"}],"wp:term":[{"taxonomy":"category","embeddable":true,"href":"https:\/\/redsemlac.com\/semmexico\/wp-json\/wp\/v2\/categories?post=32369"},{"taxonomy":"post_tag","embeddable":true,"href":"https:\/\/redsemlac.com\/semmexico\/wp-json\/wp\/v2\/tags?post=32369"}],"curies":[{"name":"wp","href":"https:\/\/api.w.org\/{rel}","templated":true}]}}