{"id":32364,"date":"2021-02-26T18:33:22","date_gmt":"2021-02-26T18:33:22","guid":{"rendered":"https:\/\/redsemlac.com\/semmexico\/?p=32364"},"modified":"2023-07-21T16:50:48","modified_gmt":"2023-07-21T21:50:48","slug":"impacto-de-la-covid-19-en-las-mujeres-y-las-ninas","status":"publish","type":"post","link":"https:\/\/redsemlac.com\/semmexico\/impacto-de-la-covid-19-en-las-mujeres-y-las-ninas\/","title":{"rendered":"Impacto de la COVID-19 en las mujeres y las ni\u00f1as"},"content":{"rendered":"\n<p class=\"wp-block-paragraph\">Gabriela Ram\u00edrez <\/p>\n\n\n\n<p class=\"wp-block-paragraph\">SemM\u00e9xico. 26 de febrero de 2021.- Durante el Consejo de G\u00e9nero del Grupo editorial OEM, se discuti\u00f3 el d\u00eda de ayer el impacto de la COVID-19 en las mujeres. Aqu\u00ed un panorama general basado en informaci\u00f3n de distintas agencias de las Naciones Unidas que reafirman que en el caso de las mujeres y las ni\u00f1as, las repercusiones de la COVID-19 se ven exacerbadas en todas las esferas:\u00a0<\/p>\n\n\n\n<p class=\"wp-block-paragraph\">&gt;&nbsp;<strong>Repercusi\u00f3n econ\u00f3micas.<\/strong>&nbsp;Las mujeres y las ni\u00f1as sufren, en especial, repercusiones econ\u00f3micas m\u00e1s graves, ya que por lo general ganan menos, ahorran menos y tienen puestos de trabajo vulnerables o viven en pobreza.<\/p>\n\n\n\n<p class=\"wp-block-paragraph\">A medida que las mujeres asumen mayores responsabilidades de cuidado en el hogar, sus puestos de trabajo tambi\u00e9n se ven afectados de manera desproporcionada por los recortes y los despidos colectivos. Esto amenaza con hacer retroceder los ya fr\u00e1giles logros que se han conseguido en cuanto a la participaci\u00f3n de las mujeres en la fuerza de trabajo, lo que limita las posibilidades de las mujeres de mantenerse a s\u00ed mismas y a su familia, sobre todo en el caso de los hogares encabezados por una mujer. En muchos pa\u00edses, la primera ola de despidos colectivos ha sido particularmente grave en el sector de los servicios, incluidos el comercio minorista, la hosteler\u00eda y el turismo, en los que las mujeres est\u00e1n sobrerrepresentadas.&nbsp;<\/p>\n\n\n\n<p class=\"wp-block-paragraph\">En todo el mundo, las mujeres de 25 a 34 a\u00f1os tienen un 25 % m\u00e1s de probabilidades que los hombres del mismo rango de edad de vivir en la pobreza extrema.<\/p>\n\n\n\n<figure class=\"wp-block-image size-large\"><a href=\"https:\/\/redsemlac.com\/semmexico\/wp-content\/uploads\/2021\/02\/Captura-de-Pantalla-2021-02-26-a-las-12.36.36.png\"><img loading=\"lazy\" decoding=\"async\" width=\"874\" height=\"526\" src=\"https:\/\/redsemlac.com\/semmexico\/wp-content\/uploads\/2021\/02\/Captura-de-Pantalla-2021-02-26-a-las-12.36.36.png\" alt=\"\" class=\"wp-image-32366\"\/><\/a><\/figure>\n\n\n\n<p class=\"wp-block-paragraph\">&gt;&nbsp;<strong>Acceso a la salud.<\/strong>&nbsp;Si bien los primeros datos indican que mueren m\u00e1s hombres que mujeres por la COVID-19, la salud de las mujeres en general se ve afectada negativamente por la reasignaci\u00f3n de recursos y el cambio de prioridades, incluso en los servicios de salud sexual y reproductiva.<\/p>\n\n\n\n<p class=\"wp-block-paragraph\">Las mujeres pueden correr riesgo o estar expuestas debido a la segregaci\u00f3n ocupacional por sexo: En todo el mundo, las mujeres&nbsp;&nbsp;constituyen el 70 % de la fuerza de trabajo del sector sanitario y tienen m\u00e1s probabilidades de trabajar en la primera l\u00ednea, especialmente las enfermeras, las parteras y las trabajadoras sanitarias de las comunidades conforman la mayor\u00eda del personal de servicio de los establecimientos de salud \u2014como el personal de limpieza, lavander\u00eda y comedores\u2014 y, por eso, tienen m\u00e1s probabilidades de estar expuestas al virus. En algunas zonas, tienen menos acceso al equipo de protecci\u00f3n personal o a equipo de tama\u00f1o adecuado. A pesar de estas cifras, por lo general no se ven reflejadas en la toma de decisiones a nivel nacional o mundial sobre la respuesta a la COVID-19.&nbsp;<\/p>\n\n\n\n<p class=\"wp-block-paragraph\">Repercusiones en la salud sexual y reproductiva: La prestaci\u00f3n de servicios de salud sexual y reproductiva, incluidos los servicios de atenci\u00f3n de la salud materna, es fundamental para la salud, los derechos y el bienestar de las mujeres y las ni\u00f1as. Si la atenci\u00f3n y los recursos cr\u00edticos destinados a prestar esos servicios se desv\u00edan a otros, podr\u00eda haber un aumento de la mortalidad y la morbilidad maternas, las tasas de embarazos en la adolescencia, el VIH y las enfermedades de transmisi\u00f3n sexual. Se estima que, en Am\u00e9rica Latina y el Caribe, otros 18 millones de mujeres perder\u00e1n el acceso regular a m\u00e9todos anticonceptivos modernos dado el contexto actual de la pandemia de COVID-19.<\/p>\n\n\n\n<p class=\"wp-block-paragraph\"><strong>&gt; Ha aumentado el trabajo de cuidados no remunerado.&nbsp;<\/strong><\/p>\n\n\n\n<p class=\"wp-block-paragraph\">Las mujeres est\u00e1n a la vanguardia de la respuesta a la COVID-19, ya que son las cuidadoras no remuneradas por defecto en la familia y conforman la mayor\u00eda del personal sanitario no remunerado o mal remunerado de las comunidades .\u00a0<\/p>\n\n\n\n<figure class=\"wp-block-image size-large\"><a href=\"https:\/\/redsemlac.com\/semmexico\/wp-content\/uploads\/2021\/02\/Captura-de-Pantalla-2021-02-26-a-las-12.36.08.png\"><img loading=\"lazy\" decoding=\"async\" width=\"1016\" height=\"550\" src=\"https:\/\/redsemlac.com\/semmexico\/wp-content\/uploads\/2021\/02\/Captura-de-Pantalla-2021-02-26-a-las-12.36.08.png\" alt=\"\" class=\"wp-image-32365\"\/><\/a><\/figure>\n\n\n\n<p class=\"wp-block-paragraph\"><strong>El cierre de las escuelas ha puesto m\u00e1s presi\u00f3n y m\u00e1s exigencias en las mujeres y las ni\u00f1as<\/strong>: Seg\u00fan la Organizaci\u00f3n de las Naciones Unidas para la Educaci\u00f3n, la Ciencia y la Cultura (UNESCO), mil 520 millones de alumnos (87 %) y m\u00e1s de 60 millones de docentes est\u00e1n en casa debido a la ampliaci\u00f3n del cierre de las escuelas a causa de la COVID-19. A medida que disminuye la oferta formal e informal de servicios de cuidado infantil, la demanda de ese tipo de cuidado no remunerado recae con mayor fuerza sobre las mujeres. Esto limita la capacidad de trabajo de las mujeres, sobre todo cuando el trabajo no puede hacerse a distancia. La falta de ayuda para el cuidado infantil es particularmente problem\u00e1tica para las trabajadoras esenciales que tienen responsabilidades de cuidado.&nbsp;<\/p>\n\n\n\n<p class=\"wp-block-paragraph\">El cierre de las escuelas no significa solamente que las ni\u00f1as est\u00e1n asumiendo m\u00e1s tareas en el hogar, sino tambi\u00e9n que millones de ni\u00f1as m\u00e1s podr\u00edan dejar sus estudios antes de terminarlos, especialmente las que viven en la pobreza, las ni\u00f1as con discapacidades o las de zonas rurales y aisladas.&nbsp;<\/p>\n\n\n\n<p class=\"wp-block-paragraph\">&gt; Con la pandemia se han dictado medidas de restricci\u00f3n de la circulaci\u00f3n y aislamiento social, la violencia de g\u00e9nero est\u00e1 aumentando exponencialmente. Muchas mujeres se ven obligadas a confinarse en su casa con su abusador justo cuando se interrumpen o se tornan inaccesibles los servicios de apoyo a las supervivientes.<\/p>\n\n\n\n<p class=\"wp-block-paragraph\">En muchos casos se observan aumentos de m\u00e1s del 25 % en los pa\u00edses que cuentan con mecanismos para tomar denuncias. En algunos pa\u00edses los casos denunciados se han duplicado.&nbsp;<\/p>\n\n\n\n<p class=\"wp-block-paragraph\">Junto con el aumento de las cifras, la violencia contra las mujeres est\u00e1 adquiriendo una nueva complejidad: la exposici\u00f3n a la COVID-19 se est\u00e1 empleando como amenaza; los agresores se aprovechan de que las mujeres no tienen posibilidades de pedir ayuda o escapar; las mujeres corren el riesgo de que las dejen en la calle sin otro lugar adonde ir. Al mismo tiempo, los servicios de apoyo tienen muchas dificultades. Los servicios judiciales, policiales y sanitarios, que son los primeros en responder a las denuncias de mujeres, no dan abasto, tienen otras prioridades o no pueden ayudar de ninguna otra manera. Los grupos de la sociedad civil se ven afectados por el confinamiento o la reasignaci\u00f3n de recursos. Algunos refugios para v\u00edctimas de la violencia dom\u00e9stica est\u00e1n llenos; otros han tenido que cerrar o se est\u00e1n utilizando como centros de salud.&nbsp;<\/p>\n\n\n\n<p class=\"wp-block-paragraph\">&gt; Todas estas repercusiones se amplifican a\u00fan m\u00e1s en contextos de fragilidad, conflicto y emergencias, en los que la cohesi\u00f3n social ya est\u00e1 agrietada y la capacidad y los servicios institucionales son limitados.<\/p>\n\n\n\n<p class=\"wp-block-paragraph\">Ante este panorama, el Secretario General de la ONU, Ant\u00f3nio Guterres ha se\u00f1alado que es fundamental que todas las respuestas nacionales den un lugar central a las mujeres y las ni\u00f1as: su inclusi\u00f3n, su representaci\u00f3n, sus derechos, su posici\u00f3n social y econ\u00f3mica, su condici\u00f3n de iguales y su protecci\u00f3n. No se trata solamente de rectificar las desigualdades de siempre, sino tambi\u00e9n de construir un mundo m\u00e1s justo y resiliente, en pro de las mujeres y las ni\u00f1as.&nbsp;<\/p>\n\n\n\n<p class=\"wp-block-paragraph\">En el documento sobre<a href=\"https:\/\/www.un.org\/es\/coronavirus\/articles\/mujeres-centro-recuperacion-contra-covid19\"> Pol\u00edticas Mujeres y COVID-19<\/a> del Secretario General se destacan tres prioridades transversales en ese sentido:<\/p>\n\n\n\n<p class=\"wp-block-paragraph\">1) GARANTIZAR LA IGUALDAD DE REPRESENTACI\u00d3N DE LAS MUJERES EN TODA LA PLANIFICACI\u00d3N DE LA RESPUESTA A LA COVID-19 Y LA TOMA DE DECISIONES AL RESPECTO. Los datos recabados en todos los sectores, incluidas la planificaci\u00f3n econ\u00f3mica y la respuesta de emergencia, demuestran sin lugar a duda que las pol\u00edticas sobre las cuales no se consulta a las mujeres o que no las incluyen en la toma de decisiones son menos eficaces \u2014as\u00ed de simple\u2014, e incluso pueden causar da\u00f1o.<\/p>\n\n\n\n<p class=\"wp-block-paragraph\">2) IMPULSAR UN CAMBIO TRANSFORMATIVO EN PRO DE LA IGUALDAD ABORDANDO LA ECONOM\u00cdA DEL CUIDADO, REMUNERADA Y NO REMUNERADA. En la econom\u00eda formal, los trabajos de cuidados, desde la docencia hasta la enfermer\u00eda, est\u00e1n mal remunerados en relaci\u00f3n con otros sectores. En el hogar, son las mujeres quienes hacen la mayor parte del trabajo de cuidados, no remunerado e invisible. Ambos son fundamentales para la vida cotidiana y la econom\u00eda, pero no solo se apoyan en normas y desigualdades de g\u00e9nero, sino que tambi\u00e9n las afianzan.<\/p>\n\n\n\n<p class=\"wp-block-paragraph\">3) CENTRARSE EN LAS MUJERES Y LAS NI\u00d1AS EN TODOS LOS ESFUERZOS POR HACER FRENTE A LAS REPERCUSIONES SOCIOECON\u00d3MICAS DE LA COVID-19. Ser\u00e1 importante encarar deliberadamente desde la \u00f3ptica del g\u00e9nero el dise\u00f1o de los paquetes de est\u00edmulo fiscal y los programas de asistencia social para aumentar la igualdad, las oportunidades y la protecci\u00f3n social.<\/p>\n","protected":false},"excerpt":{"rendered":"<p>Gabriela Ram\u00edrez SemM\u00e9xico. 26 de febrero de 2021.- Durante el Consejo de G\u00e9nero del Grupo editorial OEM, se discuti\u00f3 el d\u00eda de ayer el impacto de la COVID-19 en las mujeres. Aqu\u00ed un panorama general basado en informaci\u00f3n de distintas agencias de las Naciones Unidas que reafirman que en el caso de las mujeres y [&hellip;]<\/p>\n","protected":false},"author":3,"featured_media":30435,"comment_status":"open","ping_status":"open","sticky":false,"template":"","format":"standard","meta":{"_monsterinsights_skip_tracking":false,"footnotes":""},"categories":[692,54],"tags":[],"class_list":["post-32364","post","type-post","status-publish","format-standard","has-post-thumbnail","category-692","category-mujeres"],"_links":{"self":[{"href":"https:\/\/redsemlac.com\/semmexico\/wp-json\/wp\/v2\/posts\/32364","targetHints":{"allow":["GET"]}}],"collection":[{"href":"https:\/\/redsemlac.com\/semmexico\/wp-json\/wp\/v2\/posts"}],"about":[{"href":"https:\/\/redsemlac.com\/semmexico\/wp-json\/wp\/v2\/types\/post"}],"author":[{"embeddable":true,"href":"https:\/\/redsemlac.com\/semmexico\/wp-json\/wp\/v2\/users\/3"}],"replies":[{"embeddable":true,"href":"https:\/\/redsemlac.com\/semmexico\/wp-json\/wp\/v2\/comments?post=32364"}],"version-history":[{"count":0,"href":"https:\/\/redsemlac.com\/semmexico\/wp-json\/wp\/v2\/posts\/32364\/revisions"}],"wp:featuredmedia":[{"embeddable":true,"href":"https:\/\/redsemlac.com\/semmexico\/wp-json\/wp\/v2\/media\/30435"}],"wp:attachment":[{"href":"https:\/\/redsemlac.com\/semmexico\/wp-json\/wp\/v2\/media?parent=32364"}],"wp:term":[{"taxonomy":"category","embeddable":true,"href":"https:\/\/redsemlac.com\/semmexico\/wp-json\/wp\/v2\/categories?post=32364"},{"taxonomy":"post_tag","embeddable":true,"href":"https:\/\/redsemlac.com\/semmexico\/wp-json\/wp\/v2\/tags?post=32364"}],"curies":[{"name":"wp","href":"https:\/\/api.w.org\/{rel}","templated":true}]}}