{"id":32350,"date":"2021-02-26T17:41:23","date_gmt":"2021-02-26T17:41:23","guid":{"rendered":"https:\/\/redsemlac.com\/semmexico\/?p=32350"},"modified":"2023-07-21T16:50:48","modified_gmt":"2023-07-21T21:50:48","slug":"yolitzin-jaimes-rendon-interpuso-denuncia-penal-en-contra-de-quien-la-agredio-el-miercoles-en-iguala","status":"publish","type":"post","link":"https:\/\/redsemlac.com\/semmexico\/yolitzin-jaimes-rendon-interpuso-denuncia-penal-en-contra-de-quien-la-agredio-el-miercoles-en-iguala\/","title":{"rendered":"Yolitzin Jaimes Rend\u00f3n, interpuso denuncia penal en contra de quien la agredi\u00f3 el mi\u00e9rcoles en Iguala"},"content":{"rendered":"\n<p class=\"wp-block-paragraph\">Josefina Aguilar Pastor&nbsp;&nbsp;&nbsp;&nbsp;<\/p>\n\n\n\n<p class=\"wp-block-paragraph\">SemM\u00e9xico.Chilpancingo, Guerrero, 26&nbsp;de febrero de 2021. \u2013 Yolitzin Jaimes Rend\u00f3n, vocera de la colectiva \u201cun Agresor no ser a gobernador\u201d, interpuso este jueves, denuncia penal en contra de quien la agredi\u00f3 el mi\u00e9rcoles en Iguala, cuando protestaban en contra de la candidatura de F\u00e9lix Salgado Macedonio, \u201cde defensora de los derechos humanos de las mujeres y las ni\u00f1as, pase a ser una v\u00edctima m\u00e1s de este pa\u00eds\u201d, se\u00f1al\u00f3, y espera agreg\u00f3, no convertirse&nbsp;&nbsp;en una cifra m\u00e1s de desaparici\u00f3n forzada<\/p>\n\n\n\n<p class=\"wp-block-paragraph\">Al filo de las 4 de la tarde de este jueves, acompa\u00f1ada por la responsable del programa del mecanismo de protecci\u00f3n a defensoras de derechos humanos y periodistas en el estado de Guerrero, la activista acudi\u00f3 a las instalaciones de la delegaci\u00f3n de la Fiscal\u00eda General de la Rep\u00fablica (FGR), donde interpuso una denuncia v\u00eda penal.<\/p>\n\n\n\n<p class=\"wp-block-paragraph\">Esto, derivado de la agresi\u00f3n de que fue v\u00edctima de parte de Irma Gabriela Cortina Encarnaci\u00f3n, seguidora de F\u00e9lix Salgado Macedonio, aspirante al cargo de regidora para el ayuntamiento de Iguala, por Morena.<\/p>\n\n\n\n<p class=\"wp-block-paragraph\">La denuncia tambi\u00e9n fue interpuesta en contra de Zulma Carbajal Salgado, sobrina del candidato, quien fue se\u00f1alada por la activista, como la promotora de la agresi\u00f3n de que fue objeto, luego de que Cortina Encarnaci\u00f3n, es miembro del grupo de apoyo&nbsp;&nbsp;del morenista.<\/p>\n\n\n\n<p class=\"wp-block-paragraph\">Bajo un estricto acceso por parte del personal de la FGR, Jaimes Rend\u00f3n y negreaos a dichas instalaciones&nbsp;&nbsp;las 16:40 horas.<\/p>\n\n\n\n<p class=\"wp-block-paragraph\">Tras alrededor de cuatro horas y media de rendir\u00e9 declaraci\u00f3n, alrededor de las 20:30 horas, Jaimes Rend\u00f3n Sali\u00f3 de la FGR, donde estuvo acompa\u00f1ada de un abogada as\u00ed como de Mar\u00eda de Lourdes Mart\u00ednez Cisneros, responsable&nbsp;&nbsp;de la unidad Estatal de Protecci\u00f3n a Personas defensoras de Derechos Humanos y periodistas.<\/p>\n\n\n\n<p class=\"wp-block-paragraph\">En entrevista, Jaimes Rend\u00f3n se\u00f1alo que la agresi\u00f3n que sufri\u00f3 este mi\u00e9rcoles en Iguala es la realidad de este pa\u00eds, donde asesina, a 11 mujeres al d\u00eda, y aun as\u00ed, no pierden la esperanza de un cambio, y que nunca m\u00e1s sea sin nosotras\u201d.<\/p>\n\n\n\n<p class=\"wp-block-paragraph\">Coment\u00f3 que no podr\u00eda proporcionar m\u00e1s datos sobre el proceso iniciado, ante el riesgo de ponerlo en peligro as\u00ed como su propia integridad, al se\u00f1alar que no son tiempos f\u00e1ciles para las activistas en Guerrero.<\/p>\n\n\n\n<p class=\"wp-block-paragraph\">\u201cMis compa\u00f1eras que me acompa\u00f1an sabe que dure ah\u00ed 4 horas y media y no pase precisamente a lavarme la manos, estuve en un proceso, de defensora de los derechos humanos de las mujeres y las ni\u00f1as, pase a ser una v\u00edctima m\u00e1s de este pa\u00eds que esperemos no se convierta en una cifra m\u00e1s de desaparici\u00f3n forzada\u201d.<\/p>\n\n\n\n<p class=\"wp-block-paragraph\">A pesar de esta situaci\u00f3n, sostuvo que se mantienen en resistencia, al transcurrir el d\u00eda 47 de lucha.<\/p>\n\n\n\n<p class=\"wp-block-paragraph\">Espera dijo, que las investigaciones lleguen hasta las \u00faltimas consecuencias y tenga no solamente Yolitzin Jaimes Rend\u00f3n sino todas las mujeres de Guerrero y del pa\u00eds, acceso a la justicia, en un pa\u00eds donde el 99 por ciento de las carpetas por agresi\u00f3n sexual no son investigadas y quedan en la impunidad, nunca m\u00e1s un M\u00e9xico sin nosotras\u201d.&nbsp;<\/p>\n","protected":false},"excerpt":{"rendered":"<p>Josefina Aguilar Pastor&nbsp;&nbsp;&nbsp;&nbsp; SemM\u00e9xico.Chilpancingo, Guerrero, 26&nbsp;de febrero de 2021. \u2013 Yolitzin Jaimes Rend\u00f3n, vocera de la colectiva \u201cun Agresor no ser a gobernador\u201d, interpuso este jueves, denuncia penal en contra de quien la agredi\u00f3 el mi\u00e9rcoles en Iguala, cuando protestaban en contra de la candidatura de F\u00e9lix Salgado Macedonio, \u201cde defensora de los derechos humanos [&hellip;]<\/p>\n","protected":false},"author":3,"featured_media":32351,"comment_status":"open","ping_status":"open","sticky":false,"template":"","format":"standard","meta":{"_monsterinsights_skip_tracking":false,"footnotes":""},"categories":[692,54],"tags":[],"class_list":["post-32350","post","type-post","status-publish","format-standard","has-post-thumbnail","category-692","category-mujeres"],"_links":{"self":[{"href":"https:\/\/redsemlac.com\/semmexico\/wp-json\/wp\/v2\/posts\/32350","targetHints":{"allow":["GET"]}}],"collection":[{"href":"https:\/\/redsemlac.com\/semmexico\/wp-json\/wp\/v2\/posts"}],"about":[{"href":"https:\/\/redsemlac.com\/semmexico\/wp-json\/wp\/v2\/types\/post"}],"author":[{"embeddable":true,"href":"https:\/\/redsemlac.com\/semmexico\/wp-json\/wp\/v2\/users\/3"}],"replies":[{"embeddable":true,"href":"https:\/\/redsemlac.com\/semmexico\/wp-json\/wp\/v2\/comments?post=32350"}],"version-history":[{"count":0,"href":"https:\/\/redsemlac.com\/semmexico\/wp-json\/wp\/v2\/posts\/32350\/revisions"}],"wp:featuredmedia":[{"embeddable":true,"href":"https:\/\/redsemlac.com\/semmexico\/wp-json\/wp\/v2\/media\/32351"}],"wp:attachment":[{"href":"https:\/\/redsemlac.com\/semmexico\/wp-json\/wp\/v2\/media?parent=32350"}],"wp:term":[{"taxonomy":"category","embeddable":true,"href":"https:\/\/redsemlac.com\/semmexico\/wp-json\/wp\/v2\/categories?post=32350"},{"taxonomy":"post_tag","embeddable":true,"href":"https:\/\/redsemlac.com\/semmexico\/wp-json\/wp\/v2\/tags?post=32350"}],"curies":[{"name":"wp","href":"https:\/\/api.w.org\/{rel}","templated":true}]}}