{"id":32341,"date":"2021-02-26T17:33:44","date_gmt":"2021-02-26T17:33:44","guid":{"rendered":"https:\/\/redsemlac.com\/semmexico\/?p=32341"},"modified":"2023-07-21T16:50:48","modified_gmt":"2023-07-21T21:50:48","slug":"147-mil-menores-migrantes-crecen-sin-papeles-en-espana","status":"publish","type":"post","link":"https:\/\/redsemlac.com\/semmexico\/147-mil-menores-migrantes-crecen-sin-papeles-en-espana\/","title":{"rendered":"147 mil menores migrantes crecen sin papeles en Espa\u00f1a"},"content":{"rendered":"\n<p class=\"wp-block-paragraph\">Por&nbsp;<a href=\"https:\/\/amecopress.net\/Paula-Berzal\">Paula Berzal<\/a><\/p>\n\n\n\n<p class=\"wp-block-paragraph\">SemM\u00e9xico\/AmecoPress. Madrid, 26 feb. 2021. &#8211;\u00a0<em>Save the Children y la Fundaci\u00f3n Por Causa presentan su informe \u201cCrecer sin papeles en Espa\u00f1a\u201d. Ambas organizaciones han llevado a cabo un estudio que muestra la situaci\u00f3n irregular que viven ni\u00f1as y ni\u00f1os migrantes en Espa\u00f1a.<\/em><\/p>\n\n\n\n<p class=\"wp-block-paragraph\">De acuerdo con el informe realizado, el n\u00famero de menores migrantes en situaci\u00f3n irregular es de 147 mil ni\u00f1as y ni\u00f1os. Gonzalo Fanjul, coautor del an\u00e1lisis y director del \u00e1rea de Investigaci\u00f3n de la Fundaci\u00f3n Por Causa, apunta que la mitad de menores migrantes tienen menos de 10 a\u00f1os y un tercio m\u00e1s de quince. Adem\u00e1s, subraya que la mayor parte provienen de Am\u00e9rica Latina, especialmente de Colombia, Honduras y Venezuela.<\/p>\n\n\n\n<p class=\"wp-block-paragraph\">El coautor del informe \u201cCrecer sin papeles en Espa\u00f1a\u201d, insiste en la necesidad de crear medidas de regularizaci\u00f3n para hacer frente a esta situaci\u00f3n de extrema pobreza que viven las familias con ni\u00f1as y ni\u00f1os migrantes.<\/p>\n\n\n\n<p class=\"wp-block-paragraph\">Por otra parte, Andr\u00e9s Conde, director general de Save the Children, declara que el Estado Espa\u00f1ol debe garantizar la protecci\u00f3n de menores migrantes sometidos a una triple vulnerabilidad: como menor, migrante e irregular. \u00abViven con temor a ser identificados y que les deporten\u00bb, declara.<\/p>\n\n\n\n<figure class=\"wp-block-image\"><a href=\"https:\/\/amecopress.net\/IMG\/jpg\/eulrd7sxiaemqpu.jpg\"><img decoding=\"async\" src=\"https:\/\/amecopress.net\/local\/cache-vignettes\/L750xH600\/eulrd7sxiaemqpu-6edd6.jpg\" alt=\"JPEG\"\/><\/a><\/figure>\n\n\n\n<h3 class=\"wp-block-heading\">Un sistema educativo que a\u00edsla a menores migrantes<\/h3>\n\n\n\n<p class=\"wp-block-paragraph\">Entre las barreras que afectan a menores migrantes, cabe destacar las limitaciones educativas. Andr\u00e9s Conde, sostiene que la falta de documentaci\u00f3n les impide acceder a ex\u00e1menes oficiales, certificados acad\u00e9micos, educaci\u00f3n no obligatoria o la obtenci\u00f3n de becas.<\/p>\n\n\n\n<p class=\"wp-block-paragraph\">Jennifer Zuppiroli, coautora del informe y experta en infancia en movimiento de Save the Children, opina que la situaci\u00f3n de pobreza de las personas migrantes ha aumentado en el confinamiento: \u00bb no han podido acceder a herramientas electr\u00f3nicas para recibir una educaci\u00f3n de calidad\u00bb. El director general de Save the Children, a\u00f1ade que no solo existe la brecha digital, sino que tambi\u00e9n deben de hacer frente a las limitaciones de espacio: \u00absus viviendas son tan peque\u00f1as que no tienen un lugar donde estudiar\u00bb.<\/p>\n\n\n\n<h3 class=\"wp-block-heading\">Las personas migrantes viven situaciones econ\u00f3micas bastante precarias<\/h3>\n\n\n\n<p class=\"wp-block-paragraph\">En cuanto a la situaci\u00f3n laboral de las personas de nacionalidad extracomunitaria es importante destacar que los trabajos que desempe\u00f1an est\u00e1n poco valorados y el salario que reciben es muy bajo. Por ello, el informe hace hincapi\u00e9 en la inclusi\u00f3n socioecon\u00f3mica de personas migrantes en Espa\u00f1a.<\/p>\n\n\n\n<p class=\"wp-block-paragraph\">Para finalizar, Jennifer Zuppiroli reivindica la necesidad de convocar campa\u00f1as de sensibilizaci\u00f3n para informar a menores migrantes sobre las posibilidades de acceso en diversos entornos. \u00abRomper con las barreras racistas para garantizar la igualdad\u00bb, concluye.<\/p>\n\n\n\n<p class=\"wp-block-paragraph\">El informe en su totalidad est\u00e1 disponible en este&nbsp;<a href=\"https:\/\/bit.ly\/3usAIhC\"><strong>enlace<\/strong><\/a><\/p>\n","protected":false},"excerpt":{"rendered":"<p>Por&nbsp;Paula Berzal SemM\u00e9xico\/AmecoPress. Madrid, 26 feb. 2021. &#8211;\u00a0Save the Children y la Fundaci\u00f3n Por Causa presentan su informe \u201cCrecer sin papeles en Espa\u00f1a\u201d. Ambas organizaciones han llevado a cabo un estudio que muestra la situaci\u00f3n irregular que viven ni\u00f1as y ni\u00f1os migrantes en Espa\u00f1a. De acuerdo con el informe realizado, el n\u00famero de menores migrantes [&hellip;]<\/p>\n","protected":false},"author":3,"featured_media":32342,"comment_status":"open","ping_status":"open","sticky":false,"template":"","format":"standard","meta":{"_monsterinsights_skip_tracking":false,"footnotes":""},"categories":[692,53],"tags":[],"class_list":["post-32341","post","type-post","status-publish","format-standard","has-post-thumbnail","category-692","category-internacional"],"_links":{"self":[{"href":"https:\/\/redsemlac.com\/semmexico\/wp-json\/wp\/v2\/posts\/32341","targetHints":{"allow":["GET"]}}],"collection":[{"href":"https:\/\/redsemlac.com\/semmexico\/wp-json\/wp\/v2\/posts"}],"about":[{"href":"https:\/\/redsemlac.com\/semmexico\/wp-json\/wp\/v2\/types\/post"}],"author":[{"embeddable":true,"href":"https:\/\/redsemlac.com\/semmexico\/wp-json\/wp\/v2\/users\/3"}],"replies":[{"embeddable":true,"href":"https:\/\/redsemlac.com\/semmexico\/wp-json\/wp\/v2\/comments?post=32341"}],"version-history":[{"count":0,"href":"https:\/\/redsemlac.com\/semmexico\/wp-json\/wp\/v2\/posts\/32341\/revisions"}],"wp:featuredmedia":[{"embeddable":true,"href":"https:\/\/redsemlac.com\/semmexico\/wp-json\/wp\/v2\/media\/32342"}],"wp:attachment":[{"href":"https:\/\/redsemlac.com\/semmexico\/wp-json\/wp\/v2\/media?parent=32341"}],"wp:term":[{"taxonomy":"category","embeddable":true,"href":"https:\/\/redsemlac.com\/semmexico\/wp-json\/wp\/v2\/categories?post=32341"},{"taxonomy":"post_tag","embeddable":true,"href":"https:\/\/redsemlac.com\/semmexico\/wp-json\/wp\/v2\/tags?post=32341"}],"curies":[{"name":"wp","href":"https:\/\/api.w.org\/{rel}","templated":true}]}}