{"id":3234,"date":"2019-04-17T04:51:50","date_gmt":"2019-04-17T04:51:50","guid":{"rendered":"https:\/\/redsemlac.com\/semmexico\/?p=3234"},"modified":"2023-07-21T14:48:10","modified_gmt":"2023-07-21T19:48:10","slug":"especial-padres","status":"publish","type":"post","link":"https:\/\/redsemlac.com\/semmexico\/especial-padres\/","title":{"rendered":"Especial padres"},"content":{"rendered":"\n<p class=\"wp-block-paragraph\"> 6\u00a0% los hombres de 15 a 29 a\u00f1os que trabajan como asalariados se\u00f1alaron que tienen derecho a cuidados paternos como prestaci\u00f3n laboral<\/p>\n\n\n\n<figure class=\"wp-block-image\"><img decoding=\"async\" src=\"https:\/\/redsemlac.com\/semmexico\/wp-content\/uploads\/2019\/04\/5085_1-1024x534.png\" alt=\"\" class=\"wp-image-3240\"\/><\/figure>\n\n\n\n<h5 class=\"wp-block-heading\">Una quinta parte (19.2%) del tiempo dedicado al cuidado de ni\u00f1as y ni\u00f1os menores de 6 a\u00f1os (alimentar, asear, vestir, cargar y\/o acostar) al interior de los hogares es realizado por los hombres<\/h5>\n\n\n\n<p class=\"wp-block-paragraph\">SemM\u00e9xico. Cd.d e M\u00e9xico. 15 de junio de 2018.- Participaci\u00f3n de hombres en el trabajo dom\u00e9stico y de cuidados<\/p>\n\n\n\n<p class=\"wp-block-paragraph\"> \u00b7         Casi todos los hombres (95.3%) realizan trabajo dom\u00e9stico en sus hogares; pero dedican menos tiempo que las mujeres (9.7 horas semanales frente a 29.8) y no realizan las mismas actividades: solamente 6 de cada diez de ellos (58.2%) prepara o sirve alimentos, labor que realizan 93.3% de las mujeres; en contraste,  un tercio de los hombres (32.1%) efect\u00faa labores de mantenimiento, instalaci\u00f3n o reparaciones menores de la vivienda y bienes del hogar, y \u00fanicamente 6.9% de las mujeres las hacen.1<\/p>\n\n\n\n<p class=\"wp-block-paragraph\"> \u00b7         Una quinta parte (19.2%) del tiempo dedicado al cuidado de ni\u00f1as y ni\u00f1os menores de 6 a\u00f1os (alimentar, asear, vestir, cargar y\/o acostar) al interior de los hogares es realizado por los hombres; dicha proporci\u00f3n es menor en las \u00e1reas rurales (17.2%) que en las urbanas (19.9%).1<\/p>\n\n\n\n<p class=\"wp-block-paragraph\">  \u00b7         A mayor nivel de instrucci\u00f3n el tiempo que dedican los hombres al cuidado infantil se incrementa: 4.1 horas semanales en promedio para aquellos sin instrucci\u00f3n o que solo estudiaron la primaria, 5.1 si concluyeron la instrucci\u00f3n b\u00e1sica, 6.0 con educaci\u00f3n media superior y 6.5 con estudios de licenciatura o de posgrado. Pensi\u00f3n alimenticia<\/p>\n\n\n\n<p class=\"wp-block-paragraph\"> \u00b7         De 2013 a 2016 ocurrieron 485mil 895 divorcios, de los cuales, se otorgaron 263 mil 968 pensiones alimenticias que consideraban a las hijas e hijos como beneficiarios de la pensi\u00f3n:[a] la mitad (49.4%) correspondieron a los casos en que se asign\u00f3 a un hijo o hija; 36.5% cuando se asign\u00f3 a dos hijas o hijos, 11.8% para tres y 2.2% cuando fue para cuatro o m\u00e1s hijos(as).2<\/p>\n\n\n\n<p class=\"wp-block-paragraph\"> \u00b7         Seis de cada diez mujeres separadas o divorciadas (57.2%) no llegaron a un acuerdo econ\u00f3mico sobre la manutenci\u00f3n de sus hijas e hijos peque\u00f1os con su exesposo o pareja; 27.6% tuvo un acuerdo voluntario y 15.2% un acuerdo legal.3 <\/p>\n\n\n\n<p class=\"wp-block-paragraph\">\u00b7         De quienes s\u00ed llegaron un acuerdo, 58.9% se\u00f1al\u00f3 que su exesposo o pareja lo cumpl\u00eda siempre o casi siempre; 24.4% pocas veces lo cumpl\u00eda y 16.7% nunca cumpl\u00eda ese acuerdo.3 Corresponsabilidad<\/p>\n\n\n\n<p class=\"wp-block-paragraph\"> \u00b7         6% de los hombres de 15 a 29 a\u00f1os que trabajan como asalariados se\u00f1alaron que tienen derecho a cuidados paternos como prestaci\u00f3n laboral (aunque no la utilicen); cifra que se incrementa a 10.5% para aqu\u00e9llos que tienen de 30 a 49 a\u00f1os de edad.4<\/p>\n\n\n\n<p class=\"wp-block-paragraph\"> \u00b7         Desde 2012, la Ley Federal del Trabajo (que reglamenta el apartado A del art\u00edculo 123 constitucional), otorga a los trabajadores, como prestaci\u00f3n laboral, una licencia de paternidad de cinco d\u00edas laborables por el nacimiento o adopci\u00f3n de sus hijas e hijos.5 A partir de febrero de 2018, los servidores p\u00fablicos de la Administraci\u00f3n P\u00fablica Federal (regidos por el apartado B del mismo art\u00edculo constitucional), cuentan con dicha prestaci\u00f3n, denominada \u201cpermiso de paternidad\u201d.6 <\/p>\n\n\n\n<p class=\"wp-block-paragraph\">\u00b7         En 2016 la Suprema Corte de Justicia de la Naci\u00f3n (SCJN) reconoci\u00f3 tanto a mujeres como hombres su papel como cuidadores: todos los padres que trabajen formalmente y paguen sus cuotas de seguridad social, pueden demandar acceso a los servicios de guarder\u00eda del IMSS. <\/p>\n","protected":false},"excerpt":{"rendered":"<p>6\u00a0% los hombres de 15 a 29 a\u00f1os que trabajan como asalariados se\u00f1alaron que tienen derecho a cuidados paternos como prestaci\u00f3n laboral Una quinta parte (19.2%) del tiempo dedicado al cuidado de ni\u00f1as y ni\u00f1os menores de 6 a\u00f1os (alimentar, asear, vestir, cargar y\/o acostar) al interior de los hogares es realizado por los hombres [&hellip;]<\/p>\n","protected":false},"author":3,"featured_media":3240,"comment_status":"open","ping_status":"open","sticky":false,"template":"","format":"standard","meta":{"_monsterinsights_skip_tracking":false,"footnotes":""},"categories":[690,40],"tags":[],"class_list":["post-3234","post","type-post","status-publish","format-standard","has-post-thumbnail","category-690","category-especial-padres"],"_links":{"self":[{"href":"https:\/\/redsemlac.com\/semmexico\/wp-json\/wp\/v2\/posts\/3234","targetHints":{"allow":["GET"]}}],"collection":[{"href":"https:\/\/redsemlac.com\/semmexico\/wp-json\/wp\/v2\/posts"}],"about":[{"href":"https:\/\/redsemlac.com\/semmexico\/wp-json\/wp\/v2\/types\/post"}],"author":[{"embeddable":true,"href":"https:\/\/redsemlac.com\/semmexico\/wp-json\/wp\/v2\/users\/3"}],"replies":[{"embeddable":true,"href":"https:\/\/redsemlac.com\/semmexico\/wp-json\/wp\/v2\/comments?post=3234"}],"version-history":[{"count":0,"href":"https:\/\/redsemlac.com\/semmexico\/wp-json\/wp\/v2\/posts\/3234\/revisions"}],"wp:featuredmedia":[{"embeddable":true,"href":"https:\/\/redsemlac.com\/semmexico\/wp-json\/wp\/v2\/media\/3240"}],"wp:attachment":[{"href":"https:\/\/redsemlac.com\/semmexico\/wp-json\/wp\/v2\/media?parent=3234"}],"wp:term":[{"taxonomy":"category","embeddable":true,"href":"https:\/\/redsemlac.com\/semmexico\/wp-json\/wp\/v2\/categories?post=3234"},{"taxonomy":"post_tag","embeddable":true,"href":"https:\/\/redsemlac.com\/semmexico\/wp-json\/wp\/v2\/tags?post=3234"}],"curies":[{"name":"wp","href":"https:\/\/api.w.org\/{rel}","templated":true}]}}