{"id":32338,"date":"2021-02-26T17:31:35","date_gmt":"2021-02-26T17:31:35","guid":{"rendered":"https:\/\/redsemlac.com\/semmexico\/?p=32338"},"modified":"2023-07-21T16:50:48","modified_gmt":"2023-07-21T21:50:48","slug":"guerrero-ocupa-numero-12-en-feminicidios-debajo-de-la-media-nacional","status":"publish","type":"post","link":"https:\/\/redsemlac.com\/semmexico\/guerrero-ocupa-numero-12-en-feminicidios-debajo-de-la-media-nacional\/","title":{"rendered":"Guerrero ocupa n\u00famero 12 en feminicidios, debajo de la media nacional"},"content":{"rendered":"\n<p class=\"wp-block-paragraph\">Elda Montiel&nbsp;<\/p>\n\n\n\n<p class=\"wp-block-paragraph\">SemM\u00e9xico. Cd. de M\u00e9xico. 26 de febrero 2021.- De acuerdo con los datos de la Secretar\u00eda Ejecutiva del Sistema Nacional de Seguridad P\u00fablica, (SESNSP) el estado de Guerrero se ubica en el n\u00famero 12 en materia de los  delitos de feminicidios, por debajo de la media nacional, y en el n\u00famero 15 a nivel nacional en el delito de trata de personas.\u00a0<\/p>\n\n\n\n<p class=\"wp-block-paragraph\">Inform\u00f3 Maira Mart\u00ednez Pineda, secretaria de la Mujer, durante sesi\u00f3n de trabajo de la Mesa de Coordinaci\u00f3n para la Construcci\u00f3n de la Paz y en el marco del D\u00eda Naranja, que se celebra cada 25 de cada mes para actuar, generar conciencia y prevenir la violencia contra las mujeres y las ni\u00f1as.&nbsp;<\/p>\n\n\n\n<p class=\"wp-block-paragraph\">Respecto a la trata de personas, indic\u00f3 que por instrucciones del gobernador H\u00e9ctor Astudillo, se atiende este tema ante la modalidad de matrimonio forzado y venta de ni\u00f1as, principalmente en la regi\u00f3n de la monta\u00f1a.<\/p>\n\n\n\n<p class=\"wp-block-paragraph\">Por otra parte, la funcionaria mencion\u00f3 que los Centros de Atenci\u00f3n de la Mujer, al \u00faltimo corte 24 de febrero, registra 191 incidencias y atenciones en los municipios de Acapulco, Iguala, Pungarabato y en el Refugio para Mujeres V\u00edctimas de Violencia Extrema.\u00a0\u00a0<\/p>\n\n\n\n<p class=\"wp-block-paragraph\">Precis\u00f3 que la mayor parte de las incidencias de violencia son de tipo familiar, pues m\u00e1s del 40 por ciento de la violencia en contra de las mujeres y ni\u00f1as es dentro de los hogares, por lo que es necesario reforzar las campa\u00f1as de comunicaci\u00f3n y atenci\u00f3n.\u00a0<\/p>\n\n\n\n<p class=\"wp-block-paragraph\">El secretario de Seguridad P\u00fablica estatal, David Portillo Menchaca, detall\u00f3 que Guerrero registra una reducci\u00f3n en el delito de homicidio doloso del 23.42 por ciento en el mes de enero 2021, en comparaci\u00f3n con el mismo mes en los a\u00f1os de 2019 y 2020.&nbsp;<\/p>\n\n\n\n<p class=\"wp-block-paragraph\">Mart\u00ednez Pineda resalt\u00f3 que Guerrero es el \u00fanico estado en que se est\u00e1 trabajando en la Mesa de Coordinaci\u00f3n con los municipios, en respuesta al programa implementado por la Secretar\u00eda de Gobernaci\u00f3n.&nbsp;<\/p>\n","protected":false},"excerpt":{"rendered":"<p>Elda Montiel&nbsp; SemM\u00e9xico. Cd. de M\u00e9xico. 26 de febrero 2021.- De acuerdo con los datos de la Secretar\u00eda Ejecutiva del Sistema Nacional de Seguridad P\u00fablica, (SESNSP) el estado de Guerrero se ubica en el n\u00famero 12 en materia de los delitos de feminicidios, por debajo de la media nacional, y en el n\u00famero 15 a [&hellip;]<\/p>\n","protected":false},"author":3,"featured_media":32339,"comment_status":"open","ping_status":"open","sticky":false,"template":"","format":"standard","meta":{"_monsterinsights_skip_tracking":false,"footnotes":""},"categories":[692,51],"tags":[],"class_list":["post-32338","post","type-post","status-publish","format-standard","has-post-thumbnail","category-692","category-ejecutivo"],"_links":{"self":[{"href":"https:\/\/redsemlac.com\/semmexico\/wp-json\/wp\/v2\/posts\/32338","targetHints":{"allow":["GET"]}}],"collection":[{"href":"https:\/\/redsemlac.com\/semmexico\/wp-json\/wp\/v2\/posts"}],"about":[{"href":"https:\/\/redsemlac.com\/semmexico\/wp-json\/wp\/v2\/types\/post"}],"author":[{"embeddable":true,"href":"https:\/\/redsemlac.com\/semmexico\/wp-json\/wp\/v2\/users\/3"}],"replies":[{"embeddable":true,"href":"https:\/\/redsemlac.com\/semmexico\/wp-json\/wp\/v2\/comments?post=32338"}],"version-history":[{"count":0,"href":"https:\/\/redsemlac.com\/semmexico\/wp-json\/wp\/v2\/posts\/32338\/revisions"}],"wp:featuredmedia":[{"embeddable":true,"href":"https:\/\/redsemlac.com\/semmexico\/wp-json\/wp\/v2\/media\/32339"}],"wp:attachment":[{"href":"https:\/\/redsemlac.com\/semmexico\/wp-json\/wp\/v2\/media?parent=32338"}],"wp:term":[{"taxonomy":"category","embeddable":true,"href":"https:\/\/redsemlac.com\/semmexico\/wp-json\/wp\/v2\/categories?post=32338"},{"taxonomy":"post_tag","embeddable":true,"href":"https:\/\/redsemlac.com\/semmexico\/wp-json\/wp\/v2\/tags?post=32338"}],"curies":[{"name":"wp","href":"https:\/\/api.w.org\/{rel}","templated":true}]}}