{"id":32332,"date":"2021-02-26T17:14:19","date_gmt":"2021-02-26T17:14:19","guid":{"rendered":"https:\/\/redsemlac.com\/semmexico\/?p=32332"},"modified":"2023-07-21T16:50:48","modified_gmt":"2023-07-21T21:50:48","slug":"voto-de-mujeres-por-mayoria-en-lista-nominal-definira-gobernador-a-ine","status":"publish","type":"post","link":"https:\/\/redsemlac.com\/semmexico\/voto-de-mujeres-por-mayoria-en-lista-nominal-definira-gobernador-a-ine\/","title":{"rendered":"Voto de mujeres, por mayor\u00eda en lista nominal definir\u00e1 gobernador\/a: INE"},"content":{"rendered":"\n<p class=\"wp-block-paragraph\">Por Agencia CEPROVYSA.COM<\/p>\n\n\n\n<p class=\"wp-block-paragraph\">SemM\u00e9xico. Chilpancingo, Guerrero. Febrero 26-2021.- La Lista Nominal de Electores en Guerrero es de 2 millones 526 mil 071 Ciudadanos\/as, de las que 1 mill\u00f3n 326 mil 635 son mujeres y 1 mill\u00f3n 199 mil 436 varones, lo que permite deducir que son las mujeres las que decidir\u00e1n con su voto a las pr\u00f3ximas autoridades, entre ellos, a quien ser\u00e1 la o el Gobernador.<\/p>\n\n\n\n<p class=\"wp-block-paragraph\">Los datos que refiere la Junta Local Ejecutiva del INE, en el corte al 31 de de enero del a\u00f1o en curso fueron presentadas ante el IEPC-GRO, como parte del Informe estad\u00edstico de Ciudadanos\/as que integran el Padr\u00f3n Electoral y la Lista Nominal.<\/p>\n\n\n\n<p class=\"wp-block-paragraph\">En el documento se\u00f1ala que el padr\u00f3n Electoral en Guerrero est\u00e1 conformado por 2 millones 571 mil 668 Ciudadanos\/as, de los que 1 mill\u00f3n 349 mil 870 son mujeres y 1 mill\u00f3n 221 mil 798 varones.<\/p>\n\n\n\n<p class=\"wp-block-paragraph\">Explica el documento que el padr\u00f3n Electoral es la base de datos integrada por Poblaci\u00f3n que solicit\u00f3 su credencial para votar.<\/p>\n\n\n\n<p class=\"wp-block-paragraph\">En tanto, el INE indica que la lista Nominal contiene nombre y foto de la Ciudadan\u00eda que ya cuenta con credencial vigente para votar y que es el listado usado en las casillas el d\u00eda de las elecciones, participando s\u00f3lo quienes ah\u00ed aparecen inscritos.<\/p>\n\n\n\n<p class=\"wp-block-paragraph\">El Instituto Electoral y de Participaci\u00f3n Ciudadana de Guerrero di\u00f3 a conocer la informaci\u00f3n en su Sesi\u00f3n.<\/p>\n","protected":false},"excerpt":{"rendered":"<p>Por Agencia CEPROVYSA.COM SemM\u00e9xico. Chilpancingo, Guerrero. Febrero 26-2021.- La Lista Nominal de Electores en Guerrero es de 2 millones 526 mil 071 Ciudadanos\/as, de las que 1 mill\u00f3n 326 mil 635 son mujeres y 1 mill\u00f3n 199 mil 436 varones, lo que permite deducir que son las mujeres las que decidir\u00e1n con su voto a [&hellip;]<\/p>\n","protected":false},"author":3,"featured_media":32333,"comment_status":"open","ping_status":"open","sticky":false,"template":"","format":"standard","meta":{"_monsterinsights_skip_tracking":false,"footnotes":""},"categories":[692,141],"tags":[],"class_list":["post-32332","post","type-post","status-publish","format-standard","has-post-thumbnail","category-692","category-elecciones-2020-2021"],"_links":{"self":[{"href":"https:\/\/redsemlac.com\/semmexico\/wp-json\/wp\/v2\/posts\/32332","targetHints":{"allow":["GET"]}}],"collection":[{"href":"https:\/\/redsemlac.com\/semmexico\/wp-json\/wp\/v2\/posts"}],"about":[{"href":"https:\/\/redsemlac.com\/semmexico\/wp-json\/wp\/v2\/types\/post"}],"author":[{"embeddable":true,"href":"https:\/\/redsemlac.com\/semmexico\/wp-json\/wp\/v2\/users\/3"}],"replies":[{"embeddable":true,"href":"https:\/\/redsemlac.com\/semmexico\/wp-json\/wp\/v2\/comments?post=32332"}],"version-history":[{"count":0,"href":"https:\/\/redsemlac.com\/semmexico\/wp-json\/wp\/v2\/posts\/32332\/revisions"}],"wp:featuredmedia":[{"embeddable":true,"href":"https:\/\/redsemlac.com\/semmexico\/wp-json\/wp\/v2\/media\/32333"}],"wp:attachment":[{"href":"https:\/\/redsemlac.com\/semmexico\/wp-json\/wp\/v2\/media?parent=32332"}],"wp:term":[{"taxonomy":"category","embeddable":true,"href":"https:\/\/redsemlac.com\/semmexico\/wp-json\/wp\/v2\/categories?post=32332"},{"taxonomy":"post_tag","embeddable":true,"href":"https:\/\/redsemlac.com\/semmexico\/wp-json\/wp\/v2\/tags?post=32332"}],"curies":[{"name":"wp","href":"https:\/\/api.w.org\/{rel}","templated":true}]}}