{"id":32328,"date":"2021-02-26T00:23:18","date_gmt":"2021-02-26T00:23:18","guid":{"rendered":"https:\/\/redsemlac.com\/semmexico\/?p=32328"},"modified":"2023-07-21T16:50:48","modified_gmt":"2023-07-21T21:50:48","slug":"quienes-imparten-justicia-en-mexico-nos-hacen-sentir-vulnerables-intimidadas-maru-sobreviviente-de-violencia","status":"publish","type":"post","link":"https:\/\/redsemlac.com\/semmexico\/quienes-imparten-justicia-en-mexico-nos-hacen-sentir-vulnerables-intimidadas-maru-sobreviviente-de-violencia\/","title":{"rendered":"Quienes imparten justicia en M\u00e9xico nos hacen sentir vulnerables, intimidadas: Maru, sobreviviente de violencia"},"content":{"rendered":"\n<p class=\"wp-block-paragraph\">Ana Alicia Osorio<\/p>\n\n\n\n<p class=\"wp-block-paragraph\">SemM\u00e9xico\/Testigo P\u00farpura. 25 de febrero de 2021.- Hace cuatro a\u00f1os<strong>\u00a0<a href=\"https:\/\/testigopurpura.com\/2018\/01\/16\/sobrevivir-a-un-feminicidio\/\" rel=\"noreferrer noopener\" target=\"_blank\">Maru sobrevivi\u00f3 a 7 pu\u00f1aladas<\/a><\/strong>\u00a0que le dio su expareja. Ahora<strong>\u00a0intenta sobrevivir a los malos tratos, tr\u00e1fico de influencias, revictimizaci\u00f3n e intimidaciones que le dan en el juzgado.\u00a0<\/strong><\/p>\n\n\n\n<p class=\"wp-block-paragraph\">Las autoridades encargadas de procurar justicia se han unido para ser parte de sus agresores, con quienes ha tenido que lidiar por la lucha para obtener sus derechos.&nbsp;<\/p>\n\n\n\n<p class=\"wp-block-paragraph\">Maru lleva dos procesos en paralelo:&nbsp;<strong>el penal donde aun no le han dado sentencia a su agresor<\/strong>, quien est\u00e1 en prisi\u00f3n domiciliaria en su casa; y&nbsp;<strong>el civil, donde pelea por la custodia y la pensi\u00f3n alimenticia<\/strong>&nbsp;del hijo que tuvo con su expareja.&nbsp;<\/p>\n\n\n\n<p class=\"wp-block-paragraph\">En ambos procesos se ha encontrado con problemas que&nbsp;<strong>la revictimizan una y otra vez&nbsp;<\/strong>y no le permiten recuperar la paz que perdi\u00f3 el d\u00eda que fue agredida afuera de su trabajo.&nbsp;<\/p>\n\n\n\n<p class=\"wp-block-paragraph\">\u201cNo puedo dormir por las&nbsp; noches, tengo demasiada ansiedad, he sufrido literalmente el acoso en el juzgado, cualquier documento que estemos leyendo se para el secretario u otra persona y empiezan a dar vueltas para ver qu\u00e9 estamos leyendo\u201d, cont\u00f3.&nbsp;<\/p>\n\n\n\n<p class=\"wp-block-paragraph\">Maru dijo que en el proceso civil por y la custodia (que a\u00fan no le han quitado por completo a su agresor) y la pensi\u00f3n para su hijo enfrentan que&nbsp;<strong>la abogada de su agresor y su familia es tambi\u00e9n sobrina de la presidenta del Tribunal de Justicia del Estado de Veracruz<\/strong>, por lo que tiene un trato especial; mientras que la mam\u00e1 de su agresor es actuaria del Poder Judicial Federal. &nbsp;<\/p>\n\n\n\n<p class=\"wp-block-paragraph\">Dijo que all\u00ed en una ocasi\u00f3n<strong>&nbsp;le preguntaron la raz\u00f3n por la cual la intentaron asesinar<\/strong>&nbsp;(un acto de revictimizaci\u00f3n) y aunque su abogada intent\u00f3 que eso no quedara en el acta,&nbsp;<strong>el juez lo permiti\u00f3<\/strong>. Ella tuvo un ataque de ansiedad en pleno juzgado por el estr\u00e9s postraum\u00e1tico con el que vive.&nbsp;<\/p>\n\n\n\n<p class=\"wp-block-paragraph\">Aunque pidi\u00f3 el cambio del juez (el octavo) y actualmente se radica en el juzgado 14, el problema contin\u00faa y&nbsp;<strong>las preguntas, el acoso, el retrasarle los tr\u00e1mites, el no tomar en cuenta los documentos que ella entrega o iniciar expedito procesos pedidos por la otra parte, son cosa de todos los d\u00edas.&nbsp;<\/strong><\/p>\n\n\n\n<p class=\"wp-block-paragraph\">\u201cAgarraron la credencial de elector y fueron y se las ense\u00f1aron a otras personas, al mismo juez y estuvieron comentando la direcci\u00f3n de mi abogada\u201d, indic\u00f3.&nbsp;<\/p>\n\n\n\n<p class=\"wp-block-paragraph\">Dijo que ha recorrido una y otra vez las instancias como derechos humanos, amparos, cambios de jueces, entre muchas otras, pero con ninguna ha logrado soluci\u00f3n.&nbsp;<\/p>\n\n\n\n<p class=\"wp-block-paragraph\">De acuerdo con el C\u00f3digo Penal de Veracruz una persona que haya ejercido violencia familiar perder\u00e1 la patria potestad de sus hijos, sin embargo pese a ello hasta el momento el agresor de Maru la sigue teniendo y el caso no se ha cerrado por completo.&nbsp;<\/p>\n\n\n\n<p class=\"wp-block-paragraph\">\u201cNos hacen sentir vulnerables, intimidadas, por el hecho de que se supone que la ley est\u00e1 para protegernos, para cuidarnos, pero&nbsp;dime c\u00f3mo podemos pelear en contra del sistema\u201d, indic\u00f3 Maru.&nbsp;<\/p>\n","protected":false},"excerpt":{"rendered":"<p>Ana Alicia Osorio SemM\u00e9xico\/Testigo P\u00farpura. 25 de febrero de 2021.- Hace cuatro a\u00f1os\u00a0Maru sobrevivi\u00f3 a 7 pu\u00f1aladas\u00a0que le dio su expareja. Ahora\u00a0intenta sobrevivir a los malos tratos, tr\u00e1fico de influencias, revictimizaci\u00f3n e intimidaciones que le dan en el juzgado.\u00a0 Las autoridades encargadas de procurar justicia se han unido para ser parte de sus agresores, con [&hellip;]<\/p>\n","protected":false},"author":3,"featured_media":32329,"comment_status":"open","ping_status":"open","sticky":false,"template":"","format":"standard","meta":{"_monsterinsights_skip_tracking":false,"footnotes":""},"categories":[692,47],"tags":[],"class_list":["post-32328","post","type-post","status-publish","format-standard","has-post-thumbnail","category-692","category-no-mas-impunidad"],"_links":{"self":[{"href":"https:\/\/redsemlac.com\/semmexico\/wp-json\/wp\/v2\/posts\/32328","targetHints":{"allow":["GET"]}}],"collection":[{"href":"https:\/\/redsemlac.com\/semmexico\/wp-json\/wp\/v2\/posts"}],"about":[{"href":"https:\/\/redsemlac.com\/semmexico\/wp-json\/wp\/v2\/types\/post"}],"author":[{"embeddable":true,"href":"https:\/\/redsemlac.com\/semmexico\/wp-json\/wp\/v2\/users\/3"}],"replies":[{"embeddable":true,"href":"https:\/\/redsemlac.com\/semmexico\/wp-json\/wp\/v2\/comments?post=32328"}],"version-history":[{"count":0,"href":"https:\/\/redsemlac.com\/semmexico\/wp-json\/wp\/v2\/posts\/32328\/revisions"}],"wp:featuredmedia":[{"embeddable":true,"href":"https:\/\/redsemlac.com\/semmexico\/wp-json\/wp\/v2\/media\/32329"}],"wp:attachment":[{"href":"https:\/\/redsemlac.com\/semmexico\/wp-json\/wp\/v2\/media?parent=32328"}],"wp:term":[{"taxonomy":"category","embeddable":true,"href":"https:\/\/redsemlac.com\/semmexico\/wp-json\/wp\/v2\/categories?post=32328"},{"taxonomy":"post_tag","embeddable":true,"href":"https:\/\/redsemlac.com\/semmexico\/wp-json\/wp\/v2\/tags?post=32328"}],"curies":[{"name":"wp","href":"https:\/\/api.w.org\/{rel}","templated":true}]}}