{"id":32320,"date":"2021-02-25T20:09:29","date_gmt":"2021-02-25T20:09:29","guid":{"rendered":"https:\/\/redsemlac.com\/semmexico\/?p=32320"},"modified":"2023-07-21T16:50:49","modified_gmt":"2023-07-21T21:50:49","slug":"condenan-prd-y-sociedad-civil-la-agresion-a-yolitzin-jaimes-en-iguala","status":"publish","type":"post","link":"https:\/\/redsemlac.com\/semmexico\/condenan-prd-y-sociedad-civil-la-agresion-a-yolitzin-jaimes-en-iguala\/","title":{"rendered":"Condenan PRD y sociedad civil la agresi\u00f3n a Yolitzin Jaimes en Iguala"},"content":{"rendered":"\n<ul class=\"wp-block-list\"><li>Es un atentado contra la integridad, dignidad y libertad de todas las guerrerenses<\/li><li>Demandan a las autoridades se investigue y sancione a quienes cometieron esos reprobables actos<\/li><\/ul>\n\n\n\n<p class=\"wp-block-paragraph\">Elda Montiel<\/p>\n\n\n\n<p class=\"wp-block-paragraph\">SemM\u00e9xico, Cd. de M\u00e9xico, 25 de febrero, 2021.- Un en\u00e9rgico llamado a las autoridades electorales para vigilar el desarrollo del proceso electoral del estado de Guerrero y garantizar la participaci\u00f3n de manera activa, libre y segura de las mujeres realiz\u00f3 la Secretar\u00eda de Igualdad de G\u00e9nero de la Direcci\u00f3n Estatal Ejecutiva del PRD en el estado de Guerrero.<\/p>\n\n\n\n<p class=\"wp-block-paragraph\">En tanto&nbsp;que la Red para el Avance Pol\u00edtico de las Mujeres Guerrerenses condenaron la violencia ejercida contra la feminista y defensora de los derechos humanos de las mujeres, Yolitzin Jaimes Rend\u00f3n y las integrantes de la Colectiva Nacional \u201cNing\u00fan Agresor al Poder\u201d.<\/p>\n\n\n\n<p class=\"wp-block-paragraph\">El PRD calific\u00f3 a Yolitzin Jaimes, como una incansable luchadora por hacer valer los derechos de las mujeres en la entidad, quien fue agredida por una mujer vinculada a un grupo de simpatizantes del candidato de Morena, F\u00e9lix Salgado Macedonio.&nbsp;<\/p>\n\n\n\n<p class=\"wp-block-paragraph\">La agresi\u00f3n que se dio en Iguala, es calificada como un atentado contra la integridad, dignidad y libertad de todas las guerrerenses.&nbsp;<\/p>\n\n\n\n<p class=\"wp-block-paragraph\">Consideran que este tipo de actos ha ensuciado y entenebrecido el proceso electoral y rechazan este tipo de acontecimientos.<\/p>\n\n\n\n<p class=\"wp-block-paragraph\">Desde el PRD estatal y la secretaria de Derechos Humanos y Diversidad Sexual hacen un llamado de sororidad a las mujeres guerrerenses.<\/p>\n\n\n\n<p class=\"wp-block-paragraph\">Es imprescindible que se conjugue una alianza entre mujeres, como un hermanamiento real y palpable que les permita cambiar (de una vez y para siempre) la situaci\u00f3n de inseguridad y violencia tan \u00e1lgida que nos acosa.&nbsp;<\/p>\n\n\n\n<p class=\"wp-block-paragraph\">A su vez la Red para el Avance Pol\u00edtico de las Mujeres Guerrerenses se\u00f1ala que los&nbsp;&nbsp;actos violentos que sufrieron las j\u00f3venes feministas que ejerc\u00edan su leg\u00edtimo derecho a la protesta, constituyen una grave violaci\u00f3n a los derechos civiles y pol\u00edticos de las guerrerenses, no solamente por el hecho de ser mujeres, sino porque acallar violentamente una protesta pac\u00edfica del movimiento feminista representa un mensaje a todas las ciudadanas de Guerrero que tiene por objeto menoscabar y anular el ejercicio pleno de nuestros derechos civiles y pol\u00edticos.<\/p>\n\n\n\n<p class=\"wp-block-paragraph\">Exigieron que apegados a la normatividad nacional se investiguen y sancionen los reprobables actos de violencia cometidos contra activistas feministas y defensoras de los derechos humanos y garanticen medidas cautelares y de protecci\u00f3n a las v\u00edctimas. As\u00ed mismo, nos sumamos a la exigencia para que la C\u00e1mara de Diputados retire el fuero a F\u00e9lix Salgado Macedonio para que enfrente la justicia por los delitos sexuales que se le imputan.<\/p>\n\n\n\n<p class=\"wp-block-paragraph\">La Red para el Avance Pol\u00edtico de las Mujeres Guerrerenses, se une al llamado a Morena de retirar el registro de la candidatura de F\u00e9lix Salgado Macedonio a la gubernatura del estado de Guerrero, pues los hechos de violencia perpetrados por sus seguidoras y seguidores contra activistas feministas y defensoras de derechos humanos, confirman el elevado riesgo que representa su candidatura para la vida y la libertad de las ciudadanas guerrerenses y de perpetuar la comisi\u00f3n de violaciones a los derechos humanos de ni las mujeres desde el aparato del Estado.<\/p>\n\n\n\n<p class=\"wp-block-paragraph\">SEM\/em\/sj<\/p>\n","protected":false},"excerpt":{"rendered":"<p>Es un atentado contra la integridad, dignidad y libertad de todas las guerrerenses Demandan a las autoridades se investigue y sancione a quienes cometieron esos reprobables actos Elda Montiel SemM\u00e9xico, Cd. de M\u00e9xico, 25 de febrero, 2021.- Un en\u00e9rgico llamado a las autoridades electorales para vigilar el desarrollo del proceso electoral del estado de Guerrero [&hellip;]<\/p>\n","protected":false},"author":3,"featured_media":32321,"comment_status":"open","ping_status":"open","sticky":false,"template":"","format":"standard","meta":{"_monsterinsights_skip_tracking":false,"footnotes":""},"categories":[692,54],"tags":[],"class_list":["post-32320","post","type-post","status-publish","format-standard","has-post-thumbnail","category-692","category-mujeres"],"_links":{"self":[{"href":"https:\/\/redsemlac.com\/semmexico\/wp-json\/wp\/v2\/posts\/32320","targetHints":{"allow":["GET"]}}],"collection":[{"href":"https:\/\/redsemlac.com\/semmexico\/wp-json\/wp\/v2\/posts"}],"about":[{"href":"https:\/\/redsemlac.com\/semmexico\/wp-json\/wp\/v2\/types\/post"}],"author":[{"embeddable":true,"href":"https:\/\/redsemlac.com\/semmexico\/wp-json\/wp\/v2\/users\/3"}],"replies":[{"embeddable":true,"href":"https:\/\/redsemlac.com\/semmexico\/wp-json\/wp\/v2\/comments?post=32320"}],"version-history":[{"count":0,"href":"https:\/\/redsemlac.com\/semmexico\/wp-json\/wp\/v2\/posts\/32320\/revisions"}],"wp:featuredmedia":[{"embeddable":true,"href":"https:\/\/redsemlac.com\/semmexico\/wp-json\/wp\/v2\/media\/32321"}],"wp:attachment":[{"href":"https:\/\/redsemlac.com\/semmexico\/wp-json\/wp\/v2\/media?parent=32320"}],"wp:term":[{"taxonomy":"category","embeddable":true,"href":"https:\/\/redsemlac.com\/semmexico\/wp-json\/wp\/v2\/categories?post=32320"},{"taxonomy":"post_tag","embeddable":true,"href":"https:\/\/redsemlac.com\/semmexico\/wp-json\/wp\/v2\/tags?post=32320"}],"curies":[{"name":"wp","href":"https:\/\/api.w.org\/{rel}","templated":true}]}}